{"id":1381,"date":"2012-12-14T17:12:20","date_gmt":"2012-12-14T17:12:20","guid":{"rendered":"https:\/\/hostsharing.gallehr.de\/?p=1381"},"modified":"2021-07-02T10:45:17","modified_gmt":"2021-07-02T08:45:17","slug":"30-06-2012-ausschlussfrist-fur-beantragung-besar-nach-eeg-zeitplan-zur-erreichung-einer-iso50001-erstzertifizierung","status":"publish","type":"post","link":"https:\/\/gallehr.flei.dev\/de\/30-06-2012-ausschlussfrist-fur-beantragung-besar-nach-eeg-zeitplan-zur-erreichung-einer-iso50001-erstzertifizierung\/","title":{"rendered":"30.06.2012 Ausschlussfrist f\u00fcr Beantragung BesAR nach EEG: Zeitplan zur Erreichung einer ISO50001 Erstzertifizierung"},"content":{"rendered":"<p>Wenn ein Unternehmen des produzierenden Gewerbes (UdPG) mit einem Stromverbrauch von mehr als 10GWh\/a und Energiekosten gr\u00f6\u00dfer 14% der Bruttowertsch\u00f6pfung f\u00fcr das Jahr 2013 die Besondere Ausgleichsregelung nach \u00a7\u00a7 40 ff. EEG in Anspruch nehmen m\u00f6chte, muss es bis zum Stichtag 30.06.2013 ein ISO50001 Zertifizierungs-Testat in den H\u00e4nden halten, oder eine g\u00fcltige EMAS Registrierung besitzen.<br \/>\nGrunds\u00e4tzlich ist es jetzt, Ende Dezember 2012, schon sehr sp\u00e4t, um mit der Implementierung eines Energiemanagemesystems zu beginnen, wenn die Erstzertifizierung erreicht werden soll.<br \/>\nDer <a title=\"GALLEHR+PARTNER Infobrief Energiemanagement 04-2012\" href=\"https:\/\/gallehr.flei.dev\/?wpfb_dl=89\">hier kostenlos bereitgestellte GALLEHR+PARTNER Infobrief Energiemanagement 04-2012<\/a> diskutiert auf Basis von eigenen Erfahrungen und Gespr\u00e4chen mit den Umweltgutachtern der KPMG Cert\u00a0 den Zeitplan, um diese Herausforderungen nach dem EEG f\u00fcr einen Standort zu erf\u00fcllen.<\/p>\n<p>Read more in the <a title=\"GALLEHR+PARTNER Newsletter Energy Management 04-2012\" href=\"https:\/\/gallehr.flei.dev\/?wpfb_dl=89\">GALLEHR+PARTNER Newsletter Energy Management 04-2012<\/a><\/p>\n","protected":false},"excerpt":{"rendered":"<p>Wenn ein Unternehmen des produzierenden Gewerbes (UdPG) mit einem Stromverbrauch von mehr als 10GWh\/a und Energiekosten gr\u00f6\u00dfer 14% der Bruttowertsch\u00f6pfung [&hellip;]<\/p>\n","protected":false},"author":2,"featured_media":0,"comment_status":"closed","ping_status":"closed","sticky":false,"template":"","format":"standard","meta":{"footnotes":""},"categories":[180,178],"tags":[],"class_list":["post-1381","post","type-post","status-publish","format-standard","hentry","category-news","category-archiv"],"_links":{"self":[{"href":"https:\/\/gallehr.flei.dev\/de\/wp-json\/wp\/v2\/posts\/1381","targetHints":{"allow":["GET"]}}],"collection":[{"href":"https:\/\/gallehr.flei.dev\/de\/wp-json\/wp\/v2\/posts"}],"about":[{"href":"https:\/\/gallehr.flei.dev\/de\/wp-json\/wp\/v2\/types\/post"}],"author":[{"embeddable":true,"href":"https:\/\/gallehr.flei.dev\/de\/wp-json\/wp\/v2\/users\/2"}],"replies":[{"embeddable":true,"href":"https:\/\/gallehr.flei.dev\/de\/wp-json\/wp\/v2\/comments?post=1381"}],"version-history":[{"count":0,"href":"https:\/\/gallehr.flei.dev\/de\/wp-json\/wp\/v2\/posts\/1381\/revisions"}],"wp:attachment":[{"href":"https:\/\/gallehr.flei.dev\/de\/wp-json\/wp\/v2\/media?parent=1381"}],"wp:term":[{"taxonomy":"category","embeddable":true,"href":"https:\/\/gallehr.flei.dev\/de\/wp-json\/wp\/v2\/categories?post=1381"},{"taxonomy":"post_tag","embeddable":true,"href":"https:\/\/gallehr.flei.dev\/de\/wp-json\/wp\/v2\/tags?post=1381"}],"curies":[{"name":"wp","href":"https:\/\/api.w.org\/{rel}","templated":true}]}}