{"id":1407,"date":"2013-09-06T15:33:36","date_gmt":"2013-09-06T15:33:36","guid":{"rendered":"https:\/\/hostsharing.gallehr.de\/?p=1407"},"modified":"2021-07-02T10:46:40","modified_gmt":"2021-07-02T08:46:40","slug":"eu-veroffentlicht-kurzung-des-ccf-um-1159","status":"publish","type":"post","link":"https:\/\/gallehr.flei.dev\/de\/eu-veroffentlicht-kurzung-des-ccf-um-1159\/","title":{"rendered":"EU Ver\u00f6ffentlicht K\u00fcrzung der kostenlosen Zuteilung f\u00fcr 2013-2020 um durchschnittlich 11,59%"},"content":{"rendered":"<p>Gestern hat die Europ\u00e4ische Kommission mit ca. 1 Jahr Versp\u00e4tung den j\u00e4hrlichen Cross-sectoral correction factor (CCF) zur Zuteilung von kostenlosen Emissionsberechtigungen im Europ\u00e4ischen Treibhausgas Emissionshandelssystem <a href=\"https:\/\/ec.europa.eu\/clima\/policies\/ets\/cap\/allocation\/docs\/20130905_nim_en.pdf\" target=\"_blank\" rel=\"noopener\">ver\u00f6ffentlicht<\/a>. Der CCF ist ein K\u00fcrzungsfaktor, der die in der <a title=\"DEHSt. Anlagenliste\" href=\"https:\/\/www.dehst.de\/DE\/Teilnehmer\/Anlagenbetreiber\/Zuteilung-2013-2020\/Anlagenliste\/anlagenliste_node.html\" target=\"_blank\" rel=\"noopener\">Anlagen-Liste<\/a> ver\u00f6ffentlichte &#8222;<a title=\"NIMs Liste 2012\" href=\"https:\/\/www.dehst.de\/SharedDocs\/Downloads\/DE\/Zuteilung_2013-2020\/Anlagenliste_2013-2020\/Anlagenliste_Stand_05_2012.pdf;jsessionid=D2E688BBE60747DE751EE682BFB7E381.2_cid284?__blob=publicationFile\" target=\"_blank\" rel=\"noopener\">vorl\u00e4ufige Zuteilung<\/a>&#8220; der Deutschen Anlagenbetreiber reduziert.<br \/>\nDer durchschnittliche CCF betr\u00e4gt 88,41%, das entspricht einer K\u00fcrzung der &#8222;vorl\u00e4ufige Zuteilung&#8220; um 11,59%.<\/p>\n<p>Die j\u00e4hrlichen K\u00fcrzungen finden Sie in der nachfolgenden Tabelle:<\/p>\n<p><strong>Jahr\u00a0\u00a0 CCF\u00a0\u00a0 \u00a0 K\u00fcrzung um<\/strong><br \/>\n2013\u00a0\u00a0 \u00a094,27%\u00a0\u00a0 \u00a05,73%<br \/>\n2014\u00a0\u00a0 \u00a092,63%\u00a0\u00a0 \u00a07,37%<br \/>\n2015\u00a0\u00a0 \u00a090,98%\u00a0\u00a0 \u00a09,02%<br \/>\n2016\u00a0\u00a0 \u00a089,30%\u00a0\u00a0 \u00a010,70%<br \/>\n2017\u00a0\u00a0 \u00a087,61%\u00a0\u00a0 \u00a012,39%<br \/>\n2018\u00a0\u00a0 \u00a085,90%\u00a0\u00a0 \u00a014,10%<br \/>\n2019\u00a0\u00a0 \u00a084,17%\u00a0\u00a0 \u00a015,83%<br \/>\n<span style=\"text-decoration: underline;\">2020\u00a0\u00a0 \u00a082,44%\u00a0\u00a0 \u00a017,56%<\/span><br \/>\n<strong>\u00d8\u00a0\u00a0\u00a0\u00a0\u00a0 88,41%\u00a0 11,59%<\/strong><br \/>\nAusgenommen von dieser Reduktion sind Zuteilungsmengen, bei denen schon der lineare K\u00fcrzungsfaktor angewendet wurde.<\/p>\n<p>Nur bei den deutschen und tschechischen Listen der vorl\u00e4ufigen Zuteilungen (NIMS-Liste) hatte die EU Beanstandungen.<br \/>\nFolgende Beanstandungen der vorl\u00e4ufigen Zuteilungen wurde f\u00fcr deutsche Betreiber ver\u00f6ffentlicht:<\/p>\n<ul>\n<li>7 deutsche H\u00e4rtefallantr\u00e4ge wurden abgewiesen (Deutschland war das einzige Land, das die H\u00e4rtefallregelung gesetzlich integrierte)<\/li>\n<li>5 deutsche Zuteilungen in dem Produkt Zuteilungselement Hei\u00dfmetall (hot metal) wurden abgewiesen.<\/li>\n<li>2 deutsche Zuteilungen f\u00fcr die Herstellung von Zink in dem Zuteilungselement Prozessemissionen<\/li>\n<li>deutsche Betreiber von Anlagen zur Herstellung von Polymern (producing polymers, in particular S-PVC and E-PVC, and vinyl chloride monomer (VCM)) sind abweichend von der Auffassung des deutschen Gesetzgebers doch vom Emissionshandel betroffen. Die Reaktion der DEHSt ist derzeit noch unklar. Evtl. d\u00fcrfen bzw. m\u00fcssen in diesen F\u00e4llen Zuteilungsantr\u00e4ge nachgereicht werden.<\/li>\n<li>Wegen des Einbezugs der im letzten Punkt genannten betroffenen Anlagen in den Emissionshandel m\u00fcssen 5 deutsche Betreiber wegen ihres W\u00e4rmeexports an diese Anlagen aus Sicht der EU ihre Zuteilungsantr\u00e4ge neu erstellen bzw. anpassen.<\/li>\n<\/ul>\n<p>Die EU wird \u00c4nderungen von Zuteilungsantr\u00e4gen nicht beanstanden, soweit sie den EU-weiten Regelungen entsprechen.<\/p>\n<p><strong>Year \u00a0\u00a0 CCF \u00a0 \u00a0 cut of<\/strong><br \/>\n2013\u00a0\u00a0 \u00a094,27%\u00a0\u00a0 \u00a05,73%<br \/>\n2014\u00a0\u00a0 \u00a092,63%\u00a0\u00a0 \u00a07,37%<br \/>\n2015\u00a0\u00a0 \u00a090,98%\u00a0\u00a0 \u00a09,02%<br \/>\n2016\u00a0\u00a0 \u00a089,30%\u00a0\u00a0 \u00a010,70%<br \/>\n2017\u00a0\u00a0 \u00a087,61%\u00a0\u00a0 \u00a012,39%<br \/>\n2018\u00a0\u00a0 \u00a085,90%\u00a0\u00a0 \u00a014,10%<br \/>\n2019\u00a0\u00a0 \u00a084,17%\u00a0\u00a0 \u00a015,83%<br \/>\n2020\u00a0\u00a0 \u00a082,44%\u00a0\u00a0 \u00a017,56%<br \/>\n<strong>\u00d8\u00a0\u00a0 \u00a0\u00a0 88,41%\u00a0 11,59%<\/strong><\/p>\n<p><a href=\"https:\/\/ec.europa.eu\/clima\/policies\/ets\/cap\/allocation\/docs\/20130905_nim_en.pdf\">Download Document Source<\/a><\/p>\n","protected":false},"excerpt":{"rendered":"<p>Gestern hat die Europ\u00e4ische Kommission mit ca. 1 Jahr Versp\u00e4tung den j\u00e4hrlichen Cross-sectoral correction factor (CCF) zur Zuteilung von kostenlosen [&hellip;]<\/p>\n","protected":false},"author":2,"featured_media":0,"comment_status":"closed","ping_status":"closed","sticky":false,"template":"","format":"standard","meta":{"footnotes":""},"categories":[180,178],"tags":[193,194,195,196,197],"class_list":["post-1407","post","type-post","status-publish","format-standard","hentry","category-news","category-archiv","tag-ccf","tag-eu-emissionshandel-2013-2020","tag-kostenlose-zuteilung","tag-kurzung","tag-nims"],"_links":{"self":[{"href":"https:\/\/gallehr.flei.dev\/de\/wp-json\/wp\/v2\/posts\/1407","targetHints":{"allow":["GET"]}}],"collection":[{"href":"https:\/\/gallehr.flei.dev\/de\/wp-json\/wp\/v2\/posts"}],"about":[{"href":"https:\/\/gallehr.flei.dev\/de\/wp-json\/wp\/v2\/types\/post"}],"author":[{"embeddable":true,"href":"https:\/\/gallehr.flei.dev\/de\/wp-json\/wp\/v2\/users\/2"}],"replies":[{"embeddable":true,"href":"https:\/\/gallehr.flei.dev\/de\/wp-json\/wp\/v2\/comments?post=1407"}],"version-history":[{"count":0,"href":"https:\/\/gallehr.flei.dev\/de\/wp-json\/wp\/v2\/posts\/1407\/revisions"}],"wp:attachment":[{"href":"https:\/\/gallehr.flei.dev\/de\/wp-json\/wp\/v2\/media?parent=1407"}],"wp:term":[{"taxonomy":"category","embeddable":true,"href":"https:\/\/gallehr.flei.dev\/de\/wp-json\/wp\/v2\/categories?post=1407"},{"taxonomy":"post_tag","embeddable":true,"href":"https:\/\/gallehr.flei.dev\/de\/wp-json\/wp\/v2\/tags?post=1407"}],"curies":[{"name":"wp","href":"https:\/\/api.w.org\/{rel}","templated":true}]}}