{"id":1420,"date":"2013-09-30T11:31:13","date_gmt":"2013-09-30T11:31:13","guid":{"rendered":"https:\/\/hostsharing.gallehr.de\/?p=1420"},"modified":"2021-07-02T10:49:20","modified_gmt":"2021-07-02T08:49:20","slug":"spitzenausgleich-fur-2013-sichern-gallehrpartner-infobrief-energiemanagement-02-2013","status":"publish","type":"post","link":"https:\/\/gallehr.flei.dev\/de\/spitzenausgleich-fur-2013-sichern-gallehrpartner-infobrief-energiemanagement-02-2013\/","title":{"rendered":"Spitzenausgleich f\u00fcr 2013 sichern. GALLEHR+PARTNER Infobrief Energiemanagement 02-2013"},"content":{"rendered":"<p>Seit Anfang 2013 gelten f\u00fcr die Entlastung der energieintensiven Industrie von der Energie- und Stromsteuer im Wege des so genannten \u201eSpitzenausgleiches\u201c zum Teil neue Voraussetzungen. Fraglich war in diesem Zusammenhang bisher noch, wie die Einf\u00fchrungsphase bis 2015 genau zu gestalten ist, sodass auch ohne vollst\u00e4ndige ISO50001 Testierung die Anforderungen f\u00fcr die Erlangung des Spitzenausgleichs erf\u00fcllt sind.<br \/>\nAm 31. Juli 2013 wurde nun die entsprechende Verordnung \u00fcber Systeme zur Verbesserung der Energieeffizienz im Zusammenhang mit der Entlastung von der Energie- und der Stromsteuer in Sonderf\u00e4llen (Spitzenausgleich-Effizienzsystemverordnung \u2013 SpaEfV) ver\u00f6ffentlicht. Diese Verordnung regelt unter Anderem die Anforderungen an den Nachweis der Einf\u00fchrung eines Energiemanagementsystems nach \u00a7 55 Energiesteuergesetz und \u00a7 10 Stromsteuergesetz.<\/p>\n<p>Dieser <strong><a title=\"Infobrief Energiemanagement 02-2013: SpaEffV\" href=\"https:\/\/gallehr.flei.dev\/?wpfb_dl=96\" target=\"_blank\" rel=\"noopener\">kostenlos herunter zu ladene GALLEHR+PARTNER Infobrief Energiemanagement 02-2013<\/a><\/strong> behandelt das Thema der Einf\u00fchrungsphase nach SpaEfV \u00a75 mit dem Fokus auf die Anforderungen der Einf\u00fchrung nach ISO 50001 f\u00fcr das Jahr 2013.<\/p>\n<p><a title=\"Infobrief Energiemanagement 02-2013: SpaEffV\" href=\"https:\/\/gallehr.flei.dev\/?wpfb_dl=96\" target=\"_blank\" rel=\"noopener\">Download GALLEHR+PARTNER Energy Management Newsletter 02-2013<\/a><\/p>\n","protected":false},"excerpt":{"rendered":"<p>Seit Anfang 2013 gelten f\u00fcr die Entlastung der energieintensiven Industrie von der Energie- und Stromsteuer im Wege des so genannten [&hellip;]<\/p>\n","protected":false},"author":2,"featured_media":0,"comment_status":"closed","ping_status":"closed","sticky":false,"template":"","format":"standard","meta":{"footnotes":""},"categories":[180,178],"tags":[],"class_list":["post-1420","post","type-post","status-publish","format-standard","hentry","category-news","category-archiv"],"_links":{"self":[{"href":"https:\/\/gallehr.flei.dev\/de\/wp-json\/wp\/v2\/posts\/1420","targetHints":{"allow":["GET"]}}],"collection":[{"href":"https:\/\/gallehr.flei.dev\/de\/wp-json\/wp\/v2\/posts"}],"about":[{"href":"https:\/\/gallehr.flei.dev\/de\/wp-json\/wp\/v2\/types\/post"}],"author":[{"embeddable":true,"href":"https:\/\/gallehr.flei.dev\/de\/wp-json\/wp\/v2\/users\/2"}],"replies":[{"embeddable":true,"href":"https:\/\/gallehr.flei.dev\/de\/wp-json\/wp\/v2\/comments?post=1420"}],"version-history":[{"count":0,"href":"https:\/\/gallehr.flei.dev\/de\/wp-json\/wp\/v2\/posts\/1420\/revisions"}],"wp:attachment":[{"href":"https:\/\/gallehr.flei.dev\/de\/wp-json\/wp\/v2\/media?parent=1420"}],"wp:term":[{"taxonomy":"category","embeddable":true,"href":"https:\/\/gallehr.flei.dev\/de\/wp-json\/wp\/v2\/categories?post=1420"},{"taxonomy":"post_tag","embeddable":true,"href":"https:\/\/gallehr.flei.dev\/de\/wp-json\/wp\/v2\/tags?post=1420"}],"curies":[{"name":"wp","href":"https:\/\/api.w.org\/{rel}","templated":true}]}}