{"id":1424,"date":"2013-12-02T17:02:52","date_gmt":"2013-12-02T17:02:52","guid":{"rendered":"https:\/\/hostsharing.gallehr.de\/?p=1424"},"modified":"2021-07-02T10:49:55","modified_gmt":"2021-07-02T08:49:55","slug":"spaefv-testat-2013-testat-noch-im-dezember-moglich","status":"publish","type":"post","link":"https:\/\/gallehr.flei.dev\/de\/spaefv-testat-2013-testat-noch-im-dezember-moglich\/","title":{"rendered":"SpaEfV Testat 2013, Testat noch im Dezember m\u00f6glich"},"content":{"rendered":"<p>Die Deutsche Energieagentur (<a href=\"https:\/\/www.dena.de\/presse-medien\/pressemitteilungen\/spitzenausgleich-fuer-unternehmen-antragsfrist-endet-am-31-dezember-2013.html\" target=\"_blank\" rel=\"noopener\">dena<\/a>) schreibt: Unternehmen, die nach dem sogenannten Spitzenausgleich f\u00fcr das laufende Jahr von Energie- oder Stromsteuern entlastet werden wollen, m\u00fcssen bis zum 31. Dezember alle erforderlichen Unterlagen beim zust\u00e4ndigen Hauptzollamt oder bei einem Zertifizierer eingereicht haben.<\/p>\n<p><strong><a title=\"GALLEHR+PARTNER AdCoc Information Energiemanagement Dezember 2013\" href=\"https:\/\/gallehr.flei.dev\/?wpfb_dl=97\" target=\"_blank\" rel=\"noopener\">Diese GALLEHR+PARTNER AdHoc Information<\/a> <\/strong>stellt die M\u00f6glichkeiten dar, wie dieses geforderte Testat f\u00fcr 2013 auch noch im Dezember sichergestellt werden kann, wenn bisher noch keine Vorbereitungen zu diesem Thema getroffen wurden.<\/p>\n<p>The German Energy Agency (dena) writes: companies that want to be relieved by the so-called residual financing for the current year of energy or current taxes, have up to 31 December have submitted all the required documents to the competent customs office or at a certifier.<\/p>\n<p><strong><a title=\"GALLEHR+PARTNER AdCoc Information Energiemanagement Dezember 2013\" href=\"https:\/\/gallehr.flei.dev\/?wpfb_dl=97\" target=\"_blank\" rel=\"noopener\">This GALLEHR + PARTNER AdHoc information<\/a><\/strong> in german language represents the ways in which this attestation required for 2013 also can be ensured in December if no preparations have been made so far on this topic.<\/p>\n","protected":false},"excerpt":{"rendered":"<p>Die Deutsche Energieagentur (dena) schreibt: Unternehmen, die nach dem sogenannten Spitzenausgleich f\u00fcr das laufende Jahr von Energie- oder Stromsteuern entlastet [&hellip;]<\/p>\n","protected":false},"author":2,"featured_media":0,"comment_status":"closed","ping_status":"closed","sticky":false,"template":"","format":"standard","meta":{"footnotes":""},"categories":[180],"tags":[202,183,198,199,200,201],"class_list":["post-1424","post","type-post","status-publish","format-standard","hentry","category-news","tag-spaefv","tag-energiemanagement","tag--10-stromsteuergesetz","tag--55-energiesteuergesetz","tag-gallehr","tag-iso-50001"],"_links":{"self":[{"href":"https:\/\/gallehr.flei.dev\/de\/wp-json\/wp\/v2\/posts\/1424","targetHints":{"allow":["GET"]}}],"collection":[{"href":"https:\/\/gallehr.flei.dev\/de\/wp-json\/wp\/v2\/posts"}],"about":[{"href":"https:\/\/gallehr.flei.dev\/de\/wp-json\/wp\/v2\/types\/post"}],"author":[{"embeddable":true,"href":"https:\/\/gallehr.flei.dev\/de\/wp-json\/wp\/v2\/users\/2"}],"replies":[{"embeddable":true,"href":"https:\/\/gallehr.flei.dev\/de\/wp-json\/wp\/v2\/comments?post=1424"}],"version-history":[{"count":0,"href":"https:\/\/gallehr.flei.dev\/de\/wp-json\/wp\/v2\/posts\/1424\/revisions"}],"wp:attachment":[{"href":"https:\/\/gallehr.flei.dev\/de\/wp-json\/wp\/v2\/media?parent=1424"}],"wp:term":[{"taxonomy":"category","embeddable":true,"href":"https:\/\/gallehr.flei.dev\/de\/wp-json\/wp\/v2\/categories?post=1424"},{"taxonomy":"post_tag","embeddable":true,"href":"https:\/\/gallehr.flei.dev\/de\/wp-json\/wp\/v2\/tags?post=1424"}],"curies":[{"name":"wp","href":"https:\/\/api.w.org\/{rel}","templated":true}]}}