{"id":1429,"date":"2013-12-13T16:54:17","date_gmt":"2013-12-13T16:54:17","guid":{"rendered":"https:\/\/hostsharing.gallehr.de\/?p=1429"},"modified":"2021-07-02T10:51:03","modified_gmt":"2021-07-02T08:51:03","slug":"diskussionspapier-kommunaler-energiewende-kompass","status":"publish","type":"post","link":"https:\/\/gallehr.flei.dev\/de\/diskussionspapier-kommunaler-energiewende-kompass\/","title":{"rendered":"Diskussionspapier Kommunaler Energiewende Kompass"},"content":{"rendered":"<p>Die Energiewende ver\u00e4ndert die \u201eLandschaft\u201c kommunalpolitischen Handelns, die Orientierung f\u00e4llt gerade in Zeiten des ver\u00e4nderten regulativen Umfeldes schwer:<\/p>\n<ul>\n<li>Die Energiewende zwingt Kommunen in eine Zwickm\u00fchle: Starker Handlungsdruck bei gro\u00dfer Komplexit\u00e4t und Interessenvielfalt<\/li>\n<li>Den Dingen Ihren Lauf lassen ist keine L\u00f6sung, die Risiken sind betr\u00e4chtlich<\/li>\n<li>Die Energiewende erfordert eine klare Positionsbestimmung bei vier Themenfeldern \u2013Die Landkarte f\u00fcr kommunale Entscheider<\/li>\n<li>Mit der Energiewende kommt den Kommunen eine neue Rolle und mehr Verantwortung zu. Aber: Im aktiven Handeln liegen auch gro\u00dfe Chancen<\/li>\n<\/ul>\n<p>Das <a href=\"https:\/\/gallehr.flei.dev\/?wpfb_dl=98\">Diskussionspapier Kommunaler Energiewende Kompass <\/a>diskutiert, wie ein individueller Weg Ihrer Kommune aussehen kann und wie Orientierung auf dem Weg gegeben werden kann.<\/p>\n","protected":false},"excerpt":{"rendered":"<p>Die Energiewende ver\u00e4ndert die \u201eLandschaft\u201c kommunalpolitischen Handelns, die Orientierung f\u00e4llt gerade in Zeiten des ver\u00e4nderten regulativen Umfeldes schwer: Die Energiewende [&hellip;]<\/p>\n","protected":false},"author":2,"featured_media":0,"comment_status":"closed","ping_status":"closed","sticky":false,"template":"","format":"standard","meta":{"footnotes":""},"categories":[180,178],"tags":[],"class_list":["post-1429","post","type-post","status-publish","format-standard","hentry","category-news","category-archiv"],"_links":{"self":[{"href":"https:\/\/gallehr.flei.dev\/de\/wp-json\/wp\/v2\/posts\/1429","targetHints":{"allow":["GET"]}}],"collection":[{"href":"https:\/\/gallehr.flei.dev\/de\/wp-json\/wp\/v2\/posts"}],"about":[{"href":"https:\/\/gallehr.flei.dev\/de\/wp-json\/wp\/v2\/types\/post"}],"author":[{"embeddable":true,"href":"https:\/\/gallehr.flei.dev\/de\/wp-json\/wp\/v2\/users\/2"}],"replies":[{"embeddable":true,"href":"https:\/\/gallehr.flei.dev\/de\/wp-json\/wp\/v2\/comments?post=1429"}],"version-history":[{"count":0,"href":"https:\/\/gallehr.flei.dev\/de\/wp-json\/wp\/v2\/posts\/1429\/revisions"}],"wp:attachment":[{"href":"https:\/\/gallehr.flei.dev\/de\/wp-json\/wp\/v2\/media?parent=1429"}],"wp:term":[{"taxonomy":"category","embeddable":true,"href":"https:\/\/gallehr.flei.dev\/de\/wp-json\/wp\/v2\/categories?post=1429"},{"taxonomy":"post_tag","embeddable":true,"href":"https:\/\/gallehr.flei.dev\/de\/wp-json\/wp\/v2\/tags?post=1429"}],"curies":[{"name":"wp","href":"https:\/\/api.w.org\/{rel}","templated":true}]}}