{"id":1451,"date":"2014-01-14T14:02:35","date_gmt":"2014-01-14T14:02:35","guid":{"rendered":"https:\/\/hostsharing.gallehr.de\/?p=1451"},"modified":"2021-07-02T10:52:30","modified_gmt":"2021-07-02T08:52:30","slug":"antragsfrist-strompreiskompensation-lauft-seit-01-010-2014","status":"publish","type":"post","link":"https:\/\/gallehr.flei.dev\/de\/antragsfrist-strompreiskompensation-lauft-seit-01-010-2014\/","title":{"rendered":"Antragsfrist Strompreiskompensation l\u00e4uft seit 01.010.2014"},"content":{"rendered":"<p>Seit dem 01.01.2014 l\u00e4uft die Frist zur Erstellung von Antr\u00e4gen auf <a title=\"Strompreiskompensation\" href=\"https:\/\/gallehr.flei.dev\/kompetenz\/emissions-trading\/strompreiskompensation\/\">Strompreiskompensation<\/a> (SPK oder auch Beihilfen f\u00fcr indirekte CO2-Kosten genannt). Die Antragstellung f\u00fcr das Jahr 2013 muss durch einen Wirtschaftspr\u00fcfer gepr\u00fcft, der <a title=\"DEHSt SPK\" href=\"https:\/\/www.strompreiskompensation.de\">DEHSt<\/a>\u00a0 sp\u00e4testens bis Freitag, den 30.05.2014 eingereicht werden. Sp\u00e4tere Antr\u00e4ge werden nicht angenommen und die Beihilfe f\u00fcr 2013 entf\u00e4llt.<\/p>\n<p>GALLEHR+PARTNER steht der Deutschen Industrie in gewohnter Qualit\u00e4t mit allen notwendigen Dienstleistungen zur Strompreiskompensation zur Verf\u00fcgung:<\/p>\n<ul>\n<li>Durchf\u00fchrung und Optimierung Ihrer Antragstellungen und \u00c4nderungsantr\u00e4ge im geforderten Format (<a title=\"DEHSt FMS SPK\" href=\"https:\/\/www.formulare.dehst.de\/strompreiskompensation.html\" target=\"_blank\" rel=\"noopener\">Formular Management System der DEHSt.<\/a>)<\/li>\n<li>Organisation und Begleitung der Pr\u00fcfung durch die Wirtschaftspr\u00fcfer<\/li>\n<li>Durchf\u00fchrung des Versands und der Kommunikation \u00fcber die <a title=\"VPS\" href=\"https:\/\/www.dehst.de\/SharedDocs\/Downloads\/DE\/VPS\/VPS_Installationsanleitung.html\" target=\"_blank\" rel=\"noopener\">Virtuelle Poststelle der DEHSt.<\/a> (VPS) inklusive VPS Backup<\/li>\n<\/ul>\n","protected":false},"excerpt":{"rendered":"<p>Seit dem 01.01.2014 l\u00e4uft die Frist zur Erstellung von Antr\u00e4gen auf Strompreiskompensation (SPK oder auch Beihilfen f\u00fcr indirekte CO2-Kosten genannt). [&hellip;]<\/p>\n","protected":false},"author":2,"featured_media":0,"comment_status":"closed","ping_status":"closed","sticky":false,"template":"","format":"standard","meta":{"footnotes":""},"categories":[180,177],"tags":[203,204,205,206,207,208,209],"class_list":["post-1451","post","type-post","status-publish","format-standard","hentry","category-news","category-in-den-medien","tag-beihilfen-fur-indirekte-co2-kosten","tag-dehst","tag-fms","tag-spk","tag-strompreiskompensation","tag-virtuelle-poststelle","tag-vps"],"_links":{"self":[{"href":"https:\/\/gallehr.flei.dev\/de\/wp-json\/wp\/v2\/posts\/1451","targetHints":{"allow":["GET"]}}],"collection":[{"href":"https:\/\/gallehr.flei.dev\/de\/wp-json\/wp\/v2\/posts"}],"about":[{"href":"https:\/\/gallehr.flei.dev\/de\/wp-json\/wp\/v2\/types\/post"}],"author":[{"embeddable":true,"href":"https:\/\/gallehr.flei.dev\/de\/wp-json\/wp\/v2\/users\/2"}],"replies":[{"embeddable":true,"href":"https:\/\/gallehr.flei.dev\/de\/wp-json\/wp\/v2\/comments?post=1451"}],"version-history":[{"count":0,"href":"https:\/\/gallehr.flei.dev\/de\/wp-json\/wp\/v2\/posts\/1451\/revisions"}],"wp:attachment":[{"href":"https:\/\/gallehr.flei.dev\/de\/wp-json\/wp\/v2\/media?parent=1451"}],"wp:term":[{"taxonomy":"category","embeddable":true,"href":"https:\/\/gallehr.flei.dev\/de\/wp-json\/wp\/v2\/categories?post=1451"},{"taxonomy":"post_tag","embeddable":true,"href":"https:\/\/gallehr.flei.dev\/de\/wp-json\/wp\/v2\/tags?post=1451"}],"curies":[{"name":"wp","href":"https:\/\/api.w.org\/{rel}","templated":true}]}}