{"id":1523,"date":"2014-02-25T16:50:30","date_gmt":"2014-02-25T16:50:30","guid":{"rendered":"https:\/\/hostsharing.gallehr.de\/?p=1523"},"modified":"2021-07-02T10:54:09","modified_gmt":"2021-07-02T08:54:09","slug":"zuteilungsbescheide-zugestellt-widerspruch-zu-empfehlen","status":"publish","type":"post","link":"https:\/\/gallehr.flei.dev\/de\/zuteilungsbescheide-zugestellt-widerspruch-zu-empfehlen\/","title":{"rendered":"Zuteilungsbescheide zugestellt, Widerspruch zu empfehlen"},"content":{"rendered":"<p>Derzeit versendet die DEHSt &#8211; endlich \u2013 die Zuteilungsbescheide f\u00fcr Europ\u00e4ische Emissionshandelsperiode 2013-2020.\u00a0 GALLEHR+PARTNER pr\u00fcft alle Zuteilungsbescheide, die durch unsere Unterst\u00fctzung entstanden sind auf Fehler. Aber unabh\u00e4ngig von den eventuell auftretenden spezifischen Problemen der einzelnen Unternehmen sind viele Zuteilungsbescheide von dem so genannten \u201eSektor\u00fcbergreifenden Korrekturfaktor (Cross-Sectoral Correction Factor &#8211; CSCF)&#8220; betroffen.<br \/>\nDieser europaweit einheitliche CSCF reduziert die vorl\u00e4ufige Zuteilungsmenge um durchschnittlich rund 12% und ist insbesondere von seiner Berechnung her recht intransparent. In Deutschland haben einige Unternehmen bereits ihre Bedenken angemeldet. Es ist daher laut unserem Netzwerkpartner Dr. Markus Ehrmann, Partner bei <a title=\"K\u00f6chling &amp; Krahnefeld\" href=\"https:\/\/www.kk-rae.de\/joomla\/\" target=\"_blank\" rel=\"noopener\">K\u00f6chling &amp; Krahnefeld Rechtsanw\u00e4lte<\/a> in Hamburg recht wahrscheinlich, dass es hier zu einem Musterverfahren gegen diesen sektor\u00fcbergreifenden Korrekturfaktor kommt.<br \/>\nEntsprechend empfiehlt Dr. Ehrmann, gegen den Zuteilungsbescheid formal Widerspruch einzulegen.<\/p>\n<p>Der Widerspruch sollte in allgemeiner Form erhoben werden. Das hat dann den Vorteil, dass er sich auch auf weitere Aspekte, die derzeit noch nicht absehbar sind, beziehen kann.<br \/>\nLaut Dr. Ehrmann hat bei der DEHSt innerhalb eines Monats nach Zustellung des jeweiligen Zuteilungsbescheids, also nach \u00dcbermittlung per VPS, zu erfolgen. Eine weiterf\u00fchrende Begr\u00fcndung kann dann noch zu einem sp\u00e4teren Zeitpunkt nachgereicht werden.<br \/>\nNur wenn jetzt mindestens ein formaler Widerspruch eingelegt wird, besteht f\u00fcr Sie die M\u00f6glichkeit, bei einem erfolgreichen Musterverfahren von einer \u00c4nderung des sektor\u00fcbergreifenden Korrekturfaktors zu profitieren. Anders als in der zweiten Zuteilungsperiode bei dem zweiten Erf\u00fcllungsfaktor liegt es aufgrund der europaweiten Geltung nicht mehr in der Hand der DEHSt, die Zuteilungsbescheide auch dann zu \u00e4ndern, wenn kein Widerspruch erhoben worden ist. Daher empfiehlt es sich, stets Widerspruch zu erheben.<br \/>\nSollten Sie weitere juristische Fragen haben, steht Ihnen\u00a0 <a title=\"Dr. Ehrmann\" href=\"https:\/\/www.kk-rae.de\/joomla\/index.php?option=com_content&amp;view=article&amp;id=30&amp;Itemid=35&amp;lang=de\" target=\"_blank\" rel=\"noopener\">Dr. Ehrmann<\/a> gerne zur Verf\u00fcgung. Zu allen anderen Fragen sprechen Sie uns gerne <a title=\"Kontakt\" href=\"https:\/\/gallehr.flei.dev\/kontakt\/\" target=\"_blank\" rel=\"noopener\">direkt an<\/a>.<\/p>\n","protected":false},"excerpt":{"rendered":"<p>Derzeit versendet die DEHSt &#8211; endlich \u2013 die Zuteilungsbescheide f\u00fcr Europ\u00e4ische Emissionshandelsperiode 2013-2020.\u00a0 GALLEHR+PARTNER pr\u00fcft alle Zuteilungsbescheide, die durch unsere [&hellip;]<\/p>\n","protected":false},"author":2,"featured_media":0,"comment_status":"closed","ping_status":"closed","sticky":false,"template":"","format":"standard","meta":{"footnotes":""},"categories":[180,178],"tags":[],"class_list":["post-1523","post","type-post","status-publish","format-standard","hentry","category-news","category-archiv"],"_links":{"self":[{"href":"https:\/\/gallehr.flei.dev\/de\/wp-json\/wp\/v2\/posts\/1523","targetHints":{"allow":["GET"]}}],"collection":[{"href":"https:\/\/gallehr.flei.dev\/de\/wp-json\/wp\/v2\/posts"}],"about":[{"href":"https:\/\/gallehr.flei.dev\/de\/wp-json\/wp\/v2\/types\/post"}],"author":[{"embeddable":true,"href":"https:\/\/gallehr.flei.dev\/de\/wp-json\/wp\/v2\/users\/2"}],"replies":[{"embeddable":true,"href":"https:\/\/gallehr.flei.dev\/de\/wp-json\/wp\/v2\/comments?post=1523"}],"version-history":[{"count":0,"href":"https:\/\/gallehr.flei.dev\/de\/wp-json\/wp\/v2\/posts\/1523\/revisions"}],"wp:attachment":[{"href":"https:\/\/gallehr.flei.dev\/de\/wp-json\/wp\/v2\/media?parent=1523"}],"wp:term":[{"taxonomy":"category","embeddable":true,"href":"https:\/\/gallehr.flei.dev\/de\/wp-json\/wp\/v2\/categories?post=1523"},{"taxonomy":"post_tag","embeddable":true,"href":"https:\/\/gallehr.flei.dev\/de\/wp-json\/wp\/v2\/tags?post=1523"}],"curies":[{"name":"wp","href":"https:\/\/api.w.org\/{rel}","templated":true}]}}