{"id":1534,"date":"2014-03-12T12:06:26","date_gmt":"2014-03-12T12:06:26","guid":{"rendered":"https:\/\/hostsharing.gallehr.de\/?p=1534"},"modified":"2021-07-02T10:54:29","modified_gmt":"2021-07-02T08:54:29","slug":"strompreiskompensation-uberschlagig-berechnen-wirtschaftsprufer-pwc-veroffentlicht-internetrechner","status":"publish","type":"post","link":"https:\/\/gallehr.flei.dev\/de\/strompreiskompensation-uberschlagig-berechnen-wirtschaftsprufer-pwc-veroffentlicht-internetrechner\/","title":{"rendered":"Strompreiskompensation \u00fcberschl\u00e4gig berechnen: Wirtschaftspr\u00fcfer PWC ver\u00f6ffentlicht Internetrechner"},"content":{"rendered":"<p>Das Wirtschaftspr\u00fcfungsunternehmen PWC stellt auf ihren Internetseiten einen Rechner zur \u00fcberschl\u00e4gigen Berechnung der Beihilfe f\u00fcr indirekte CO2 Emissionen zur Verf\u00fcgung. <a title=\"Strompreiskompensation PWC\" href=\"https:\/\/www.pwc.de\/de\/energiewirtschaft\/co2-strompreiskompensation_spk_beihilfe-fuer-stromintensive-industrien.jhtml\" target=\"_blank\" rel=\"noopener\">Dieser Rechner ist hier zu erreichen.<\/a><\/p>\n<p>Der SPK-Rechner dient allerdings lediglich einer ersten allgemeinen Einsch\u00e4tzung und ist nicht dazu geeignet, eine individuelle rechtliche, betriebswirtschaftliche oder sonstige Analyse und Beratung unter Ber\u00fccksichtigung der konkreten Umst\u00e4nde des Einzelfalls zu ersetzen.<\/p>\n<p>GALLEHR+PARTNER unterst\u00fctzt Sie gerne bei der optimalen Erstellung der Antr\u00e4ge auf Strompreiskompensation. Bitte <a title=\"Strompreiskompensation\" href=\"https:\/\/gallehr.flei.dev\/kompetenz\/emissions-trading\/strompreiskompensation\/\" target=\"_blank\" rel=\"noopener\">orientieren Sie sich \u00fcber die Hintergr\u00fcnde auf unserer Website<\/a> oder <a title=\"Kontakt\" href=\"https:\/\/gallehr.flei.dev\/contact\/\" target=\"_blank\" rel=\"noopener\">kontaktieren Sie uns direkt<\/a>.<\/p>\n","protected":false},"excerpt":{"rendered":"<p>Das Wirtschaftspr\u00fcfungsunternehmen PWC stellt auf ihren Internetseiten einen Rechner zur \u00fcberschl\u00e4gigen Berechnung der Beihilfe f\u00fcr indirekte CO2 Emissionen zur Verf\u00fcgung. [&hellip;]<\/p>\n","protected":false},"author":2,"featured_media":0,"comment_status":"closed","ping_status":"closed","sticky":false,"template":"","format":"standard","meta":{"footnotes":""},"categories":[180,178],"tags":[],"class_list":["post-1534","post","type-post","status-publish","format-standard","hentry","category-news","category-archiv"],"_links":{"self":[{"href":"https:\/\/gallehr.flei.dev\/de\/wp-json\/wp\/v2\/posts\/1534","targetHints":{"allow":["GET"]}}],"collection":[{"href":"https:\/\/gallehr.flei.dev\/de\/wp-json\/wp\/v2\/posts"}],"about":[{"href":"https:\/\/gallehr.flei.dev\/de\/wp-json\/wp\/v2\/types\/post"}],"author":[{"embeddable":true,"href":"https:\/\/gallehr.flei.dev\/de\/wp-json\/wp\/v2\/users\/2"}],"replies":[{"embeddable":true,"href":"https:\/\/gallehr.flei.dev\/de\/wp-json\/wp\/v2\/comments?post=1534"}],"version-history":[{"count":0,"href":"https:\/\/gallehr.flei.dev\/de\/wp-json\/wp\/v2\/posts\/1534\/revisions"}],"wp:attachment":[{"href":"https:\/\/gallehr.flei.dev\/de\/wp-json\/wp\/v2\/media?parent=1534"}],"wp:term":[{"taxonomy":"category","embeddable":true,"href":"https:\/\/gallehr.flei.dev\/de\/wp-json\/wp\/v2\/categories?post=1534"},{"taxonomy":"post_tag","embeddable":true,"href":"https:\/\/gallehr.flei.dev\/de\/wp-json\/wp\/v2\/tags?post=1534"}],"curies":[{"name":"wp","href":"https:\/\/api.w.org\/{rel}","templated":true}]}}