{"id":1599,"date":"2014-11-19T16:41:39","date_gmt":"2014-11-19T16:41:39","guid":{"rendered":"https:\/\/hostsharing.gallehr.de\/?p=1599"},"modified":"2021-07-02T10:57:11","modified_gmt":"2021-07-02T08:57:11","slug":"spitzenausgleich-bei-stromsteuer-neue-anforderungen-fur-antrage-in-2014","status":"publish","type":"post","link":"https:\/\/gallehr.flei.dev\/de\/spitzenausgleich-bei-stromsteuer-neue-anforderungen-fur-antrage-in-2014\/","title":{"rendered":"Spitzenausgleich bei Stromsteuer: neue Anforderungen f\u00fcr Antr\u00e4ge in 2014"},"content":{"rendered":"<p>Die <a href=\"https:\/\/www.stromeffizienz.de\" target=\"_blank\" rel=\"noopener\">Initiative EnergieEffizienz<\/a> der Deutschen Energie Agentur <a href=\"https:\/\/www.dena.de\/\">dena<\/a> hat die wichtigsten \u00c4nderungen zu den Anforderungen f\u00fcr eine Steuerentlastung gegen\u00fcber 2013 unter <strong><a href=\"https:\/\/www.stromeffizienz.de\/spaefv\" target=\"_blank\" rel=\"noopener\">www.stromeffizienz.de\/spaefv<\/a><\/strong> gerade in Bezufg auf kleine und mittlere Unternehmen (KMU) zusammengestellt.<\/p>\n","protected":false},"excerpt":{"rendered":"<p>Die Initiative EnergieEffizienz der Deutschen Energie Agentur dena hat die wichtigsten \u00c4nderungen zu den Anforderungen f\u00fcr eine Steuerentlastung gegen\u00fcber 2013 [&hellip;]<\/p>\n","protected":false},"author":2,"featured_media":0,"comment_status":"closed","ping_status":"closed","sticky":false,"template":"","format":"standard","meta":{"footnotes":""},"categories":[180,178],"tags":[184,186,187,201,202,214],"class_list":["post-1599","post","type-post","status-publish","format-standard","hentry","category-news","category-archiv","tag-energiesteuergesetz","tag-iso50001","tag-stromsteuergesetz","tag-iso-50001","tag-spaefv","tag-spitzenausgleich"],"_links":{"self":[{"href":"https:\/\/gallehr.flei.dev\/de\/wp-json\/wp\/v2\/posts\/1599","targetHints":{"allow":["GET"]}}],"collection":[{"href":"https:\/\/gallehr.flei.dev\/de\/wp-json\/wp\/v2\/posts"}],"about":[{"href":"https:\/\/gallehr.flei.dev\/de\/wp-json\/wp\/v2\/types\/post"}],"author":[{"embeddable":true,"href":"https:\/\/gallehr.flei.dev\/de\/wp-json\/wp\/v2\/users\/2"}],"replies":[{"embeddable":true,"href":"https:\/\/gallehr.flei.dev\/de\/wp-json\/wp\/v2\/comments?post=1599"}],"version-history":[{"count":0,"href":"https:\/\/gallehr.flei.dev\/de\/wp-json\/wp\/v2\/posts\/1599\/revisions"}],"wp:attachment":[{"href":"https:\/\/gallehr.flei.dev\/de\/wp-json\/wp\/v2\/media?parent=1599"}],"wp:term":[{"taxonomy":"category","embeddable":true,"href":"https:\/\/gallehr.flei.dev\/de\/wp-json\/wp\/v2\/categories?post=1599"},{"taxonomy":"post_tag","embeddable":true,"href":"https:\/\/gallehr.flei.dev\/de\/wp-json\/wp\/v2\/tags?post=1599"}],"curies":[{"name":"wp","href":"https:\/\/api.w.org\/{rel}","templated":true}]}}