{"id":1618,"date":"2015-02-06T16:49:07","date_gmt":"2015-02-06T16:49:07","guid":{"rendered":"https:\/\/hostsharing.gallehr.de\/?p=1618"},"modified":"2021-07-02T10:57:43","modified_gmt":"2021-07-02T08:57:43","slug":"generalanwalt-beim-eugh-sanktionen-im-emissionshandel-rechtswidrig","status":"publish","type":"post","link":"https:\/\/gallehr.flei.dev\/de\/generalanwalt-beim-eugh-sanktionen-im-emissionshandel-rechtswidrig\/","title":{"rendered":"Generalanwalt beim EuGH: Sanktionen im Emissionshandel rechtswidrig"},"content":{"rendered":"<p><span style=\"font-family: Helvetica,Arial,sans-serif;\">Der Generalanwalt beim Europ\u00e4ischen Gerichtshof hat in seinen Schlussantr\u00e4gen vom 5. Februar 2015 empfohlen, dass ein Anlagenbetreiber, der in gutem Glauben gem\u00e4\u00df seinem verifizierten Emissionsbericht\u00a0 Emissionsberechtigungen abgegeben hat, nicht unter die Sanktion einer Zahlung von \u20ac 100 pro nicht abgegebener Emissionsberechtigung f\u00e4llt, wenn sich der Emissionsbericht sp\u00e4ter als fehlerhaft erweist. Damit w\u00e4re die bisherige Sanktionspraxis der DEHSt rechtswidrig. <\/span><span style=\"font-family: Helvetica,Arial,sans-serif;\">Eine endg\u00fcltige Entscheidung ist aber noch nicht getroffen. Gegebenenfalls wird auch entschieden, dass die Bestimmung der Sanktionen von den Mitgliedstaaten selbst zu regeln ist.<\/span><\/p>\n<p>Unser Netzwerkpartner <span style=\"font-family: Helvetica,Arial,sans-serif;\">Rechtsanwalt Dr. Ehrmann hat zu den Hintergr\u00fcnden eine<strong><a title=\"150205 Emissionshandel Generalanwalt Sanktionen\" href=\"https:\/\/gallehr.flei.dev\/?wpfb_dl=123\"> Darstellung formuliert<\/a><\/strong>.<\/span><\/p>\n","protected":false},"excerpt":{"rendered":"<p>Der Generalanwalt beim Europ\u00e4ischen Gerichtshof hat in seinen Schlussantr\u00e4gen vom 5. Februar 2015 empfohlen, dass ein Anlagenbetreiber, der in gutem [&hellip;]<\/p>\n","protected":false},"author":2,"featured_media":0,"comment_status":"closed","ping_status":"closed","sticky":false,"template":"","format":"standard","meta":{"footnotes":""},"categories":[180,178],"tags":[],"class_list":["post-1618","post","type-post","status-publish","format-standard","hentry","category-news","category-archiv"],"_links":{"self":[{"href":"https:\/\/gallehr.flei.dev\/de\/wp-json\/wp\/v2\/posts\/1618","targetHints":{"allow":["GET"]}}],"collection":[{"href":"https:\/\/gallehr.flei.dev\/de\/wp-json\/wp\/v2\/posts"}],"about":[{"href":"https:\/\/gallehr.flei.dev\/de\/wp-json\/wp\/v2\/types\/post"}],"author":[{"embeddable":true,"href":"https:\/\/gallehr.flei.dev\/de\/wp-json\/wp\/v2\/users\/2"}],"replies":[{"embeddable":true,"href":"https:\/\/gallehr.flei.dev\/de\/wp-json\/wp\/v2\/comments?post=1618"}],"version-history":[{"count":0,"href":"https:\/\/gallehr.flei.dev\/de\/wp-json\/wp\/v2\/posts\/1618\/revisions"}],"wp:attachment":[{"href":"https:\/\/gallehr.flei.dev\/de\/wp-json\/wp\/v2\/media?parent=1618"}],"wp:term":[{"taxonomy":"category","embeddable":true,"href":"https:\/\/gallehr.flei.dev\/de\/wp-json\/wp\/v2\/categories?post=1618"},{"taxonomy":"post_tag","embeddable":true,"href":"https:\/\/gallehr.flei.dev\/de\/wp-json\/wp\/v2\/tags?post=1618"}],"curies":[{"name":"wp","href":"https:\/\/api.w.org\/{rel}","templated":true}]}}