{"id":2176,"date":"2017-01-13T08:38:22","date_gmt":"2017-01-13T08:38:22","guid":{"rendered":"https:\/\/hostsharing.gallehr.de\/?p=2176"},"modified":"2021-07-02T11:06:06","modified_gmt":"2021-07-02T09:06:06","slug":"2176-2","status":"publish","type":"post","link":"https:\/\/gallehr.flei.dev\/de\/2176-2\/","title":{"rendered":"GALLEHR+PARTNER &#8211; Infobrief Energiemanagement 01-2017"},"content":{"rendered":"<p>Das Jahr 2016 ging energiepolitisch turbulent zu Ende. Auf den letzten Metern wurden noch Gesetzes\u00e4nderungen am Gesetz f\u00fcr Kraft-W\u00e4rme-Kopplung (KWKG) und am Erneuerbare Energien Gesetz (EEG 2017) vorgenommen. Dazu kamen hierdurch erforderliche kleine \u00c4nderungen an weiteren Gesetzen, die zusammen betrachtet relevante Auswirkungen auf die Pflichten der Energieverantwortlichen von Unternehmen und auf die Energiekostenstruktur haben.<\/p>\n<p>In dem <strong><a href=\"https:\/\/gallehr.flei.dev\/?wpfb_dl=133\">hier<\/a><\/strong> kostenlos erh\u00e4ltlichen <strong><a href=\"https:\/\/gallehr.flei.dev\/?wpfb_dl=133\">GALLEHR+PARTNER<sup>\u00ae<\/sup> Infobrief Energiemanagement 01-2017<\/a><\/strong> finden Sie einen Gastbeitrag unseres Netzwerkpartners <a href=\"mailto:\/\/christoph.barth@gallehr.de\">Christoph Barth<\/a> \u00fcber die wichtigsten Neuerungen f\u00fcr energieintensive Unternehmen aus KWKG und EEG. Christoph Barth unterst\u00fctzt GALLEHR+PARTNER<sup>\u00ae<\/sup> zu allen kaufm\u00e4nnischen Implikationen des Energiemanagements.<\/p>\n","protected":false},"excerpt":{"rendered":"<p>Das Jahr 2016 ging energiepolitisch turbulent zu Ende. Auf den letzten Metern wurden noch Gesetzes\u00e4nderungen am Gesetz f\u00fcr Kraft-W\u00e4rme-Kopplung (KWKG) [&hellip;]<\/p>\n","protected":false},"author":2,"featured_media":0,"comment_status":"closed","ping_status":"closed","sticky":false,"template":"","format":"standard","meta":{"footnotes":""},"categories":[180,177,178],"tags":[],"class_list":["post-2176","post","type-post","status-publish","format-standard","hentry","category-news","category-in-den-medien","category-archiv"],"_links":{"self":[{"href":"https:\/\/gallehr.flei.dev\/de\/wp-json\/wp\/v2\/posts\/2176","targetHints":{"allow":["GET"]}}],"collection":[{"href":"https:\/\/gallehr.flei.dev\/de\/wp-json\/wp\/v2\/posts"}],"about":[{"href":"https:\/\/gallehr.flei.dev\/de\/wp-json\/wp\/v2\/types\/post"}],"author":[{"embeddable":true,"href":"https:\/\/gallehr.flei.dev\/de\/wp-json\/wp\/v2\/users\/2"}],"replies":[{"embeddable":true,"href":"https:\/\/gallehr.flei.dev\/de\/wp-json\/wp\/v2\/comments?post=2176"}],"version-history":[{"count":0,"href":"https:\/\/gallehr.flei.dev\/de\/wp-json\/wp\/v2\/posts\/2176\/revisions"}],"wp:attachment":[{"href":"https:\/\/gallehr.flei.dev\/de\/wp-json\/wp\/v2\/media?parent=2176"}],"wp:term":[{"taxonomy":"category","embeddable":true,"href":"https:\/\/gallehr.flei.dev\/de\/wp-json\/wp\/v2\/categories?post=2176"},{"taxonomy":"post_tag","embeddable":true,"href":"https:\/\/gallehr.flei.dev\/de\/wp-json\/wp\/v2\/tags?post=2176"}],"curies":[{"name":"wp","href":"https:\/\/api.w.org\/{rel}","templated":true}]}}