{"id":2276,"date":"2017-10-20T14:47:04","date_gmt":"2017-10-20T14:47:04","guid":{"rendered":"https:\/\/hostsharing.gallehr.de\/?p=2276"},"modified":"2021-07-02T11:08:28","modified_gmt":"2021-07-02T09:08:28","slug":"industrie-in-zeiten-der-energiewende","status":"publish","type":"post","link":"https:\/\/gallehr.flei.dev\/de\/industrie-in-zeiten-der-energiewende\/","title":{"rendered":"Industrie in Zeiten der Energiewende"},"content":{"rendered":"<h1>Nachschau zur GALLEHR+PARTNER<sup>\u00ae<\/sup> Fachtagung am 15.09.2017 in Bad Vilbel:<br \/>\nWettbewerbsf\u00e4hige Industrieunternehmen in Zeiten der Energiewende.<\/h1>\n<p><img decoding=\"async\" class=\"alignnone size-large wp-image-85024\" src=\"https:\/\/gallehr.flei.dev\/wordpress\/wp-content\/uploads\/2021\/06\/IMG_0299-1024x768.jpg\" alt=\"\" width=\"840\" height=\"630\" srcset=\"https:\/\/gallehr.flei.dev\/wp-content\/uploads\/2021\/06\/IMG_0299-1024x768.jpg 1024w, https:\/\/gallehr.flei.dev\/wp-content\/uploads\/2021\/06\/IMG_0299-300x225.jpg 300w, https:\/\/gallehr.flei.dev\/wp-content\/uploads\/2021\/06\/IMG_0299-768x576.jpg 768w, https:\/\/gallehr.flei.dev\/wp-content\/uploads\/2021\/06\/IMG_0299-1536x1152.jpg 1536w, https:\/\/gallehr.flei.dev\/wp-content\/uploads\/2021\/06\/IMG_0299.jpg 2016w\" sizes=\"(max-width: 840px) 100vw, 840px\" \/><\/p>\n<h2>Welchen Herausforderungen begegnen Deutsche Industrieunternehmen in Zeiten der Energiewende?<\/h2>\n<p>Die Energiewende schreitet voran. Erneuerbaren Energien sind nicht mehr aufzuhalten, denn mittlerweile ist diese umweltfreundliche Energieerzeugung h\u00e4ufig schon wettbewerbsf\u00e4hig, auch ohne staatliche Unterst\u00fctzung. Selbst die vermeintlich teuerste Stromproduktion aus Offshore-Windparks ist auch ohne staatliche Unterst\u00fctzung wettbewerbsf\u00e4hig, wie die Ergebnisse der ersten <a href=\"https:\/\/www.spiegel.de\/wirtschaft\/unternehmen\/enbw-baut-windpark-ohne-subventionen-a-1143351.html\" target=\"_blank\" rel=\"noopener\">Offshore-Wind Ausschreibung<\/a> zeigen.<br \/>\nDiese neue Entwicklung wirft Fragen in Bezug auf die Energieversorgung von Industrieunternehmen auf: Welche regulatorischen bzw. rechtlichen Konsequenzen sind damit verbunden? Wird der Industriestrom durch diese Entwicklung teurer oder billiger? Was bedeutet diese Entwicklung f\u00fcr ein kosteneffizientes Energiemanagement von Industriestandorten?<\/p>\n<p>Am Freitag den 15. September 2017 haben Experten der Industrie, der Rechtsberatung und der Wirtschaftspr\u00fcfung gemeinsam mit GALLEHR+PARTNER<sup>\u00ae<\/sup> und Kunden diesen \u201eKulturschock\u201c sowie die sich daraus ergebenen Konsequenzen und Chancen beleuchtet.<\/p>\n<p>Diese Veranstaltung mit Vorabendprogramm anl\u00e4sslich des zehnj\u00e4hrigen Bestehens der Gallehr Sustainable Risk Management GmbH widmete sich im Besonderen den folgenden Themen:<\/p>\n<ul>\n<li>Rechtliche und regulatorische Trends aus der EU und in Deutschland<\/li>\n<li>Update Europ\u00e4ischer CO2-Emissionshandel und Planungsstand f\u00fcr die 4. Handelsperiode<\/li>\n<li>Neue Herausforderungen im Energiemanagement: Einsparpotentiale sind neu zu bewerten<\/li>\n<li>Praktische Erfahrung bei Einf\u00fchrung und Betrieb von Matrix-Energiemanagementsystemen an mehreren Standorten in Europa.<\/li>\n<\/ul>\n<h2>Vortragsprogramm:<\/h2>\n<h3><a href=\"https:\/\/gallehr.flei.dev\/?wpfb_dl=140\">Aktuelle Entwicklungen im Europ\u00e4ischen und Deutschen Energierecht<\/a><\/h3>\n<p>Dr. Michael K\u00f6rber, Rechtsanwalt, <a href=\"https:\/\/www.mpw-net.de\/\" target=\"_blank\" rel=\"noopener\">MPW Legal und Tax, Hannover<\/a><\/p>\n<ul>\n<li>Was erwartet uns aus den Europ\u00e4ischen und Deutschen Gesetzesk\u00fcchen?<\/li>\n<li>Welche Auswirkungen hat der Brexit auf die Europ\u00e4ischen Energieregularien?<\/li>\n<\/ul>\n<p>Kommentar: <strong>Christoph Barth<\/strong>, <a href=\"https:\/\/www.barth.energy\/\">barth.energy services<\/a><\/p>\n<h3><a href=\"https:\/\/gallehr.flei.dev\/?wpfb_dl=138\">Update Europ\u00e4ischer CO<sub>2<\/sub> Emissionshandel<\/a><\/h3>\n<p><a href=\"https:\/\/gallehr.flei.dev\/contact\/kontakt\/\">Janni Szilvas M.Sc.<\/a>, GALLEHR+PARTNER<sup>\u00ae<\/sup><\/p>\n<ul>\n<li>Aktueller Stand zur Ausgestaltung der 4. Emissionshandelsperiode<\/li>\n<li>Aktuelle Einflussfaktoren auf die CO<sub>2<\/sub> Preise<\/li>\n<\/ul>\n<p>Kommentar: <strong>Gazay Ahmadi<\/strong>, <a href=\"https:\/\/go2-markets.eu\/\" target=\"_blank\" rel=\"noopener\">GO2-markets GmbH<\/a><\/p>\n<h3><a href=\"https:\/\/gallehr.flei.dev\/?wpfb_dl=137\">Fortschreitende Energiewende: Einsparpotentiale sind neu zu bewerten<\/a><\/h3>\n<p><a href=\"https:\/\/gallehr.flei.dev\/dipl-ing-sebastian-gallehr-2\/\">Sebastian Gallehr<\/a>, GALLEHR+PARTNER<sup>\u00ae<\/sup><\/p>\n<ul>\n<li>Energiekosten: Trend von Mengenabh\u00e4ngig zu Leistungsabh\u00e4ngig<\/li>\n<li>Flexibilit\u00e4t der Energieabnahme vs. Reduzierung des Verbrauchs: Was spart mehr Energiekosten<\/li>\n<li>Spezifischer Energieeinsatz: Energieleistungskennzahlen zur Kostenreduzierung<\/li>\n<\/ul>\n<p>Kommentar: <strong>Helmut Lepple<\/strong>, <a href=\"https:\/\/www.bosch.de\/\" target=\"_blank\" rel=\"noopener\">Robert Bosch GmbH<\/a><\/p>\n<h3>Energiemanagement in komplexen internationalen Industrieunternehmen<\/h3>\n<p>Mario Kauderer, <a href=\"https:\/\/www.bosch.com\/\" target=\"_blank\" rel=\"noopener\">BOSCH Automotive Electronics<\/a><\/p>\n<ul>\n<li>Einf\u00fchrung und Betrieb eines europaweiten Energiemanagement Systems<\/li>\n<li>Erfahrungen bei der ISO 50001 Zertifizierung eines Matrix Systems<\/li>\n<li>Standortautonomie vs. Management-Effizienz: Der effektive Weg<\/li>\n<\/ul>\n<p>Kommentar: Axel Deinert, <a href=\"https:\/\/www.helmholtz-muenchen.de\/\" target=\"_blank\" rel=\"noopener\">Helmholtz Zentrum M\u00fcnchen<\/a><\/p>\n","protected":false},"excerpt":{"rendered":"<p>Nachschau zur GALLEHR+PARTNER\u00ae Fachtagung am 15.09.2017 in Bad Vilbel: Wettbewerbsf\u00e4hige Industrieunternehmen in Zeiten der Energiewende. Welchen Herausforderungen begegnen Deutsche Industrieunternehmen [&hellip;]<\/p>\n","protected":false},"author":2,"featured_media":0,"comment_status":"closed","ping_status":"closed","sticky":false,"template":"","format":"standard","meta":{"footnotes":""},"categories":[180,178],"tags":[],"class_list":["post-2276","post","type-post","status-publish","format-standard","hentry","category-news","category-archiv"],"_links":{"self":[{"href":"https:\/\/gallehr.flei.dev\/de\/wp-json\/wp\/v2\/posts\/2276","targetHints":{"allow":["GET"]}}],"collection":[{"href":"https:\/\/gallehr.flei.dev\/de\/wp-json\/wp\/v2\/posts"}],"about":[{"href":"https:\/\/gallehr.flei.dev\/de\/wp-json\/wp\/v2\/types\/post"}],"author":[{"embeddable":true,"href":"https:\/\/gallehr.flei.dev\/de\/wp-json\/wp\/v2\/users\/2"}],"replies":[{"embeddable":true,"href":"https:\/\/gallehr.flei.dev\/de\/wp-json\/wp\/v2\/comments?post=2276"}],"version-history":[{"count":0,"href":"https:\/\/gallehr.flei.dev\/de\/wp-json\/wp\/v2\/posts\/2276\/revisions"}],"wp:attachment":[{"href":"https:\/\/gallehr.flei.dev\/de\/wp-json\/wp\/v2\/media?parent=2276"}],"wp:term":[{"taxonomy":"category","embeddable":true,"href":"https:\/\/gallehr.flei.dev\/de\/wp-json\/wp\/v2\/categories?post=2276"},{"taxonomy":"post_tag","embeddable":true,"href":"https:\/\/gallehr.flei.dev\/de\/wp-json\/wp\/v2\/tags?post=2276"}],"curies":[{"name":"wp","href":"https:\/\/api.w.org\/{rel}","templated":true}]}}