{"id":2820,"date":"2019-03-13T10:15:26","date_gmt":"2019-03-13T09:15:26","guid":{"rendered":"https:\/\/hostsharing.gallehr.de\/?p=2820"},"modified":"2021-07-02T11:20:21","modified_gmt":"2021-07-02T09:20:21","slug":"eu-leitfaeden-zur-4-handelsperiode-im-co2-emissionshandel","status":"publish","type":"post","link":"https:\/\/gallehr.flei.dev\/de\/eu-leitfaeden-zur-4-handelsperiode-im-co2-emissionshandel\/","title":{"rendered":"EU-Leitf\u00e4den zur 4. Handelsperiode im CO2-Emissionshandel"},"content":{"rendered":"<p>Auf der <a href=\"https:\/\/ec.europa.eu\/clima\/policies\/ets\/allowances_en#tab-0-1\">Internetseite der Europ\u00e4ischen Kommission<\/a> stehen nunmehr die Leitf\u00e4den f\u00fcr die 4. Handelsperiode des CO<sub>2<\/sub>-Emissionshandels in englischer Sprache zum Herunterladen bereit.<\/p>\n<p><img decoding=\"async\" class=\"aligncenter size-medium wp-image-85145\" src=\"https:\/\/gallehr.flei.dev\/wordpress\/wp-content\/uploads\/2019\/03\/Beitrag-Guidance-Documents-2-1-290x300.png\" alt=\"\" width=\"290\" height=\"300\" srcset=\"https:\/\/gallehr.flei.dev\/wp-content\/uploads\/2019\/03\/Beitrag-Guidance-Documents-2-1-290x300.png 290w, https:\/\/gallehr.flei.dev\/wp-content\/uploads\/2019\/03\/Beitrag-Guidance-Documents-2-1-990x1024.png 990w, https:\/\/gallehr.flei.dev\/wp-content\/uploads\/2019\/03\/Beitrag-Guidance-Documents-2-1-768x794.png 768w, https:\/\/gallehr.flei.dev\/wp-content\/uploads\/2019\/03\/Beitrag-Guidance-Documents-2-1.png 1033w\" sizes=\"(max-width: 290px) 100vw, 290px\" \/><\/p>\n<p>Die 9 Leitf\u00e4den bieten Anlagenbetreibern Hilfestellungen zu folgenden Themen:<\/p>\n<ul>\n<li>Generelle \u00dcbersicht \u00fcber das Zuteilungsverfahren<\/li>\n<li>Allgemeine Zuteilungsregeln f\u00fcr Bestandsanlagen<\/li>\n<li>Datenerfordernisse<\/li>\n<li>Hinweise zur Verifizierung nach <a href=\"https:\/\/eur-lex.europa.eu\/legal-content\/EN\/ALL\/?uri=pi_com%3AC%282018%298664\">FAR (Free Allocation Rules)<\/a><\/li>\n<li>Methodenbericht und -plan<\/li>\n<li>Anlagen\u00fcberschreitende W\u00e4rmefl\u00fcsse<\/li>\n<li>Restgase und Prozessemissionen<\/li>\n<li>Sektorspezifische Hinweise und Erl\u00e4uterungen<\/li>\n<li>Best Practice Hinweise f\u00fcr Kleinemittenten gem\u00e4\u00df Artikel 27 der ge\u00e4nderten <a href=\"https:\/\/eur-lex.europa.eu\/legal-content\/DE\/ALL\/?uri=CELEX%3A32003L0087\">Emissionshandelsrichtlinie<\/a><\/li>\n<\/ul>\n<p>F\u00fcr deutsche Anlagenbetreiber sind insbesondere die <a href=\"https:\/\/gallehr.flei.dev\/leitfaden-fuer-das-zuteilungsverfahren-2021-2030\/\">Leitf\u00e4den der Deutschen Emissionshandelsstelle<\/a> relevant, da diese auch \u00fcber die Inhalte der EU-Leitf\u00e4den hinaus, spezielle Hinweise f\u00fcr deutsche Anlagenbetreiber bieten.<\/p>\n","protected":false},"excerpt":{"rendered":"<p>Auf der Internetseite der Europ\u00e4ischen Kommission stehen nunmehr die Leitf\u00e4den f\u00fcr die 4. Handelsperiode des CO2-Emissionshandels in englischer Sprache zum [&hellip;]<\/p>\n","protected":false},"author":2,"featured_media":0,"comment_status":"closed","ping_status":"closed","sticky":false,"template":"","format":"standard","meta":{"footnotes":""},"categories":[180],"tags":[],"class_list":["post-2820","post","type-post","status-publish","format-standard","hentry","category-news"],"_links":{"self":[{"href":"https:\/\/gallehr.flei.dev\/de\/wp-json\/wp\/v2\/posts\/2820","targetHints":{"allow":["GET"]}}],"collection":[{"href":"https:\/\/gallehr.flei.dev\/de\/wp-json\/wp\/v2\/posts"}],"about":[{"href":"https:\/\/gallehr.flei.dev\/de\/wp-json\/wp\/v2\/types\/post"}],"author":[{"embeddable":true,"href":"https:\/\/gallehr.flei.dev\/de\/wp-json\/wp\/v2\/users\/2"}],"replies":[{"embeddable":true,"href":"https:\/\/gallehr.flei.dev\/de\/wp-json\/wp\/v2\/comments?post=2820"}],"version-history":[{"count":0,"href":"https:\/\/gallehr.flei.dev\/de\/wp-json\/wp\/v2\/posts\/2820\/revisions"}],"wp:attachment":[{"href":"https:\/\/gallehr.flei.dev\/de\/wp-json\/wp\/v2\/media?parent=2820"}],"wp:term":[{"taxonomy":"category","embeddable":true,"href":"https:\/\/gallehr.flei.dev\/de\/wp-json\/wp\/v2\/categories?post=2820"},{"taxonomy":"post_tag","embeddable":true,"href":"https:\/\/gallehr.flei.dev\/de\/wp-json\/wp\/v2\/tags?post=2820"}],"curies":[{"name":"wp","href":"https:\/\/api.w.org\/{rel}","templated":true}]}}