{"id":3480,"date":"2020-03-17T16:18:21","date_gmt":"2020-03-17T15:18:21","guid":{"rendered":"https:\/\/hostsharing.gallehr.de\/?p=3480"},"modified":"2021-07-02T11:56:45","modified_gmt":"2021-07-02T09:56:45","slug":"vps-backup-fuer-die-versendung-von-emissionsberichten","status":"publish","type":"post","link":"https:\/\/gallehr.flei.dev\/de\/vps-backup-fuer-die-versendung-von-emissionsberichten\/","title":{"rendered":"VPS Backup f\u00fcr die Versendung von Emissionsberichten"},"content":{"rendered":"<h2>GALLEHR+PARTNER<sup>\u00ae<\/sup> bietet EU-ETS Anlagenbetreibern Unterst\u00fctzung bei der Versendung der Emissionsberichte 2019<\/h2>\n<p>Derzeit sind viele Unternehmen in Europa angehalten, Ihren Mitarbeitern das Arbeiten au\u00dferhalb der Unternehmensgrenzen zu erm\u00f6glichen (Home Office). Viele administrative T\u00e4tigkeiten k\u00f6nnen aktuell zwar aus dem Homeoffice ausgef\u00fchrt, aber die M\u00f6glichkeiten zum verteilten Arbeiten sind h\u00e4ufig noch nicht hinreichend belastbar ausgebaut. Insbesondere der zur Einreichung der Emissionsberichte zu nutzende<a href=\"https:\/\/www.dehst.de\/DE\/service\/elektronische-kommunikation\/Virtuelle_Poststelle\/virtuelle-poststelle_node.html\" target=\"_blank\" rel=\"noopener noreferrer\"> eGovernance Kommunikationsweg der Deutschen Emissionshandelsstelle (DEHSt) \u00fcber die VPS<\/a> setzt die Verf\u00fcgbarkeit von spezieller IT Infrastruktur am Ort des Arbeitens voraus.<\/p>\n<p><a href=\"https:\/\/gallehr.flei.dev\/wordpress\/wp-content\/uploads\/2020\/03\/FMS-VPS-Kommunikationswege.jpeg\"><img decoding=\"async\" class=\"aligncenter size-medium wp-image-85191\" src=\"https:\/\/gallehr.flei.dev\/wordpress\/wp-content\/uploads\/2020\/03\/FMS-VPS-Kommunikationswege-300x225.jpeg\" alt=\"\" width=\"300\" height=\"225\" srcset=\"https:\/\/gallehr.flei.dev\/wp-content\/uploads\/2020\/03\/FMS-VPS-Kommunikationswege-300x225.jpeg 300w, https:\/\/gallehr.flei.dev\/wp-content\/uploads\/2020\/03\/FMS-VPS-Kommunikationswege.jpeg 380w\" sizes=\"(max-width: 300px) 100vw, 300px\" \/><\/a><\/p>\n<p>Was ist aber, wenn die relevanten Deadlines zum 31.03. und 30.04. evtl. wegen Krankheit gef\u00e4hrdet werden?<\/p>\n<p>Am 20.03.2020 hat sich die DEHSt zu dieser Frage auf ihrer <a href=\"https:\/\/www.dehst.de\/DE\/service\/corona\/corona_node.html\">website <\/a>ge\u00e4u\u00dfert. Da die Formulierung <em>\u201ewegen der Erkrankung oder des Ausfalls von Mitarbeiterinnen\u201c<\/em> aber keinen Freibrief f\u00fcr die Nichteinhaltung der Fristen erkennen l\u00e4\u00dft, raten wir jedem Unternehmen, m\u00f6glichst alles zu tun, um die aktuellen Berichts- und Abgabeverpflichten fristgerecht zu erf\u00fcllen.<\/p>\n<p>Die Verpflichtung zur fristgerechten, signierten \u00dcbermittlung der verifizierten Emissionsberichte des Jahres 2019 \u00fcber die <a href=\"https:\/\/www.dehst.de\/DE\/service\/elektronische-kommunikation\/Virtuelle_Poststelle\/virtuelle-poststelle_node.html\" target=\"_blank\" rel=\"noopener noreferrer\">virtuelle Poststelle (VPS)<\/a> der DEHSt bis zum 31. M\u00e4rz 2020 sollte entsprechend auch in dem derzeit geltenden Ausnahmezustand erf\u00fcllt werden.<\/p>\n<p>Das Risiko der nicht fristgerechten Einreichung der Emissionsberichte ist eine Sch\u00e4tzung der Emissionen des Jahres 2019 durch die DEHSt. Die Sch\u00e4tzung wird im Normalfall konservativ erfolgen, entsprechend kann es zu einer erh\u00f6hten Abgabeverpflichtung von Emissionsberechtigungen kommen. Au\u00dferdem kann es zu einer Sperrung des Registerkontos kommen, falls die Eintr\u00e4ge der gepr\u00fcften Emissionen, die sogenannten VET-Eintr\u00e4ge, nicht rechtzeitig bis zum 31.03. erfolgen.<\/p>\n<p><strong>GALLEHR+PARTNER<sup>\u00ae<\/sup> bietet den Betreibern emissionshandelspflichtiger Anlagen die M\u00f6glichkeit f\u00fcr ein Sicherheitsbackup der DEHST Kommunikationswege an.<\/strong><\/p>\n<p>Bei Interesse kontaktieren Sie uns gerne direkt per eMail unter <strong><a href=\"https:\/\/x14.id4net.de:8080\/index.php#\" data-load-content=\"mail\/mail_alias_edit.php?id=143\">vps-backup@gallehr.de<\/a><\/strong> bzw. <strong><a href=\"https:\/\/gallehr.flei.dev\/contact\/\" target=\"_blank\" rel=\"noopener noreferrer\">\u00fcber unsere weiteren Kontaktwege.<\/a><\/strong><\/p>\n<p><a href=\"https:\/\/gallehr.flei.dev\/?wpfb_dl=156\">Hier finden Sie dar\u00fcber hinaus eine Vollmacht zur Versendung der Emissionsberechtigungen durch Dritte zum download.<\/a><\/p>\n<p>&nbsp;<\/p>\n<article class=\"post\">\n<h1>Das k\u00f6nnte Sie auch interessieren<\/h1>\n<ul>\n<li><a href=\"https:\/\/gallehr.flei.dev\/kompetenz\/emissions-trading\/\" target=\"_blank\" rel=\"noopener noreferrer\">Das europ\u00e4ische Emissionshandelssystem (EU-ETS) und die Konsequenzen f\u00fcr betroffene Unternehmen<\/a><\/li>\n<li><a href=\"https:\/\/gallehr.flei.dev\/kompetenz\/energiemanagement-beratungs-module\/\" target=\"_blank\" rel=\"noopener noreferrer\">Energiemanagement in der Industrie: Die ISO 50001 als Managementsystem zur Vermeidung von Energie- und CO<sub>2<\/sub> Kosten<\/a><\/li>\n<\/ul>\n<\/article>\n","protected":false},"excerpt":{"rendered":"<p>GALLEHR+PARTNER\u00ae bietet EU-ETS Anlagenbetreibern Unterst\u00fctzung bei der Versendung der Emissionsberichte 2019 Derzeit sind viele Unternehmen in Europa angehalten, Ihren Mitarbeitern [&hellip;]<\/p>\n","protected":false},"author":2,"featured_media":0,"comment_status":"closed","ping_status":"closed","sticky":false,"template":"","format":"standard","meta":{"footnotes":""},"categories":[180,178],"tags":[216,265,309,320,321,322,189,204,205,208,209],"class_list":["post-3480","post","type-post","status-publish","format-standard","hentry","category-news","category-archiv","tag-tehg","tag-eu-ets","tag-emissionsbericht","tag-corona","tag-homeoffice","tag-pandemievorsorge","tag-emissionshandel","tag-dehst","tag-fms","tag-virtuelle-poststelle","tag-vps"],"_links":{"self":[{"href":"https:\/\/gallehr.flei.dev\/de\/wp-json\/wp\/v2\/posts\/3480","targetHints":{"allow":["GET"]}}],"collection":[{"href":"https:\/\/gallehr.flei.dev\/de\/wp-json\/wp\/v2\/posts"}],"about":[{"href":"https:\/\/gallehr.flei.dev\/de\/wp-json\/wp\/v2\/types\/post"}],"author":[{"embeddable":true,"href":"https:\/\/gallehr.flei.dev\/de\/wp-json\/wp\/v2\/users\/2"}],"replies":[{"embeddable":true,"href":"https:\/\/gallehr.flei.dev\/de\/wp-json\/wp\/v2\/comments?post=3480"}],"version-history":[{"count":0,"href":"https:\/\/gallehr.flei.dev\/de\/wp-json\/wp\/v2\/posts\/3480\/revisions"}],"wp:attachment":[{"href":"https:\/\/gallehr.flei.dev\/de\/wp-json\/wp\/v2\/media?parent=3480"}],"wp:term":[{"taxonomy":"category","embeddable":true,"href":"https:\/\/gallehr.flei.dev\/de\/wp-json\/wp\/v2\/categories?post=3480"},{"taxonomy":"post_tag","embeddable":true,"href":"https:\/\/gallehr.flei.dev\/de\/wp-json\/wp\/v2\/tags?post=3480"}],"curies":[{"name":"wp","href":"https:\/\/api.w.org\/{rel}","templated":true}]}}