{"id":3495,"date":"2020-03-25T13:15:20","date_gmt":"2020-03-25T12:15:20","guid":{"rendered":"https:\/\/hostsharing.gallehr.de\/?p=3495"},"modified":"2021-07-02T11:57:33","modified_gmt":"2021-07-02T09:57:33","slug":"homeoffice-und-eu-ets-in-der-corona-krise","status":"publish","type":"post","link":"https:\/\/gallehr.flei.dev\/de\/homeoffice-und-eu-ets-in-der-corona-krise\/","title":{"rendered":"Homeoffice und EU-ETS in der Corona Krise"},"content":{"rendered":"<h1>Homeoffice und EU-ETS in der Corona Krise:<\/h1>\n<h2>Was m\u00fcssen Unternehmen im Rahmen des CO<sub>2<\/sub>-Handels beachten?<\/h2>\n<p><a href=\"https:\/\/gallehr.flei.dev\/wordpress\/wp-content\/uploads\/2020\/03\/macbook-336704_1280.jpg\"><img decoding=\"async\" class=\"aligncenter size-medium wp-image-85194\" src=\"https:\/\/gallehr.flei.dev\/wordpress\/wp-content\/uploads\/2020\/03\/macbook-336704_1280-300x200.jpg\" alt=\"\" width=\"300\" height=\"200\" srcset=\"https:\/\/gallehr.flei.dev\/wp-content\/uploads\/2020\/03\/macbook-336704_1280-300x200.jpg 300w, https:\/\/gallehr.flei.dev\/wp-content\/uploads\/2020\/03\/macbook-336704_1280-1024x682.jpg 1024w, https:\/\/gallehr.flei.dev\/wp-content\/uploads\/2020\/03\/macbook-336704_1280-768x512.jpg 768w, https:\/\/gallehr.flei.dev\/wp-content\/uploads\/2020\/03\/macbook-336704_1280.jpg 1280w\" sizes=\"(max-width: 300px) 100vw, 300px\" \/><\/a><\/p>\n<p>Viele zur Teilnahme am EU-ETS verpflichtete Unternehmen befinden sich w\u00e4hrend der Corona-Krise in einer besonderen Situation. Diese Unternehmen stellen h\u00e4ufig systemrelevante Grundstoffe her oder m\u00fcssen, um Langzeitsch\u00e4den zu vermeiden, die Produktion auch in Notsituationen aufrechterhalten. Deswegen agieren sie bereits jetzt mit reduziertem Personal. Viele administrative T\u00e4tigkeiten werden aktuell zwar aus dem Homeoffice ausgef\u00fchrt, aber die M\u00f6glichkeiten zum verteilten Arbeiten sind h\u00e4ufig noch nicht hinreichend belastbar ausgebaut.<\/p>\n<p>Allerdings laufen auch im Emissionshandelsrecht diverse Pflichten, wie z.B. die Frist zur Abgabe der Emissionsberichte zum 31.3.2020 und die Frist zur R\u00fcckgabe der Emissionsrechte f\u00fcr das Jahr 2019 bis zum 30.04.2020. Die Erf\u00fcllung der Pflichten setzt die Verf\u00fcgbarkeit von spezieller IT Infrastruktur am Ort des Arbeitens voraus.<\/p>\n<p>Welche Auswirkungen haben diese Umst\u00e4nde in Bezug auf die Erf\u00fcllung der gesetzlichen Verpflichtungen?<\/p>\n<p>Hier gibt GALLEHR+PARTNER<sup>\u00ae<\/sup> Hinweise zu den wichtigsten administrativen Fragen in Bezug auf das EU-ETS in Zeiten der Corona Krise:<\/p>\n<h2>Die wichtigste Frage: M\u00fcssen die verpflichtenden Termine auch in Zeiten der Corona Krise eingehalten werden?<\/h2>\n<p>Am 20.03.2020 hat sich die DEHSt. zu dieser Frage auf ihrer <a href=\"https:\/\/www.dehst.de\/DE\/service\/corona\/corona_node.html\">website <\/a>ge\u00e4u\u00dfert:<\/p>\n<p><em>\u201c<\/em><em>Uns erreichen derzeit vermehrt Anfragen, welche Folgen es hat, wenn aufgrund der Ausbreitung des neuartigen Coronavirus (Sars-CoV-2) und der zu dessen Eind\u00e4mmung ergriffenen Ma\u00dfnahmen Fristen nicht eingehalten werden k\u00f6nnen. Sollten <strong>Fristen in Folge der derzeitigen au\u00dfergew\u00f6hnlichen Situation im Einzelfall nachweislich nicht eingehalten werden<\/strong>, werden wir dieses im weiteren Vollzug des Europ\u00e4ischen Emissionshandels oder der Strompreiskompensation<strong> ber\u00fccksichtigen<\/strong>. Insbesondere betrifft dies im Einzelfall die Festsetzung einer Zahlungspflicht wegen einer Abgabepflichtverletzung oder die Verh\u00e4ngung von Bu\u00dfgeldern wegen Ordnungswidrigkeiten, wenn die Pflichten nachweislich u.a. <strong>wegen der Erkrankung oder des Ausfalls von Mitarbeiterinnen<\/strong> und Mitarbeitern aufgrund der Sars-CoV-2-Pandemie nicht rechtzeitig erf\u00fcllt wurden. Wir informieren Sie weiter, sobald die EU oder die Europ\u00e4ische Kommission Entscheidungen treffen.<\/em><em>\u201d<\/em><\/p>\n<p>Da die Formulierung <em>\u201ewegen der Erkrankung oder des Ausfalls von Mitarbeiterinnen\u201c<\/em> keinen Freibrief f\u00fcr die Nichteinhaltung der Fristen erkennen l\u00e4sst, raten wir jedem Unternehmen, m\u00f6glichst alles zu tun, um die aktuellen Berichts- und Abgabeverpflichten fristgerecht zu erf\u00fcllen.<\/p>\n<p>Laut einer <a href=\"https:\/\/in.reuters.com\/article\/us-health-coronavirus-carbontrading\/eu-sticks-to-carbon-deadlines-despite-coronavirus-delay-calls-idINKBN21D3AN\" target=\"_blank\" rel=\"noopener noreferrer\">Reuters Meldung<\/a> vom 26.3.2020 besteht die <a href=\"https:\/\/europa.eu\/european-union\/index_de\" target=\"_blank\" rel=\"noopener noreferrer\">EU Komission<\/a> aber ach in Zeiten der Corona Krise auf der Einhaltung der Pflichten.<\/p>\n<h2>Welche Pflichten gilt es in den n\u00e4chsten Monaten zu beachten?<\/h2>\n<h3>Einreichung der verifizierten Emissionsberichte bis zum 31.03.2020, signiert \u00fcber die <a href=\"https:\/\/www.dehst.de\/DE\/service\/elektronische-kommunikation\/Virtuelle_Poststelle\/virtuelle-poststelle_node.html\">VPS<\/a><\/h3>\n<p>Das Risiko der nicht fristgerechten Einreichung der Emissionsberichte ist eine Sch\u00e4tzung der Emissionen des Jahres 2019 durch die DEHSt. Die Sch\u00e4tzung wird im Normalfall konservativ erfolgen, entsprechend kann es zu einer erh\u00f6hten Abgabeverpflichtung von Emissionsberechtigungen kommen.<\/p>\n<p>Die Einreichung der verifizierten Emissionsberichte hat elektronisch signiert \u00fcber die <a href=\"https:\/\/www.dehst.de\/DE\/service\/elektronische-kommunikation\/Virtuelle_Poststelle\/virtuelle-poststelle_node.html\">virtuelle Poststelle (VPS)<\/a> der DEHSt zu erfolgen. Dazu m\u00fcssen folgende Grundvoraussetzungen am Ort der Einreichung vorhanden sein:<\/p>\n<ol>\n<li>Internetzugang mit entsprechend eingestellter Firewall<\/li>\n<li><a href=\"https:\/\/www.dehst.de\/SharedDocs\/antworten\/DE\/Virtuelle-Poststelle\/VPS_045_Freischaltung.html;jsessionid=14AF1F4B8035DC1830A541715AEF39F1.1_cid321\">Von der DEHST freigeschaltetes Postfach der virtuellen Poststelle<\/a><\/li>\n<li><a href=\"https:\/\/www.dehst.de\/SharedDocs\/downloads\/DE\/vps\/VPS-Installationsanleitung.html;jsessionid=14AF1F4B8035DC1830A541715AEF39F1.1_cid321\">Auf dem zu nutzenden PC installierter osci-client als Zugang zum freigeschalteten Postfach<\/a><\/li>\n<li><a href=\"https:\/\/www.dehst.de\/SPK\/DE\/service\/Elektronische-Kommunikation\/Elektronische-Signatur\/elektronische-signatur-node.html#doc9091538\">Kompatibles und eingerichtetes Leseger\u00e4t f\u00fcr die elektronische Signatur<\/a><\/li>\n<li><a href=\"https:\/\/www.dehst.de\/SPK\/DE\/service\/Elektronische-Kommunikation\/Elektronische-Signatur\/elektronische-signatur-node.html#doc8829006\">G\u00fcltige und aktivierte pers\u00f6nliche eletronische Signaturkarte einer der zugelassenen Anbieter<\/a><\/li>\n<li>Separate Passworte f\u00fcr den Zugang zum Postfach und f\u00fcr den Signiervorgang<\/li>\n<\/ol>\n<h3>VET Eintrag der verifizierten Emissionen im <a href=\"https:\/\/www.dehst.de\/DE\/service\/unionsregister\/Konto\/konto-node.html\">Registerkonto <\/a>sowie Best\u00e4tigung durch den Verifizierer bis zum 31.03.2020<\/h3>\n<p>Das Risiko eines nicht rechtzeitig erfolgten VET-Eintrags ist die potentielle Sperrung des Registerkontos. Vgl. Artikel 36 (1) der <a href=\"https:\/\/eur-lex.europa.eu\/legal-content\/DE\/TXT\/PDF\/?uri=CELEX:32013R0389&amp;from=EN\">Registerverordnung<\/a>.<\/p>\n<p>In Abstimmung mit der Pr\u00fcfstelle, kann diese den VET Eintrag selbst durchf\u00fchren und auch best\u00e4tigen. GALLEHR+PARTNER<sup>\u00ae<\/sup> empfiehlt hierzu den Anlagenbetreibern, rechtzeitig den Eintrag selbst durchzuf\u00fchren oder dem Pr\u00fcfer den Auftrag dazu zu erteilen.<\/p>\n<p>Rechtzeitig vor dem 31.03. 2020 sollten die Anlagenbetreiber im Register unter dem Reiter \u201cCompliance\u201d kontrollieren, ob die Best\u00e4tigung des VET Eintrags erfolgt ist.<\/p>\n<h3>R\u00fcckgabe der Emissionsrechte f\u00fcr das Jahr 2019 \u00fcber das <a href=\"https:\/\/unionregistry.ec.europa.eu\/euregistry\/DE\/index.xhtml\">Registerkonto<\/a> bis zum 30.04.2020<\/h3>\n<p>Im Normalfall kommt es bei nicht rechtzeitiger R\u00fcckgabe der Emissionsrechte f\u00fcr die CO<sub>2<\/sub> Emissionen des Jahres 2019 zu einer <a href=\"https:\/\/www.dehst.de\/DE\/Emissionshandel-verstehen\/Sanktionierung\/sanktionierung_node.html\">Strafzahlung <\/a>von mindestens EUR 100,&#8211; je Tonne CO<sub>2<\/sub>. Die Verpflichtung zur R\u00fcckgabe der fehlenden EUA bleibt davon unber\u00fchrt.<\/p>\n<p>Die R\u00fcckgabe erfolgt aus dem <a href=\"https:\/\/unionregistry.ec.europa.eu\/euregistry\/DE\/index.xhtml\">Registerkonto<\/a>. Es sind daf\u00fcr mindestens zwei Bevollm\u00e4chtigte notwendig. Um die R\u00fcckgabe durchf\u00fchren zu k\u00f6nnen, braucht jeder der beiden Bevollm\u00e4chtigten neben einem funktionierenden Internetzugang erstens ein g\u00fcltiges Passwort f\u00fcr das <a href=\"https:\/\/unionregistry.ec.europa.eu\/euregistry\/DE\/index.xhtml\" target=\"_blank\" rel=\"noopener noreferrer\">ECAS-login<\/a> und zweitens das dort hinterlegte Mobiltelefon zum Empfang der mobilen TAN \u00fcber SMS.<\/p>\n<h2>Unterst\u00fctzung von GALLEHR+PARTNER<sup>\u00ae<\/sup><\/h2>\n<p><a href=\"https:\/\/hostsharing.gallehr.de\">GALLEHR+PARTNER<sup>\u00ae<\/sup><\/a> bietet den Betreibern emissionshandelspflichtiger Anlagen umfassende Unterst\u00fctzung an.<\/p>\n<ol>\n<li><a href=\"https:\/\/gallehr.flei.dev\/vps-backup-fuer-die-versendung-von-emissionsberichten\/\">VPS Backup zum Versand des Emissionsberichts an die DEHSt. <\/a><\/li>\n<li>Unterst\u00fctzung bei der R\u00fcckgabe der notwendigen Emissionsrechte aus dem Registerkonto als Bevollm\u00e4chtigte oder durch Telefonsupport mit erfahrenen Experten.<\/li>\n<li>Kontinuierliche Betreuung in allen Fragen und T\u00e4tigkeiten zum Europ\u00e4ischen Emissionshandel<\/li>\n<\/ol>\n<p><a href=\"https:\/\/gallehr.flei.dev\/contact\/kontakt\/\">Bei Interesse und f\u00fcr Nachfragen erreichen Sie uns auch telefonisch unter <strong>+49 6039 92636 86<\/strong> oder per eMail unter <strong>ets-support@gallehr.de<\/strong><\/a><\/p>\n<article class=\"post\">\n<h1>Das k\u00f6nnte Sie auch interessieren<\/h1>\n<ul>\n<li><a href=\"https:\/\/gallehr.flei.dev\/kompetenz\/emissions-trading\/\" target=\"_blank\" rel=\"noopener noreferrer\">Das europ\u00e4ische Emissionshandelssystem (EU-ETS) und die Konsequenzen f\u00fcr betroffene Unternehmen<\/a><\/li>\n<li><a href=\"https:\/\/gallehr.flei.dev\/kompetenz\/energiemanagement-beratungs-module\/\" target=\"_blank\" rel=\"noopener noreferrer\">Energiemanagement in der Industrie: Die ISO 50001 als Managementsystem zur Vermeidung von Energie- und CO<sub>2<\/sub> Kosten<\/a><\/li>\n<\/ul>\n<\/article>\n","protected":false},"excerpt":{"rendered":"<p>Homeoffice und EU-ETS in der Corona Krise: Was m\u00fcssen Unternehmen im Rahmen des CO2-Handels beachten? Viele zur Teilnahme am EU-ETS [&hellip;]<\/p>\n","protected":false},"author":2,"featured_media":0,"comment_status":"closed","ping_status":"closed","sticky":false,"template":"","format":"standard","meta":{"footnotes":""},"categories":[180,178],"tags":[238,265,309,320,322,323,324,189,204,205,208,209,216],"class_list":["post-3495","post","type-post","status-publish","format-standard","hentry","category-news","category-archiv","tag-emissionsberechtigungen","tag-eu-ets","tag-emissionsbericht","tag-corona","tag-pandemievorsorge","tag-osci","tag-registerverordnung","tag-emissionshandel","tag-dehst","tag-fms","tag-virtuelle-poststelle","tag-vps","tag-tehg"],"_links":{"self":[{"href":"https:\/\/gallehr.flei.dev\/de\/wp-json\/wp\/v2\/posts\/3495","targetHints":{"allow":["GET"]}}],"collection":[{"href":"https:\/\/gallehr.flei.dev\/de\/wp-json\/wp\/v2\/posts"}],"about":[{"href":"https:\/\/gallehr.flei.dev\/de\/wp-json\/wp\/v2\/types\/post"}],"author":[{"embeddable":true,"href":"https:\/\/gallehr.flei.dev\/de\/wp-json\/wp\/v2\/users\/2"}],"replies":[{"embeddable":true,"href":"https:\/\/gallehr.flei.dev\/de\/wp-json\/wp\/v2\/comments?post=3495"}],"version-history":[{"count":0,"href":"https:\/\/gallehr.flei.dev\/de\/wp-json\/wp\/v2\/posts\/3495\/revisions"}],"wp:attachment":[{"href":"https:\/\/gallehr.flei.dev\/de\/wp-json\/wp\/v2\/media?parent=3495"}],"wp:term":[{"taxonomy":"category","embeddable":true,"href":"https:\/\/gallehr.flei.dev\/de\/wp-json\/wp\/v2\/categories?post=3495"},{"taxonomy":"post_tag","embeddable":true,"href":"https:\/\/gallehr.flei.dev\/de\/wp-json\/wp\/v2\/tags?post=3495"}],"curies":[{"name":"wp","href":"https:\/\/api.w.org\/{rel}","templated":true}]}}