{"id":3526,"date":"2020-05-05T17:50:00","date_gmt":"2020-05-05T15:50:00","guid":{"rendered":"https:\/\/hostsharing.gallehr.de\/?p=3526"},"modified":"2021-07-02T12:03:18","modified_gmt":"2021-07-02T10:03:18","slug":"dehst-hintergrundpapier-zum-nationalen-emissionshandelssystem-nehs-behg-veroeffentlicht","status":"publish","type":"post","link":"https:\/\/gallehr.flei.dev\/de\/dehst-hintergrundpapier-zum-nationalen-emissionshandelssystem-nehs-behg-veroeffentlicht\/","title":{"rendered":"DEHSt Hintergrundpapier zum nationalen Emissionshandelssystem (nEHS\/BEHG) ver\u00f6ffentlicht"},"content":{"rendered":"<p><a href=\"https:\/\/gallehr.flei.dev\/wordpress\/wp-content\/uploads\/2021\/06\/Emissionshandel.jpg\"><img decoding=\"async\" class=\"alignnone size-medium wp-image-84796\" src=\"https:\/\/gallehr.flei.dev\/wordpress\/wp-content\/uploads\/2021\/06\/Emissionshandel-300x55.jpg\" alt=\"EU-ETS Emissionshandel DEHSt NIMS freie Zuteilung\" width=\"300\" height=\"55\" srcset=\"https:\/\/gallehr.flei.dev\/wp-content\/uploads\/2021\/06\/Emissionshandel-300x55.jpg 300w, https:\/\/gallehr.flei.dev\/wp-content\/uploads\/2021\/06\/Emissionshandel-1024x186.jpg 1024w, https:\/\/gallehr.flei.dev\/wp-content\/uploads\/2021\/06\/Emissionshandel-768x140.jpg 768w, https:\/\/gallehr.flei.dev\/wp-content\/uploads\/2021\/06\/Emissionshandel.jpg 1100w\" sizes=\"(max-width: 300px) 100vw, 300px\" \/><\/a><\/p>\n<p>Die Deutsche Emissionshandelsstelle (DEHSt) hat ein <a href=\"https:\/\/www.dehst.de\/SharedDocs\/downloads\/DE\/nehs\/nehs-hintergrundpapier.pdf?__blob=publicationFile&amp;v=3\">Hintergrundpapier<\/a> Stand M\u00e4rz 2020 zum nationalen Emissionshandelssystem (nEHS) ver\u00f6ffentlicht, welches auf der Grundlage des Brennstoffemissionshandelsgesetzes (BEHG) eingef\u00fchrt wird (<a href=\"https:\/\/gallehr.flei.dev\/brennstoffemissionshandelsgesetz-behg-nehs-wer-ist-betroffen\/\">GALLEHR+PARTNER<sup>\u00ae<\/sup> berichtete<\/a>).<\/p>\n<p>In dem Hintergrundpapier wird auf die Gr\u00fcnde, Grundlagen, Anwendungsbereich und Verpflichtete sowie Abl\u00e4ufe und Wirkungsweise des nEHS n\u00e4her eingegangen. Auch ein kurzes Fazit und Ausblick wird gegeben.<\/p>\n<p>In dem oben genannten Hintergrundpapier finden sich neben anderen hilfreichen Ausf\u00fchrungen z.B. auch Erl\u00e4uterungen<\/p>\n<ol>\n<li>zu den zwei Mechanismen zur Vermeidung von Doppelbelastungen bei EU-ETS-Anlagen (Reduktion der Abgabeverpflichtung beim Inverkehrbringer um die an EU-ETS-Anlagen gelieferten und dort eingesetzten Brennstoffmengen vs. Ausgleichsbeantragung bei der DEHSt durch den Betreiber einer EU-ETS-Anlage f\u00fcr die zus\u00e4tzliche Bepreisung durch das nEHS) [siehe Seite 8 des Hintergrundpapiers];<\/li>\n<li>zu den Pflichten der teilnehmenden Unternehmen und diesbez\u00fcgliche Erleichterungen in den Jahren 2021 und 2022 [siehe Seite 11 des Hintergrundpapiers];<\/li>\n<li>zur Handhabung von Verst\u00f6\u00dfen [siehe Seite 12 des Hintergrundpapiers];<\/li>\n<li>zu Ma\u00dfnahmen zur Gew\u00e4hrleistung der Wettbewerbsf\u00e4higkeit der von den zus\u00e4tzlichen Brennstoffkosten des BEHG betroffenen Unternehmen auf europ\u00e4ischer und internationaler Ebene,\n<ul>\n<li>um eine Verlagerung von Unternehmen und deren Emissionen ins Ausland zu vermeiden (sogenanntes Carbon Leakage) -hierf\u00fcr ist eine finanzielle Unterst\u00fctzung f\u00fcr klimafreundliche Investitionen der betroffenen Unternehmen vorgesehen [siehe Seite 12 des Hintergrundpapiers]-<span style=\"float: none; background-color: #ffffff; color: #333333; cursor: text; font-family: Georgia,'Times New Roman','Bitstream Charter',Times,serif; font-size: 16px; font-style: normal; font-variant: normal; font-weight: 400; letter-spacing: normal; text-align: left; text-decoration: none; text-indent: 0px; text-transform: none;\"><br \/>\n<\/span>sowie<\/li>\n<li>zum Mindestschutz vor unverh\u00e4ltnism\u00e4\u00dfigen indirekten Belastungen in Folge der Einf\u00fchrung des nEHS in atypischen Einzelf\u00e4llen [siehe Seite 12 des Hintergrundpapiers].<\/li>\n<\/ul>\n<\/li>\n<\/ol>\n<p>Insgesamt wird mehrfach auf noch zu erlassende Verordnungen verwiesen, in welchen die jeweils konkrete Ausgestaltung geregelt werden wird.<\/p>\n<p>Weiterhin wird mitgeteilt, dass die DEHSt weitere Informationen auf Ihrer Website bereitstellt, sobald die organisatorischen und fachlichen Vorbereitungen weiter vorangeschritten sind.<\/p>\n<p>Autor: Holger Tabke, GALLEHR+PARTNER<sup>\u00ae<\/sup><br \/>\nDatum: 05.05.2020<\/p>\n<p><a href=\"https:\/\/gallehr.flei.dev\/firma\/\">GALLEHR+PARTNER<sup>\u00ae<\/sup><\/a> unterst\u00fctzt betroffene Unternehmen zu Fragen rund um das Brennstoffemissionshandelsgesetz (BEHG) und das nationale Emissionshandelssystem (nEHS).<\/p>\n<p><a href=\"https:\/\/gallehr.flei.dev\/contact\/kontakt\/\">Bei Interesse nehmen Sie gerne Kontakt mit uns auf<\/a><\/p>\n<p>Das k\u00f6nnte Sie auch interessieren:<\/p>\n<ul>\n<li><a href=\"https:\/\/gallehr.flei.dev\/brennstoffemissionshandelsgesetz-behg-nehs-wer-ist-betroffen\/\">Brennstoffemissionshandelsgesetz (BEHG, nEHS) \u2013 Wer ist betroffen?<\/a><\/li>\n<li><a href=\"https:\/\/gallehr.flei.dev\/kompetenz\/emissions-trading\/\" target=\"_blank\" rel=\"noopener noreferrer\">Das europ\u00e4ische Emissionshandelssystem (EU-ETS) und die Konsequenzen f\u00fcr betroffene Unternehmen<\/a><\/li>\n<li><a href=\"https:\/\/gallehr.flei.dev\/kompetenz\/energiemanagement-beratungs-module\/\" target=\"_blank\" rel=\"noopener noreferrer\">Energiemanagement in der Industrie: Die ISO 50001 als Managementsystem zur Vermeidung von Energie- und CO<sub>2<\/sub> Kosten<\/a><\/li>\n<\/ul>\n","protected":false},"excerpt":{"rendered":"<p>Die Deutsche Emissionshandelsstelle (DEHSt) hat ein Hintergrundpapier Stand M\u00e4rz 2020 zum nationalen Emissionshandelssystem (nEHS) ver\u00f6ffentlicht, welches auf der Grundlage des [&hellip;]<\/p>\n","protected":false},"author":2,"featured_media":0,"comment_status":"closed","ping_status":"closed","sticky":false,"template":"","format":"standard","meta":{"footnotes":""},"categories":[180,178],"tags":[301,304,309,312,313,325,326,327,189,204,238,265],"class_list":["post-3526","post","type-post","status-publish","format-standard","hentry","category-news","category-archiv","tag-behg","tag-brennstoffemissionshandelsgesetz","tag-emissionsbericht","tag-nationaler-emissionshandel","tag-nehs","tag-ets","tag-hintergrundpapier","tag-ueberwachungsplan","tag-emissionshandel","tag-dehst","tag-emissionsberechtigungen","tag-eu-ets"],"_links":{"self":[{"href":"https:\/\/gallehr.flei.dev\/de\/wp-json\/wp\/v2\/posts\/3526","targetHints":{"allow":["GET"]}}],"collection":[{"href":"https:\/\/gallehr.flei.dev\/de\/wp-json\/wp\/v2\/posts"}],"about":[{"href":"https:\/\/gallehr.flei.dev\/de\/wp-json\/wp\/v2\/types\/post"}],"author":[{"embeddable":true,"href":"https:\/\/gallehr.flei.dev\/de\/wp-json\/wp\/v2\/users\/2"}],"replies":[{"embeddable":true,"href":"https:\/\/gallehr.flei.dev\/de\/wp-json\/wp\/v2\/comments?post=3526"}],"version-history":[{"count":0,"href":"https:\/\/gallehr.flei.dev\/de\/wp-json\/wp\/v2\/posts\/3526\/revisions"}],"wp:attachment":[{"href":"https:\/\/gallehr.flei.dev\/de\/wp-json\/wp\/v2\/media?parent=3526"}],"wp:term":[{"taxonomy":"category","embeddable":true,"href":"https:\/\/gallehr.flei.dev\/de\/wp-json\/wp\/v2\/categories?post=3526"},{"taxonomy":"post_tag","embeddable":true,"href":"https:\/\/gallehr.flei.dev\/de\/wp-json\/wp\/v2\/tags?post=3526"}],"curies":[{"name":"wp","href":"https:\/\/api.w.org\/{rel}","templated":true}]}}