{"id":366,"date":"2010-03-19T15:39:37","date_gmt":"2010-03-19T15:39:37","guid":{"rendered":"https:\/\/hostsharing.gallehr.de\/WP\/?p=366"},"modified":"2021-07-02T10:29:48","modified_gmt":"2021-07-02T08:29:48","slug":"phw-co2-fusabdruck-wiesenhof-stellt-erstmals-zertifizierte-emissionsbilanz-auf","status":"publish","type":"post","link":"https:\/\/gallehr.flei.dev\/de\/phw-co2-fusabdruck-wiesenhof-stellt-erstmals-zertifizierte-emissionsbilanz-auf\/","title":{"rendered":"PHW: CO2-Fu\u00dfabdruck: Wiesenhof stellt erstmals zertifizierte Emissionsbilanz auf"},"content":{"rendered":"<p>Hamburg\/Rechterfeld, den 17. M\u00e4rz 2010. GALLEHR+PARTNER hat f\u00fcr die PHW-Gruppe als erstes Unternehmen der Gefl\u00fcgelbranche f\u00fcr ihre Marke Wiesenhof, die bei der Herstellung von H\u00e4hnchenfleisch anfallenden Treibhausgas-Emissionen ermittelt und zertifizieren lassen. Dieser produktbezogene CO<sub>2<\/sub>-Fu\u00dfabdruck &#8211; auch als Product Carbon Footprint (PCF) bezeichnet &#8211; stellt die von einem Produkt direkt und indirekt verursachten Emissionen von Treibhausgasen dar.<\/p>\n<p><a class=\"more\" href=\"https:\/\/www.phw-gruppe.de\/seiten\/untern_news-34.html\" target=\"_blank\" rel=\"noopener\">Weiterlesen \u00bb<\/a><\/p>\n","protected":false},"excerpt":{"rendered":"<p>Hamburg\/Rechterfeld, den 17. M\u00e4rz 2010. GALLEHR+PARTNER hat f\u00fcr die PHW-Gruppe als erstes Unternehmen der Gefl\u00fcgelbranche f\u00fcr ihre Marke Wiesenhof, die [&hellip;]<\/p>\n","protected":false},"author":2,"featured_media":0,"comment_status":"closed","ping_status":"closed","sticky":false,"template":"","format":"standard","meta":{"footnotes":""},"categories":[177],"tags":[],"class_list":["post-366","post","type-post","status-publish","format-standard","hentry","category-in-den-medien"],"_links":{"self":[{"href":"https:\/\/gallehr.flei.dev\/de\/wp-json\/wp\/v2\/posts\/366","targetHints":{"allow":["GET"]}}],"collection":[{"href":"https:\/\/gallehr.flei.dev\/de\/wp-json\/wp\/v2\/posts"}],"about":[{"href":"https:\/\/gallehr.flei.dev\/de\/wp-json\/wp\/v2\/types\/post"}],"author":[{"embeddable":true,"href":"https:\/\/gallehr.flei.dev\/de\/wp-json\/wp\/v2\/users\/2"}],"replies":[{"embeddable":true,"href":"https:\/\/gallehr.flei.dev\/de\/wp-json\/wp\/v2\/comments?post=366"}],"version-history":[{"count":0,"href":"https:\/\/gallehr.flei.dev\/de\/wp-json\/wp\/v2\/posts\/366\/revisions"}],"wp:attachment":[{"href":"https:\/\/gallehr.flei.dev\/de\/wp-json\/wp\/v2\/media?parent=366"}],"wp:term":[{"taxonomy":"category","embeddable":true,"href":"https:\/\/gallehr.flei.dev\/de\/wp-json\/wp\/v2\/categories?post=366"},{"taxonomy":"post_tag","embeddable":true,"href":"https:\/\/gallehr.flei.dev\/de\/wp-json\/wp\/v2\/tags?post=366"}],"curies":[{"name":"wp","href":"https:\/\/api.w.org\/{rel}","templated":true}]}}