{"id":3662,"date":"2020-10-09T12:26:25","date_gmt":"2020-10-09T10:26:25","guid":{"rendered":"https:\/\/hostsharing.gallehr.de\/?p=3662"},"modified":"2021-07-02T12:07:56","modified_gmt":"2021-07-02T10:07:56","slug":"brennstoffemissionshandelsgesetz-geaendert-bundestag-erhoeht-zertifikatspreise-im-emissionshandel","status":"publish","type":"post","link":"https:\/\/gallehr.flei.dev\/de\/brennstoffemissionshandelsgesetz-geaendert-bundestag-erhoeht-zertifikatspreise-im-emissionshandel\/","title":{"rendered":"Brennstoffemissionshandelsgesetz ge\u00e4ndert, Bundestag erh\u00f6ht Zertifikats\u00adpreise im Emissions\u00adhandel"},"content":{"rendered":"<p>Der Bundestag hat\u00a0am <strong>Donnerstag, 8. Oktober 2020<\/strong>, den Entwurf der Bundesregierung f\u00fcr ein erstes Gesetz zur <strong>\u00c4nderung des Brennstoffemissionshandelsgesetzes<\/strong> (<a class=\"dipLink\" title=\"Die PDF-Datei Drucksache 19\/19929 \u00f6ffnet sich in einem neuen Fenster\" href=\"https:\/\/dip21.bundestag.de\/dip21\/btd\/19\/199\/1919929.pdf\" target=\"_blank\" rel=\"noopener noreferrer\"><i class=\"icon-doc\"><\/i>19\/19929<\/a>, <a class=\"dipLink\" title=\"Die PDF-Datei Drucksache 19\/22346 \u00f6ffnet sich in einem neuen Fenster\" href=\"https:\/\/dip21.bundestag.de\/dip21\/btd\/19\/223\/1922346.pdf\" target=\"_blank\" rel=\"noopener noreferrer\"><i class=\"icon-doc\"><\/i>19\/22346<\/a> Nr. 1.21) in der vom Umweltausschuss ge\u00e4nderten Fassung (<a class=\"dipLink\" title=\"Die PDF-Datei Drucksache 19\/23184 \u00f6ffnet sich in einem neuen Fenster\" href=\"https:\/\/dip21.bundestag.de\/dip21\/btd\/19\/231\/1923184.pdf\" target=\"_blank\" rel=\"noopener noreferrer\"><i class=\"icon-doc\"><\/i>19\/23184<\/a>) angenommen. CDU\/CSU, SPD und B\u00fcndnis 90\/Die Gr\u00fcnen stimmten f\u00fcr den Entwurf, AfD, FDP und Linksfraktion votierten dagegen.<\/p>\n<p><script id=\"tv7475370\" src=\"https:\/\/webtv.bundestag.de\/player\/macros\/bttv\/hls\/player.js?content=7475370&#038;phi=default\"><\/script><\/p>\n<h2>Brennstoffemissionshandelsgesetz ge\u00e4ndert<\/h2>\n<p>Die Zertifikatspreise steigen f\u00fcr das Jahr 2021 von 10 auf 25 Euro, f\u00fcr 2022 von 20 auf 30 Euro, f\u00fcr 2023 von 25 auf 35 Euro, f\u00fcr 2024 von 30 auf 45 Euro und f\u00fcr 2025 von 35 auf 55 Euro.<\/p>\n<article class=\"post\"><a href=\"https:\/\/gallehr.flei.dev\/firma\/\">GALLEHR+PARTNER<sup>\u00ae<\/sup><\/a> unterst\u00fctzt betroffene Unternehmen zu Fragen rund um das nationale Emissionshandelssystem (nEHS) und das\u00a0 europ\u00e4ische Emissionshandelssystem (EU-ETS).<\/article>\n<article><\/article>\n<article class=\"post\"><a href=\"https:\/\/gallehr.flei.dev\/contact\/kontakt\/\">Bei Interesse nehmen Sie gerne Kontakt mit uns auf<\/a><\/article>\n<article><\/article>\n<article><\/article>\n<article><\/article>\n<article class=\"post\"><strong>Das k\u00f6nnte Sie auch interessieren:<\/strong><\/p>\n<ul>\n<li><u><a href=\"https:\/\/gallehr.flei.dev\/eu-ets-ueberwachungsplaene-fuer-die-4-handelsperiode-muessen-bis-zum-31-07-2020-eingereicht-werden\/\">EU-ETS: \u00dcberwachungspl\u00e4ne f\u00fcr die 4. Handelsperiode m\u00fcssen bis zu, 31.07.2020 eingereicht werden<\/a><\/u><\/li>\n<li><a href=\"https:\/\/gallehr.flei.dev\/dehst-hintergrundpapier-zum-nationalen-emissionshandelssystem-nehs-behg-veroeffentlicht\/\">DEHSt Hintergrundpapier zum nationalen Emissionshandelssystem (nEHS\/BEHG) ver\u00f6ffentlicht<\/a><\/li>\n<li><a href=\"https:\/\/gallehr.flei.dev\/brennstoffemissionshandelsgesetz-behg-nehs-wer-ist-betroffen\/\">Brennstoffemissionshandelsgesetz (BEHG, nEHS) \u2013 Wer ist betroffen?<\/a><\/li>\n<li><a href=\"https:\/\/gallehr.flei.dev\/kompetenz\/emissions-trading\/\">Das europ\u00e4ische Emissionshandelssystem (EU-ETS) und die Konsequenzen f\u00fcr betroffene Unternehmen<\/a><\/li>\n<li><a href=\"https:\/\/gallehr.flei.dev\/kompetenz\/energiemanagement-beratungs-module\/\">Energiemanagement in der Industrie: Die ISO 50001 als Managementsystem zur Vermeidung von Energie- und CO<sub>2<\/sub> Kosten<\/a><\/li>\n<\/ul>\n<\/article>\n<p>On Thursday, October 8, 2020, the German Bundestag adopted the Federal Government&#8217;s draft for a first law on the amendment of the Fuel Emission Trading Act (<a class=\"dipLink\" title=\"The PDF file Drucksache 19\/19929 opens in a new window\" href=\"https:\/\/dip21. bundestag.de\/dip21\/btd\/19\/199\/1919929.pdf\" target=\"_blank\" rel=\"noopener noreferrer\"><i class=\"icon-doc\"><\/i>19\/19929<\/a>, <a class=\"dipLink\" title=\"The PDF file Drucksache 19\/22346 will open in a new window\" href=\"https:\/\/dip21. bundestag.de\/dip21\/btd\/19\/223\/1922346.pdf\" target=\"_blank\" rel=\"noopener noreferrer\"><i class=\"icon-doc\"><\/i>19\/22346<\/a> No. 1.21) as amended by the Environment Committee (<a class=\"dipLink\" title=\"The PDF file Drucksache 19\/23184 will open in a new window\" href=\"https:\/\/dip21. bundestag.de\/dip21\/btd\/19\/231\/1923184.pdf\" target=\"_blank\" rel=\"noopener noreferrer\"><i class=\"icon-doc\"><\/i>19\/23184<\/a>) accepted. CDU\/CSU, SPD and B\u00fcndnis 90\/Die Gr\u00fcnen voted in favor of the draft, AfD, FDP and Left Party voted against it.<\/p>\n<p><script id=\"tv7475370\" src=\"https:\/\/webtv.bundestag.de\/player\/macros\/bttv\/hls\/player.js?content=7475370&#038;phi=default\"><\/script><\/p>\n<h2>Fuel Emission Trading Act amended<\/h2>\n<p>Certificate prices will increase from EUR 10 to EUR 25 for 2021, from EUR 20 to EUR 30 for 2022, from EUR 25 to EUR 35 for 2023, from EUR 30 to EUR 45 for 2024 and from EUR 35 to EUR 55 for 2025.<\/p>\n","protected":false},"excerpt":{"rendered":"<p>Der Bundestag hat\u00a0am Donnerstag, 8. Oktober 2020, den Entwurf der Bundesregierung f\u00fcr ein erstes Gesetz zur \u00c4nderung des Brennstoffemissionshandelsgesetzes (19\/19929, [&hellip;]<\/p>\n","protected":false},"author":2,"featured_media":0,"comment_status":"closed","ping_status":"closed","sticky":false,"template":"","format":"standard","meta":{"footnotes":""},"categories":[180,178],"tags":[301,313,347],"class_list":["post-3662","post","type-post","status-publish","format-standard","hentry","category-news","category-archiv","tag-behg","tag-nehs","tag-bundestag"],"_links":{"self":[{"href":"https:\/\/gallehr.flei.dev\/de\/wp-json\/wp\/v2\/posts\/3662","targetHints":{"allow":["GET"]}}],"collection":[{"href":"https:\/\/gallehr.flei.dev\/de\/wp-json\/wp\/v2\/posts"}],"about":[{"href":"https:\/\/gallehr.flei.dev\/de\/wp-json\/wp\/v2\/types\/post"}],"author":[{"embeddable":true,"href":"https:\/\/gallehr.flei.dev\/de\/wp-json\/wp\/v2\/users\/2"}],"replies":[{"embeddable":true,"href":"https:\/\/gallehr.flei.dev\/de\/wp-json\/wp\/v2\/comments?post=3662"}],"version-history":[{"count":0,"href":"https:\/\/gallehr.flei.dev\/de\/wp-json\/wp\/v2\/posts\/3662\/revisions"}],"wp:attachment":[{"href":"https:\/\/gallehr.flei.dev\/de\/wp-json\/wp\/v2\/media?parent=3662"}],"wp:term":[{"taxonomy":"category","embeddable":true,"href":"https:\/\/gallehr.flei.dev\/de\/wp-json\/wp\/v2\/categories?post=3662"},{"taxonomy":"post_tag","embeddable":true,"href":"https:\/\/gallehr.flei.dev\/de\/wp-json\/wp\/v2\/tags?post=3662"}],"curies":[{"name":"wp","href":"https:\/\/api.w.org\/{rel}","templated":true}]}}