{"id":3701,"date":"2020-10-22T16:30:42","date_gmt":"2020-10-22T14:30:42","guid":{"rendered":"https:\/\/hostsharing.gallehr.de\/?p=3701"},"modified":"2021-07-02T15:34:10","modified_gmt":"2021-07-02T13:34:10","slug":"behg-statusupdate-fristen-und-verlagerungsrisiko-carbon-leakage","status":"publish","type":"post","link":"https:\/\/gallehr.flei.dev\/de\/behg-statusupdate-fristen-und-verlagerungsrisiko-carbon-leakage\/","title":{"rendered":"BEHG \u2013 Statusupdate: Fristen und Verlagerungsrisiko (Carbon Leakage)"},"content":{"rendered":"<h2><strong>Neuerungen \u2013 Fristen \u2013 Carbon Leakage Regelungen<\/strong><\/h2>\n<p>Es stehen erneut Neuerungen im <a href=\"https:\/\/www.gesetze-im-internet.de\/behg\/\">Brennstoffemissionshandelsgesetz (BEHG)<\/a> an. Die Bundesregierung hat am 08.10.2020 die 10%ige Zukauffrist vom <strong>28.Februar<\/strong> auf den <strong>30.September<\/strong> verlegt. Damit f\u00e4llt die Frist des Zukaufs mit der der Abgabe der Emissionszertifikate zusammen.<\/p>\n<p><a href=\"https:\/\/gallehr.flei.dev\/wordpress\/wp-content\/uploads\/2020\/02\/BEHG_Fristen-Zuschnitt.png\"><img decoding=\"async\" class=\"alignnone size-medium wp-image-85209\" src=\"https:\/\/gallehr.flei.dev\/wordpress\/wp-content\/uploads\/2020\/02\/BEHG_Fristen-Zuschnitt-300x153.png\" alt=\"\" width=\"300\" height=\"153\" srcset=\"https:\/\/gallehr.flei.dev\/wp-content\/uploads\/2020\/02\/BEHG_Fristen-Zuschnitt-300x153.png 300w, https:\/\/gallehr.flei.dev\/wp-content\/uploads\/2020\/02\/BEHG_Fristen-Zuschnitt-768x392.png 768w, https:\/\/gallehr.flei.dev\/wp-content\/uploads\/2020\/02\/BEHG_Fristen-Zuschnitt.png 916w\" sizes=\"(max-width: 300px) 100vw, 300px\" \/><\/a><\/p>\n<p>Die jetzigen Fristen sind dementsprechend bis dato wie folgt definiert worden:<\/p>\n<p>Laut \u00a7 7 Absatz 1 des BEHG muss die Berichterstattung zur Brennstoffemissionserfassung bis zum <strong>31.Juli<\/strong> des Folgejahres erfasst werden.<\/p>\n<p>F\u00fcr die Jahre <strong>2021<\/strong> und <strong>2022<\/strong> sollen die Brennstoffemissionen dabei lediglich auf Basis von Standardemissionsfaktoren erfolgen. Ab 2022 muss dann ein spezifischer \u00dcberwachungsplan eingereicht und von der zust\u00e4ndigen Beh\u00f6rde verifiziert werden, auf dessen Grundlage die jeweiligen Brennstoffemissionen ermittelt werden.<\/p>\n<p>Weiter gilt, gem\u00e4\u00df \u00a7 8 des BEHG, dass der Verantwortliche bis zum <strong>30. September<\/strong> eine Anzahl von Emissionszertifikaten abzugeben hat, die der nach \u00a7 7 berichteten Gesamtmenge an Brennstoffemissionen im vorangegangenen Kalenderjahr entspricht.\u00a0 Diese Frist deckt sich mit der 10%igen Zukauffrist.<\/p>\n<h2><strong>Carbon Leakage Verordnung soll noch 2020 verabschiedet werden <\/strong><\/h2>\n<p>Neben den Frist\u00e4nderungen findet dar\u00fcber hinaus auch Bewegung im Bereich der Carbon Leakage (CL) Regelung statt. Die dazugeh\u00f6rige Verordnung soll dabei noch 2020 beschlossen werden.<\/p>\n<p>Die Bundesregierung m\u00f6chte, auf Basis des ver\u00f6ffentlichten <a href=\"https:\/\/www.bmu.de\/download\/eckpunkte-zur-ausgestaltung-einer-kompensationsregelung-nach-paragraf-11-absatz-3-behg\/\">Eckpunktepapiers<\/a>,\u00a0 die Kompensationsregelung f\u00fcr das BEHG auf Grundlage des EU-Emissionshandels gestalten. Die Beurteilung der Verlagerungsrisiken soll ebenfalls \u00fcber eine Sektorenliste erfolgen. Diese soll die Besonderheiten des nationalen Emissionshandels ber\u00fccksichtigen und kann dementsprechend von der Sektorenliste des europ\u00e4ischen Emissionshandels abweichen.<\/p>\n<p><em>Anmerkung: Der jeweilige CL-Status richtet sich dabei nach der CO<sub>2<\/sub>-Intensit\u00e4t und der Au\u00dfenhandelsintensit\u00e4t. Der sog. Carbon Leakage Indikator ist definiert als das Produkt aus der Multiplikation der Intensit\u00e4t des Handels des Sektors mit Drittl\u00e4ndern und der Emissionsintenist\u00e4t (in kg) des Sektors. Liegt dieser oberhalb von 0,2 besteht das Risiko einer Verlagerung von CO<sub>2<\/sub>-Emissionen. Unter der Emissionsintensit\u00e4t werden dabei direkte als auch indirekte Emissionen des betreffenden Sektors verstanden. Indirekte Emissionen, wie zum Beispiel die, die \u00fcber den Stromverbrauch entstehen werden mittels einen Stromemissionsfaktors ermittelt. <\/em><\/p>\n<p><a href=\"https:\/\/gallehr.flei.dev\/wordpress\/wp-content\/uploads\/2020\/10\/Formel-CL.jpg\"><img decoding=\"async\" class=\"alignnone size-medium wp-image-85211\" src=\"https:\/\/gallehr.flei.dev\/wordpress\/wp-content\/uploads\/2020\/10\/Formel-CL-300x37.jpg\" alt=\"\" width=\"300\" height=\"37\" srcset=\"https:\/\/gallehr.flei.dev\/wp-content\/uploads\/2020\/10\/Formel-CL-300x37.jpg 300w, https:\/\/gallehr.flei.dev\/wp-content\/uploads\/2020\/10\/Formel-CL-1024x126.jpg 1024w, https:\/\/gallehr.flei.dev\/wp-content\/uploads\/2020\/10\/Formel-CL-768x94.jpg 768w, https:\/\/gallehr.flei.dev\/wp-content\/uploads\/2020\/10\/Formel-CL.jpg 1285w\" sizes=\"(max-width: 300px) 100vw, 300px\" \/><\/a><\/p>\n<p>Die jeweilige Beihilfeh\u00f6he soll dabei analog zum europ\u00e4ischen Emissionshandel \u00fcber einen Benchmarkansatz berechnet werden. Um die jeweilige Beihilfe in Anspruch nehmen zu k\u00f6nnen, sollen die Unternehmen als Gegenleistung den Nachweis erbringen, dass diese ein Energiemanagementsystem (EnMS) eingef\u00fchrt haben und Ma\u00dfnahmen zur Verbesserung der Energieeffizienz und Dekarbonisierung durchf\u00fchren.<br \/>\nW\u00e4hrend energieintensive Unternehmen (Verbrauch von \u00fcber 500 MWh pro Jahr) ein zertifiziertes EnMS nach <a href=\"https:\/\/gallehr.flei.dev\/kompetenz\/kompetenz-energiemanagement\/iso-50001\/\">ISO 50.001<\/a> oder ein Umweltmanagementsystem nach EMAS nachweisen m\u00fcssen, m\u00fcssen kleinere Unternehmen ein schrittweises (bis 2023) <strong>nicht <\/strong>zertifiziertes EnMS auf Basis der ISO 50.005 nachweisen k\u00f6nnen.<\/p>\n<p>Autor: Sina Barragan, GALLEHR+PARTNER<\/p>\n<h3><a href=\"https:\/\/gallehr.flei.dev\/firma\/\"><strong>GALLEHR+PARTNER<sup>\u00ae<\/sup><\/strong><\/a> unterst\u00fctzt betroffene Unternehmen zu allen Fragen rund um das Brennstoffemissionshandelsgesetz (BEHG) und das nationale Emissionshandelssystem (nEHS)<\/h3>\n<h1><strong>Folgende T\u00e4tigkeiten f\u00fchren wir durch:<\/strong><\/h1>\n<ul>\n<li><strong>Bestimmung der Auswirkungen des Brennstoffemissionshandelsgesetzes (BEHG) auf Ihr Unternehmen<\/strong><\/li>\n<li><strong>Beratung f\u00fcr m\u00f6glichen Wechsel zu EU-ETS<\/strong><\/li>\n<li><strong>Pr\u00fcfung der Kundenvertr\u00e4ge auf \u00c4nderungsbedarf bzgl. BEHG<\/strong><\/li>\n<li><strong><a href=\"https:\/\/www.gesetze-im-internet.de\/behg\/__6.html\">Erstellung und \u00dcbermittlung des \u00dcberwachungsplans nach \u00a76 BEHG und kontinuierliche Begleitung bis zur Genehmigung<\/a><\/strong><\/li>\n<li><strong><a href=\"https:\/\/www.gesetze-im-internet.de\/behg\/__7.html\">Verifizierungsf\u00e4hige Ermittlung der Brennstoffemissionen und Erstellung des Emissionsberichts nach \u00a7 7 Abs. 1, 2 BEHG<\/a><\/strong><\/li>\n<li><strong><a href=\"https:\/\/www.gesetze-im-internet.de\/behg\/__7.html\">Vorbereitung und Begleitung der Verifizierung des Emissionsberichts nach \u00a7 7 Abs. 3 BEHG<\/a><\/strong><\/li>\n<li><strong><a href=\"https:\/\/www.gesetze-im-internet.de\/behg\/__7.html\">\u00dcbermittlung des verifizierten Emissionsberichts an die zust\u00e4ndige Beh\u00f6rde (DEHSt) bis zum 31.07 des Folgejahres nach \u00a77 Abs. 1 BEHG<\/a><\/strong><\/li>\n<li><strong><a href=\"https:\/\/www.gesetze-im-internet.de\/behg\/__7.html\">Nachweisf\u00fchrung zur Vermeidung von Doppelbelastungen nach \u00a77 Abs. 5 BEHG<\/a><\/strong><\/li>\n<li><strong><a href=\"https:\/\/www.gesetze-im-internet.de\/behg\/__12.html\">Unterst\u00fctzung bei der Einrichtung von Konten und Kontobevollm\u00e4chtigten im nationalen Emissionshandelsregister nach \u00a7 12 Abs. 2<\/a> <a href=\"https:\/\/www.gesetze-im-internet.de\/behg\/__9.html\">BEHG zur Verwaltung von Emissionszertifikaten nach \u00a7 9 Abs. 1<\/a><\/strong><\/li>\n<li><strong><a href=\"https:\/\/www.gesetze-im-internet.de\/behg\/__12.html\">Unterst\u00fctzung bei der Verwaltung ihres Registerkontos bspw. als einer der Kontobevollm\u00e4chtigten<\/a><\/strong>\n<ul>\n<li><strong>Pr\u00fcfung der \u00dcberweisungen<\/strong><\/li>\n<li><strong><a href=\"https:\/\/www.gesetze-im-internet.de\/behg\/__8.html\">fristgem\u00e4\u00dfe R\u00fcck\u00fcbertragungen von Emissionszertifikaten bis zum 30.09 f\u00fcr das Vorjahr nach \u00a7 8 BEHG<\/a><\/strong><\/li>\n<li><strong>Datenaktualisierungen von Angaben im Register<\/strong><\/li>\n<li><strong>Darstellung von historischen Kontobewegungen und &#8211; st\u00e4nden anhand von Kontoausz\u00fcgen<\/strong><\/li>\n<\/ul>\n<\/li>\n<li><strong>Unterst\u00fctzung beim Kauf und Verkauf von Emissionszertifikaten<\/strong><\/li>\n<li><strong><a href=\"https:\/\/www.gesetze-im-internet.de\/behg\/__14.html\">Unterst\u00fctzung bei Auskunftsersuchen und Begleitung bei vor Ort Pr\u00fcfungen durch die zust\u00e4ndige Beh\u00f6rde nach \u00a7 14 BEHG<\/a><\/strong><\/li>\n<li><strong>Identifizierung der Preistreiber von Emissionszertifikaten und Marktbeobachtungen<\/strong><\/li>\n<li><strong>Adhoc \u2013 Mitteilungen zu relevanten Ereignissen, politische Entwicklungen und Gesetzes\u00e4nderungen<\/strong><\/li>\n<li><strong>Regelm\u00e4\u00dfige Status- und Strategietreffen zur St\u00e4rkung der Entscheidungsf\u00e4higkeit<\/strong><\/li>\n<\/ul>\n","protected":false},"excerpt":{"rendered":"<p>Neuerungen \u2013 Fristen \u2013 Carbon Leakage Regelungen Es stehen erneut Neuerungen im Brennstoffemissionshandelsgesetz (BEHG) an. Die Bundesregierung hat am 08.10.2020 [&hellip;]<\/p>\n","protected":false},"author":2,"featured_media":0,"comment_status":"closed","ping_status":"closed","sticky":false,"template":"","format":"standard","meta":{"footnotes":""},"categories":[180,178],"tags":[349,301,306,335,336,348],"class_list":["post-3701","post","type-post","status-publish","format-standard","hentry","category-news","category-archiv","tag-fristen","tag-behg","tag-carbon-leakage","tag-behv","tag-bev-2022","tag-emissionsintensitaet"],"_links":{"self":[{"href":"https:\/\/gallehr.flei.dev\/de\/wp-json\/wp\/v2\/posts\/3701","targetHints":{"allow":["GET"]}}],"collection":[{"href":"https:\/\/gallehr.flei.dev\/de\/wp-json\/wp\/v2\/posts"}],"about":[{"href":"https:\/\/gallehr.flei.dev\/de\/wp-json\/wp\/v2\/types\/post"}],"author":[{"embeddable":true,"href":"https:\/\/gallehr.flei.dev\/de\/wp-json\/wp\/v2\/users\/2"}],"replies":[{"embeddable":true,"href":"https:\/\/gallehr.flei.dev\/de\/wp-json\/wp\/v2\/comments?post=3701"}],"version-history":[{"count":0,"href":"https:\/\/gallehr.flei.dev\/de\/wp-json\/wp\/v2\/posts\/3701\/revisions"}],"wp:attachment":[{"href":"https:\/\/gallehr.flei.dev\/de\/wp-json\/wp\/v2\/media?parent=3701"}],"wp:term":[{"taxonomy":"category","embeddable":true,"href":"https:\/\/gallehr.flei.dev\/de\/wp-json\/wp\/v2\/categories?post=3701"},{"taxonomy":"post_tag","embeddable":true,"href":"https:\/\/gallehr.flei.dev\/de\/wp-json\/wp\/v2\/tags?post=3701"}],"curies":[{"name":"wp","href":"https:\/\/api.w.org\/{rel}","templated":true}]}}