{"id":3768,"date":"2020-12-01T12:33:42","date_gmt":"2020-12-01T11:33:42","guid":{"rendered":"https:\/\/hostsharing.gallehr.de\/?p=3768"},"modified":"2021-07-02T15:41:15","modified_gmt":"2021-07-02T13:41:15","slug":"zuteilungsdatenberichte-dehst-veroeffentlicht-hinweisdokumente-leitfaden-und-arbeitshilfen","status":"publish","type":"post","link":"https:\/\/gallehr.flei.dev\/de\/zuteilungsdatenberichte-dehst-veroeffentlicht-hinweisdokumente-leitfaden-und-arbeitshilfen\/","title":{"rendered":"Zuteilungsdatenberichte: DEHSt ver\u00f6ffentlicht Hinweisdokumente (Leitfaden) und Arbeitshilfen"},"content":{"rendered":"<h2>Leitfaden zur Erstellung der Zuteilungsdatenberichte f\u00fcr kostenlose Zuteilung von Emissionsberechtigungen in der vierten Emissionshandelsperiode<\/h2>\n<p>Alle Anlagenbetreiber, die eine kostenlose Zuteilung von Emissionsberechtigungen erhalten, m\u00fcssen bis zum 31.03. des Folgejahrs einen j\u00e4hrlichen Zuteilungsdatenbericht bei der zust\u00e4ndigen Beh\u00f6rde, der <a href=\"https:\/\/www.dehst.de\/DE\/startseite\/startseite-node.html\" target=\"_blank\" rel=\"noopener noreferrer\">Deutschen Emissionshandelsstelle (DEHSt.)<\/a> einreichen. Dieser Bericht wird erstmals zum 31.03.2021 f\u00fcr die Berichtsjahre 2019 und 2020 f\u00e4llig. Mit ihm werden nicht nur die Aktivit\u00e4tsraten und andere Daten f\u00fcr die Anpassung der Zuteilung nach Artikel 5 und 6 AnpassungsVO berichtet, sondern dar\u00fcber hinaus umfassende Daten in Anlehnung an Umfang und Struktur des Zuteilungsantrags f\u00fcr Bestandsanlagen.<\/p>\n<p><a href=\"https:\/\/gallehr.flei.dev\/wordpress\/wp-content\/uploads\/2020\/12\/DEHSt-Leitfaeden-Zuteilungsdatenbericht-202012.png\"><img decoding=\"async\" class=\"alignnone size-medium wp-image-85217\" src=\"https:\/\/gallehr.flei.dev\/wordpress\/wp-content\/uploads\/2020\/12\/DEHSt-Leitfaeden-Zuteilungsdatenbericht-202012-300x131.png\" alt=\"\" width=\"300\" height=\"131\" srcset=\"https:\/\/gallehr.flei.dev\/wp-content\/uploads\/2020\/12\/DEHSt-Leitfaeden-Zuteilungsdatenbericht-202012-300x131.png 300w, https:\/\/gallehr.flei.dev\/wp-content\/uploads\/2020\/12\/DEHSt-Leitfaeden-Zuteilungsdatenbericht-202012-1024x449.png 1024w, https:\/\/gallehr.flei.dev\/wp-content\/uploads\/2020\/12\/DEHSt-Leitfaeden-Zuteilungsdatenbericht-202012-768x337.png 768w, https:\/\/gallehr.flei.dev\/wp-content\/uploads\/2020\/12\/DEHSt-Leitfaeden-Zuteilungsdatenbericht-202012-1536x673.png 1536w, https:\/\/gallehr.flei.dev\/wp-content\/uploads\/2020\/12\/DEHSt-Leitfaeden-Zuteilungsdatenbericht-202012.png 1933w\" sizes=\"(max-width: 300px) 100vw, 300px\" \/><\/a><\/p>\n<p>Mit dem hier kostenlos zur Verf\u00fcgung gestellten <a href=\"https:\/\/www.dehst.de\/DE\/Europaeischer-Emissionshandel\/Anlagenbetreiber\/2021-2030\/Zuteilung-2021-2030\/Zuteilungsdatenbericht\/zuteilungsdatenbericht_node.html#doc15005986\" target=\"_blank\" rel=\"noopener noreferrer\">&#8222;Leitfaden f\u00fcr das Zuteilungsverfahren 2021-2030&#8220;<\/a> bieten die DEHSt eine Hilfestellung f\u00fcr das Antragsverfahren und informiert \u00fcber die Anwendung der gesetzlichen Bestimmungen.<\/p>\n<h3><a href=\"https:\/\/gallehr.flei.dev\/contact\/kontakt\/\">Bei Interesse nehmen Sie gerne Kontakt mit uns auf<\/a><\/h3>\n<p><a href=\"https:\/\/gallehr.flei.dev\/firma\/\">GALLEHR+PARTNER<sup>\u00ae<\/sup><\/a> unterst\u00fctzt betroffene Unternehmen zu Fragen rund um das europ\u00e4ische Emissionshandelssystem (EU-ETS) und das nationale Emissionshandelssystem (nEHS).<\/p>\n<p>Das k\u00f6nnte Sie auch interessieren:<\/p>\n<ul>\n<li><a href=\"https:\/\/gallehr.flei.dev\/dehst-hintergrundpapier-zum-nationalen-emissionshandelssystem-nehs-behg-veroeffentlicht\/\">DEHSt Hintergrundpapier zum nationalen Emissionshandelssystem (nEHS\/BEHG) ver\u00f6ffentlicht<\/a><\/li>\n<li><a href=\"https:\/\/gallehr.flei.dev\/brennstoffemissionshandelsgesetz-behg-nehs-wer-ist-betroffen\/\">Brennstoffemissionshandelsgesetz (BEHG, nEHS) \u2013 Wer ist betroffen?<\/a><\/li>\n<li><a href=\"https:\/\/gallehr.flei.dev\/kompetenz\/emissions-trading\/\">Das europ\u00e4ische Emissionshandelssystem (EU-ETS) und die Konsequenzen f\u00fcr betroffene Unternehmen<\/a><\/li>\n<li><a href=\"https:\/\/gallehr.flei.dev\/kompetenz\/energiemanagement-beratungs-module\/\">Energiemanagement in der Industrie: Die ISO 50001 als Managementsystem zur Vermeidung von Energie- und CO<sub>2<\/sub> Kosten<\/a><\/li>\n<\/ul>\n","protected":false},"excerpt":{"rendered":"<p>Leitfaden zur Erstellung der Zuteilungsdatenberichte f\u00fcr kostenlose Zuteilung von Emissionsberechtigungen in der vierten Emissionshandelsperiode Alle Anlagenbetreiber, die eine kostenlose Zuteilung [&hellip;]<\/p>\n","protected":false},"author":2,"featured_media":0,"comment_status":"closed","ping_status":"closed","sticky":false,"template":"","format":"standard","meta":{"footnotes":""},"categories":[180,178],"tags":[204,332,350,351],"class_list":["post-3768","post","type-post","status-publish","format-standard","hentry","category-news","category-archiv","tag-dehst","tag-4-handelsperiode","tag-anpassungsvo","tag-zuteilungsdatenbericht"],"_links":{"self":[{"href":"https:\/\/gallehr.flei.dev\/de\/wp-json\/wp\/v2\/posts\/3768","targetHints":{"allow":["GET"]}}],"collection":[{"href":"https:\/\/gallehr.flei.dev\/de\/wp-json\/wp\/v2\/posts"}],"about":[{"href":"https:\/\/gallehr.flei.dev\/de\/wp-json\/wp\/v2\/types\/post"}],"author":[{"embeddable":true,"href":"https:\/\/gallehr.flei.dev\/de\/wp-json\/wp\/v2\/users\/2"}],"replies":[{"embeddable":true,"href":"https:\/\/gallehr.flei.dev\/de\/wp-json\/wp\/v2\/comments?post=3768"}],"version-history":[{"count":0,"href":"https:\/\/gallehr.flei.dev\/de\/wp-json\/wp\/v2\/posts\/3768\/revisions"}],"wp:attachment":[{"href":"https:\/\/gallehr.flei.dev\/de\/wp-json\/wp\/v2\/media?parent=3768"}],"wp:term":[{"taxonomy":"category","embeddable":true,"href":"https:\/\/gallehr.flei.dev\/de\/wp-json\/wp\/v2\/categories?post=3768"},{"taxonomy":"post_tag","embeddable":true,"href":"https:\/\/gallehr.flei.dev\/de\/wp-json\/wp\/v2\/tags?post=3768"}],"curies":[{"name":"wp","href":"https:\/\/api.w.org\/{rel}","templated":true}]}}