{"id":3776,"date":"2020-12-04T11:55:52","date_gmt":"2020-12-04T10:55:52","guid":{"rendered":"https:\/\/hostsharing.gallehr.de\/?p=3776"},"modified":"2021-07-02T12:10:05","modified_gmt":"2021-07-02T10:10:05","slug":"behg-statusupdate-bundeskabinett-beschliesst-verordnungen-inoffizielle-lesefassungen-verfuegbar","status":"publish","type":"post","link":"https:\/\/gallehr.flei.dev\/de\/behg-statusupdate-bundeskabinett-beschliesst-verordnungen-inoffizielle-lesefassungen-verfuegbar\/","title":{"rendered":"BEHG \u2013 Statusupdate: Bundeskabinett beschlie\u00dft Verordnungen &#8211; inoffizielle Lesefassungen verf\u00fcgbar"},"content":{"rendered":"<h2>Bewegung beim Thema nationaler Emissionshandel (BEHG): Bundesk<span class=\"document-title__headline\">abinett beschlie\u00dft Verordnungen\/ Infoveranstaltung des DEHSt zum Vollzug des BEHG<\/span><\/h2>\n<p><a href=\"https:\/\/gallehr.flei.dev\/wordpress\/wp-content\/uploads\/2021\/06\/Emissionshandel.jpg\"><img decoding=\"async\" class=\"alignnone size-medium wp-image-84796\" src=\"https:\/\/gallehr.flei.dev\/wordpress\/wp-content\/uploads\/2021\/06\/Emissionshandel-300x55.jpg\" alt=\"EU-ETS Emissionshandel DEHSt NIMS freie Zuteilung\" width=\"300\" height=\"55\" srcset=\"https:\/\/gallehr.flei.dev\/wp-content\/uploads\/2021\/06\/Emissionshandel-300x55.jpg 300w, https:\/\/gallehr.flei.dev\/wp-content\/uploads\/2021\/06\/Emissionshandel-1024x186.jpg 1024w, https:\/\/gallehr.flei.dev\/wp-content\/uploads\/2021\/06\/Emissionshandel-768x140.jpg 768w, https:\/\/gallehr.flei.dev\/wp-content\/uploads\/2021\/06\/Emissionshandel.jpg 1100w\" sizes=\"(max-width: 300px) 100vw, 300px\" \/><\/a><\/p>\n<p>04.12.2020<\/p>\n<p>Am 02.12.2020 hat das Bundeskabinett die lang erwartete Brennstoffemissionshandelsverordnung BEHV (Register und Verkauf) und die Emissionsberichterstattungsverordnung EBeV 2022 beschlossen.<\/p>\n<p>Die EBeV 2022 (im Referentenentwurf bisher als Emissionsberichterstattungsverordnung 2022 \u2013 BeV 2022 bezeichnet) besch\u00e4ftigt sich mit der Emissionsberichterstattung im Brennstoffemissionshandel und gilt zun\u00e4chst ausschlie\u00dflich f\u00fcr die Periode 2021 und 2022.<\/p>\n<p>Die BEHV wiederum regelt den Verkauf der Emissionszertifikate im nationalen Emissionshandel und das nationale Emissionshandelsregister.<\/p>\n<p>Eine erste inoffizielle Lesefassung hat die DEHSt\u00a0 im Rahmen der heutigen (04.12.2020) Infoveranstaltung zum Vollzug des BEHG auf ihrer Webseite zur Verf\u00fcgung gestellt und <a href=\"https:\/\/www.dehst.de\/SharedDocs\/termine\/DE\/Veranstaltungen\/2020\/infoveranstaltung-nEHS-inverkehrbringer.html?nn=8660688\">ver\u00f6ffentlicht.<\/a><\/p>\n<p>Die Folien zur Veranstaltung werden lt. Mitteilung der DEHSt im Nachgang auf ihrer Website zur Verf\u00fcgung gestellt.<\/p>\n<p>Noch ausstehend ist dar\u00fcber hinaus die die Carbon-Leakage Verordnung, diese ist noch im Entstehungsprozess.<\/p>\n<p>Wir werden in K\u00fcrze dazu mehr berichten.<\/p>\n<h1><strong>Folgende T\u00e4tigkeiten f\u00fchren wir durch:<\/strong><\/h1>\n<ul>\n<li><strong>Beratung zu wirtschaftlichen und prozessualen Auswirkungen des Brennstoffemissionshandelsgesetzes (BEHG) auf Ihr Unternehmen<\/strong><\/li>\n<li><strong>Beratung f\u00fcr m\u00f6glichen Wechsel zu EU-ETS<\/strong><\/li>\n<li><strong><a href=\"https:\/\/www.gesetze-im-internet.de\/behg\/__6.html\">Erstellung und \u00dcbermittlung des \u00dcberwachungsplans nach \u00a76 BEHG und kontinuierliche Begleitung bis zur Genehmigung<\/a><\/strong><\/li>\n<li><strong><a href=\"https:\/\/www.gesetze-im-internet.de\/behg\/__7.html\">Verifizierungsf\u00e4hige Ermittlung der Brennstoffemissionen und Erstellung des Emissionsberichts nach \u00a7 7 Abs. 1, 2 BEHG<\/a><\/strong><\/li>\n<li><strong><a href=\"https:\/\/www.gesetze-im-internet.de\/behg\/__7.html\">Vorbereitung und Begleitung der Verifizierung des Emissionsberichts nach \u00a7 7 Abs. 3 BEHG<\/a><\/strong><\/li>\n<li><strong><a href=\"https:\/\/www.gesetze-im-internet.de\/behg\/__7.html\">\u00dcbermittlung des verifizierten Emissionsberichts an die zust\u00e4ndige Beh\u00f6rde (DEHSt) bis zum 31.07 des Folgejahres nach \u00a77 Abs. 1 BEHG<\/a><\/strong><\/li>\n<li><strong><a href=\"https:\/\/www.gesetze-im-internet.de\/behg\/__7.html\">Nachweisf\u00fchrung zur Vermeidung von Doppelbelastungen nach \u00a77 Abs. 5 BEHG<\/a><\/strong><\/li>\n<li><strong><a href=\"https:\/\/www.gesetze-im-internet.de\/behg\/__12.html\">Unterst\u00fctzung bei der Einrichtung von Konten und Kontobevollm\u00e4chtigten im nationalen Emissionshandelsregister nach \u00a7 12 Abs. 2<\/a> <a href=\"https:\/\/www.gesetze-im-internet.de\/behg\/__9.html\">BEHG zur Verwaltung von Emissionszertifikaten nach \u00a7 9 Abs. 1<\/a><\/strong><\/li>\n<li><strong><a href=\"https:\/\/www.gesetze-im-internet.de\/behg\/__12.html\">Unterst\u00fctzung bei der Verwaltung ihres Registerkontos bspw. als einer der Kontobevollm\u00e4chtigten<\/a><\/strong>\n<ul>\n<li><strong>Pr\u00fcfung der \u00dcberweisungen<\/strong><\/li>\n<li><strong><a href=\"https:\/\/www.gesetze-im-internet.de\/behg\/__8.html\">fristgem\u00e4\u00dfe R\u00fcck\u00fcbertragungen von Emissionszertifikaten bis zum 30.09 f\u00fcr das Vorjahr nach \u00a7 8 BEHG<\/a><\/strong><\/li>\n<li><strong>Datenaktualisierungen von Angaben im Register<\/strong><\/li>\n<li><strong>Darstellung von historischen Kontobewegungen und &#8211; st\u00e4nden anhand von Kontoausz\u00fcgen<\/strong><\/li>\n<\/ul>\n<\/li>\n<li><strong>Unterst\u00fctzung beim Kauf und Verkauf von Emissionszertifikaten<\/strong><\/li>\n<li><strong><a href=\"https:\/\/www.gesetze-im-internet.de\/behg\/__14.html\">Unterst\u00fctzung bei Auskunftsersuchen und Begleitung bei vor Ort Pr\u00fcfungen durch die zust\u00e4ndige Beh\u00f6rde nach \u00a7 14 BEHG<\/a><\/strong><\/li>\n<li><strong>Identifizierung der Preistreiber von Emissionszertifikaten und Marktbeobachtungen<\/strong><\/li>\n<li><strong>Adhoc \u2013 Mitteilungen zu relevanten Ereignissen, politische Entwicklungen und Gesetzes\u00e4nderungen<\/strong><\/li>\n<li><strong>Regelm\u00e4\u00dfige Status- und Strategietreffen zur St\u00e4rkung der Entscheidungsf\u00e4higkeit<\/strong><\/li>\n<\/ul>\n","protected":false},"excerpt":{"rendered":"<p>Bewegung beim Thema nationaler Emissionshandel (BEHG): Bundeskabinett beschlie\u00dft Verordnungen\/ Infoveranstaltung des DEHSt zum Vollzug des BEHG 04.12.2020 Am 02.12.2020 hat [&hellip;]<\/p>\n","protected":false},"author":2,"featured_media":0,"comment_status":"closed","ping_status":"closed","sticky":false,"template":"","format":"standard","meta":{"footnotes":""},"categories":[180,178],"tags":[352,353,204,301,304,335,336],"class_list":["post-3776","post","type-post","status-publish","format-standard","hentry","category-news","category-archiv","tag-ebev-2022","tag-emissonshandel","tag-dehst","tag-behg","tag-brennstoffemissionshandelsgesetz","tag-behv","tag-bev-2022"],"_links":{"self":[{"href":"https:\/\/gallehr.flei.dev\/de\/wp-json\/wp\/v2\/posts\/3776","targetHints":{"allow":["GET"]}}],"collection":[{"href":"https:\/\/gallehr.flei.dev\/de\/wp-json\/wp\/v2\/posts"}],"about":[{"href":"https:\/\/gallehr.flei.dev\/de\/wp-json\/wp\/v2\/types\/post"}],"author":[{"embeddable":true,"href":"https:\/\/gallehr.flei.dev\/de\/wp-json\/wp\/v2\/users\/2"}],"replies":[{"embeddable":true,"href":"https:\/\/gallehr.flei.dev\/de\/wp-json\/wp\/v2\/comments?post=3776"}],"version-history":[{"count":0,"href":"https:\/\/gallehr.flei.dev\/de\/wp-json\/wp\/v2\/posts\/3776\/revisions"}],"wp:attachment":[{"href":"https:\/\/gallehr.flei.dev\/de\/wp-json\/wp\/v2\/media?parent=3776"}],"wp:term":[{"taxonomy":"category","embeddable":true,"href":"https:\/\/gallehr.flei.dev\/de\/wp-json\/wp\/v2\/categories?post=3776"},{"taxonomy":"post_tag","embeddable":true,"href":"https:\/\/gallehr.flei.dev\/de\/wp-json\/wp\/v2\/tags?post=3776"}],"curies":[{"name":"wp","href":"https:\/\/api.w.org\/{rel}","templated":true}]}}