{"id":3832,"date":"2020-12-14T16:59:00","date_gmt":"2020-12-14T15:59:00","guid":{"rendered":"https:\/\/hostsharing.gallehr.de\/?p=3832"},"modified":"2021-07-02T15:36:33","modified_gmt":"2021-07-02T13:36:33","slug":"europaeische-kommission-veroeffentlicht-erste-entwuerfe-fuer-die-benchmarks-der-vierten-handelsperiode","status":"publish","type":"post","link":"https:\/\/gallehr.flei.dev\/de\/europaeische-kommission-veroeffentlicht-erste-entwuerfe-fuer-die-benchmarks-der-vierten-handelsperiode\/","title":{"rendered":"Europ\u00e4ische Kommission ver\u00f6ffentlicht erste Entw\u00fcrfe f\u00fcr die Benchmarks der vierten Handelsperiode"},"content":{"rendered":"<h1><strong>EU-Kommission ver\u00f6ffentlicht erste Entw\u00fcrfe der Benchmarks zur Bestimmung der freien Zuteilung f\u00fcr die Jahre 2021-2025<\/strong><\/h1>\n<p><a href=\"https:\/\/gallehr.flei.dev\/wordpress\/wp-content\/uploads\/2020\/12\/1920px-Europaeische_Kommission_logo.svg_.png\"><img decoding=\"async\" class=\"alignnone size-medium wp-image-85213\" src=\"https:\/\/gallehr.flei.dev\/wordpress\/wp-content\/uploads\/2020\/12\/1920px-Europaeische_Kommission_logo.svg_-300x207.png\" alt=\"\" width=\"300\" height=\"207\" srcset=\"https:\/\/gallehr.flei.dev\/wp-content\/uploads\/2020\/12\/1920px-Europaeische_Kommission_logo.svg_-300x207.png 300w, https:\/\/gallehr.flei.dev\/wp-content\/uploads\/2020\/12\/1920px-Europaeische_Kommission_logo.svg_-1024x706.png 1024w, https:\/\/gallehr.flei.dev\/wp-content\/uploads\/2020\/12\/1920px-Europaeische_Kommission_logo.svg_-768x530.png 768w, https:\/\/gallehr.flei.dev\/wp-content\/uploads\/2020\/12\/1920px-Europaeische_Kommission_logo.svg_-1536x1059.png 1536w, https:\/\/gallehr.flei.dev\/wp-content\/uploads\/2020\/12\/1920px-Europaeische_Kommission_logo.svg_.png 1920w\" sizes=\"(max-width: 300px) 100vw, 300px\" \/><\/a><\/p>\n<p>Die <a href=\"https:\/\/ec.europa.eu\/info\/index_de\" target=\"_blank\" rel=\"noopener noreferrer\">europ\u00e4ische Kommission<\/a> ver\u00f6ffentlicht den ersten <a href=\"https:\/\/ec.europa.eu\/info\/law\/better-regulation\/have-your-say\/initiatives\/12792-Commission-Decision-determining-the-benchmarks-values-for-free-allocation-in-the-period-2021-2025\" target=\"_blank\" rel=\"noopener noreferrer\">Entwurf der Benchmarks<\/a> f\u00fcr die erste Zuteilungsperiode (2021-2025)\u00a0 der vierten Handelsperiode (4. HP) . Die Benchmarks befinden sich\u00a0 fortan zur Konsultation bis zum 04.01.2021.\u00a0 Den entsprechenden Entwurf haben wir Ihnen <a href=\"https:\/\/gallehr.flei.dev\/?wpfb_dl=157\" target=\"_blank\" rel=\"noopener noreferrer\">hier<\/a> zum kostenlosen Download bereit gestellt.<\/p>\n<p>Insgesamt handelt es sich hierbei um 52 sektorspezifische Benchmarks und den Benchmarks f\u00fcr die Sektoren Treibstoff und W\u00e4rme. Die dazugeh\u00f6rige Verordnung soll lt. der EU-Kommission im Februar 2021 verabschiedet werden.<\/p>\n<p>Im Gegensatz zur dritten Handelsperiode (3. HP) ist insbesondere signifkant zu erkennen, dass der <a href=\"https:\/\/eur-lex.europa.eu\/legal-content\/DE\/TXT\/PDF\/?uri=CELEX:32019R0331&amp;from=de\" target=\"_blank\" rel=\"noopener noreferrer\">W\u00e4rme- und Brennstoffbenchmark<\/a> deutlich versch\u00e4rft werden soll. Die beiden Benchmarks sollen dabei im Gegensatz zur 3.HP um\u00a0 ein Maximum von -24% gek\u00fcrzt werden.<\/p>\n<p><a href=\"https:\/\/gallehr.flei.dev\/wordpress\/wp-content\/uploads\/2020\/12\/Hp3-Hp4-2.0.jpg\"><img decoding=\"async\" class=\"alignnone size-medium wp-image-85215\" src=\"https:\/\/gallehr.flei.dev\/wordpress\/wp-content\/uploads\/2020\/12\/Hp3-Hp4-2.0-300x70.jpg\" alt=\"\" width=\"300\" height=\"70\" srcset=\"https:\/\/gallehr.flei.dev\/wp-content\/uploads\/2020\/12\/Hp3-Hp4-2.0-300x70.jpg 300w, https:\/\/gallehr.flei.dev\/wp-content\/uploads\/2020\/12\/Hp3-Hp4-2.0-1024x240.jpg 1024w, https:\/\/gallehr.flei.dev\/wp-content\/uploads\/2020\/12\/Hp3-Hp4-2.0-768x180.jpg 768w, https:\/\/gallehr.flei.dev\/wp-content\/uploads\/2020\/12\/Hp3-Hp4-2.0.jpg 1267w\" sizes=\"(max-width: 300px) 100vw, 300px\" \/><\/a><\/p>\n<p>Die Benchmark-Regeln f\u00fcr kostenlose Zuteilungen sehen wie folgt aus:<\/p>\n<ul>\n<li>Die Benchmarks werden im\u00a0 Laufe der 4 Handelsperiode zweimal aktualisert: zun\u00e4chst f\u00fcr 2021-2025 und dann noch einmals f\u00fcr 2026-2030.<\/li>\n<li>F\u00fcr Industriesektoren bei denen ein Risiko der Verlagerungen von CO2-Emissionen (Carbon Leakage) besteht, haben diese einen Anspruch auf eine kostenlose Zuteilung ihrer Emissionszertifikate bis zu einem Benchmark, der auf den leistungsst\u00e4rksten 10% jedes Sektors aufbaut.<\/li>\n<\/ul>\n<p><em>Anmerkung: Die Nutzung der jeweiligen Benchmarks dient zur Bestimmung der kostenlosen\u00a0 Zuteilung von Emissionsberichtigungen.\u00a0 \u00dcber die <a href=\"https:\/\/eur-lex.europa.eu\/legal-content\/DE\/TXT\/?uri=uriserv:OJ.L_.2019.059.01.0008.01.DEU\">EU-ZuVO<\/a> sind bisher vier Zuteilungsans\u00e4tze hierarchisch festgelegt worden:<br \/>\n<\/em><\/p>\n<ol>\n<li><em>Produkt-Emissionswert (t CO2\/ t Produkt): &#8222;Die Zuteilung basiert auf der zuteilungsrelevanten Menge des hergestellten Produkts, die mit einem produktspezifischen und f\u00fcr alle Anlagen zur Herstellung dieses Produkts einheitlichen Emissionswert multipliziert wird.&#8220;<\/em><\/li>\n<li><em>W\u00e4rme-Emissionswert (t CO2\/TJ W\u00e4rme): &#8222;Die Zuteilung basiert auf der Menge der zuteilungsf\u00e4higen messbaren W\u00e4rme, die mit einem festgelegten, f\u00fcr alle Anlagen einheitlichen W\u00e4rme-Emissionswert multipliziert wird.&#8220;<\/em><\/li>\n<li><em>Brennstoff-Emissionswert (t CO2\/TJ Brennstoffenergie) &#8222;Die Zuteilung basiert auf dem Energieinhalt des verbrauchten Brennstoffs, der mit einem festgelegten und f\u00fcr alle Anlagen einheitlichen Emissionswert multipliziert wird.&#8220;<\/em><\/li>\n<li><em>Ansatz f\u00fcr Prozessemissionen &#8222;F\u00fcr die Berechnung der Zuteilung werden 97 Prozent der zuteilungsf\u00e4higen historischen Prozessemissionen als Basis verwendet.&#8220; Bei diesem Zuteilungsansatz wird kein Emissionswert festgelegt, stattdessen werden die historischen Emissionen mit einem Effizienzfaktor korrigiert. N\u00e4heres dazu finden Sie in dem Leitfaden der <a href=\"https:\/\/www.dehst.de\/\">DEHSt<\/a> &#8222;<a href=\"https:\/\/www.dehst.de\/SharedDocs\/downloads\/DE\/stationaere_anlagen\/2021-2030\/Leitfaden-1.pdf?__blob=publicationFile&amp;v=7\" target=\"_blank\" rel=\"noopener noreferrer\">Leitfaden Zuteilung 2021\u20132030 Teil 1: Grundlegende Informationen zu den Zuteilungsregeln und zum Zuteilungsverfahren<\/a>&#8222;<\/em><\/li>\n<\/ol>\n<p>Autor: Sina Barragan, GALLEHR+PARTNER<\/p>\n<p>Das k\u00f6nnte Sie auch interessieren:<\/p>\n<ul>\n<li><a href=\"https:\/\/gallehr.flei.dev\/dehst-hintergrundpapier-zum-nationalen-emissionshandelssystem-nehs-behg-veroeffentlicht\/\">DEHSt Hintergrundpapier zum nationalen Emissionshandelssystem (nEHS\/BEHG) ver\u00f6ffentlicht<\/a><\/li>\n<li><a href=\"https:\/\/gallehr.flei.dev\/brennstoffemissionshandelsgesetz-behg-nehs-wer-ist-betroffen\/\">Brennstoffemissionshandelsgesetz (BEHG, nEHS) \u2013 Wer ist betroffen?<\/a><\/li>\n<li><a href=\"https:\/\/gallehr.flei.dev\/kompetenz\/emissions-trading\/\">Das europ\u00e4ische Emissionshandelssystem (EU-ETS) und die Konsequenzen f\u00fcr betroffene Unternehmen<\/a><\/li>\n<li><a href=\"https:\/\/gallehr.flei.dev\/kompetenz\/energiemanagement-beratungs-module\/\">Energiemanagement in der Industrie: Die ISO 50001 als Managementsystem zur Vermeidung von Energie- und CO<sub>2<\/sub> Kosten<\/a><\/li>\n<\/ul>\n","protected":false},"excerpt":{"rendered":"<p>EU-Kommission ver\u00f6ffentlicht erste Entw\u00fcrfe der Benchmarks zur Bestimmung der freien Zuteilung f\u00fcr die Jahre 2021-2025 Die europ\u00e4ische Kommission ver\u00f6ffentlicht den [&hellip;]<\/p>\n","protected":false},"author":2,"featured_media":0,"comment_status":"closed","ping_status":"closed","sticky":false,"template":"","format":"standard","meta":{"footnotes":""},"categories":[180,178],"tags":[189,195,204,265,334,357,358,359],"class_list":["post-3832","post","type-post","status-publish","format-standard","hentry","category-news","category-archiv","tag-emissionshandel","tag-kostenlose-zuteilung","tag-dehst","tag-eu-ets","tag-co2","tag-benchmarks","tag-eu-kommission","tag-eu-zuvo"],"_links":{"self":[{"href":"https:\/\/gallehr.flei.dev\/de\/wp-json\/wp\/v2\/posts\/3832","targetHints":{"allow":["GET"]}}],"collection":[{"href":"https:\/\/gallehr.flei.dev\/de\/wp-json\/wp\/v2\/posts"}],"about":[{"href":"https:\/\/gallehr.flei.dev\/de\/wp-json\/wp\/v2\/types\/post"}],"author":[{"embeddable":true,"href":"https:\/\/gallehr.flei.dev\/de\/wp-json\/wp\/v2\/users\/2"}],"replies":[{"embeddable":true,"href":"https:\/\/gallehr.flei.dev\/de\/wp-json\/wp\/v2\/comments?post=3832"}],"version-history":[{"count":0,"href":"https:\/\/gallehr.flei.dev\/de\/wp-json\/wp\/v2\/posts\/3832\/revisions"}],"wp:attachment":[{"href":"https:\/\/gallehr.flei.dev\/de\/wp-json\/wp\/v2\/media?parent=3832"}],"wp:term":[{"taxonomy":"category","embeddable":true,"href":"https:\/\/gallehr.flei.dev\/de\/wp-json\/wp\/v2\/categories?post=3832"},{"taxonomy":"post_tag","embeddable":true,"href":"https:\/\/gallehr.flei.dev\/de\/wp-json\/wp\/v2\/tags?post=3832"}],"curies":[{"name":"wp","href":"https:\/\/api.w.org\/{rel}","templated":true}]}}