{"id":3882,"date":"2020-12-18T17:38:35","date_gmt":"2020-12-18T16:38:35","guid":{"rendered":"https:\/\/hostsharing.gallehr.de\/?p=3882"},"modified":"2021-07-02T15:42:42","modified_gmt":"2021-07-02T13:42:42","slug":"eu-ets-verlaengerung-der-abgabe-der-zuteilungsdatenberichte-fuer-2019-und-2020-bis-zum-bis-zum-30-juni-2021","status":"publish","type":"post","link":"https:\/\/gallehr.flei.dev\/de\/eu-ets-verlaengerung-der-abgabe-der-zuteilungsdatenberichte-fuer-2019-und-2020-bis-zum-bis-zum-30-juni-2021\/","title":{"rendered":"EU-ETS: Verl\u00e4ngerung der Abgabe der Zuteilungsdatenberichte f\u00fcr 2019 und 2020 bis zum bis zum 30. Juni 2021"},"content":{"rendered":"<h2>Zuteilungsdatenberichte: FMS online und Frist ausnahmsweise verl\u00e4ngert<\/h2>\n<p><a href=\"https:\/\/gallehr.flei.dev\/wordpress\/wp-content\/uploads\/2020\/12\/Zuteilungsdatenberichte-FMS-2020-12-18.png\"><img decoding=\"async\" class=\"aligncenter size-medium wp-image-85221\" src=\"https:\/\/gallehr.flei.dev\/wordpress\/wp-content\/uploads\/2020\/12\/Zuteilungsdatenberichte-FMS-2020-12-18-300x66.png\" alt=\"\" width=\"300\" height=\"66\" srcset=\"https:\/\/gallehr.flei.dev\/wp-content\/uploads\/2020\/12\/Zuteilungsdatenberichte-FMS-2020-12-18-300x66.png 300w, https:\/\/gallehr.flei.dev\/wp-content\/uploads\/2020\/12\/Zuteilungsdatenberichte-FMS-2020-12-18-768x170.png 768w, https:\/\/gallehr.flei.dev\/wp-content\/uploads\/2020\/12\/Zuteilungsdatenberichte-FMS-2020-12-18.png 949w\" sizes=\"(max-width: 300px) 100vw, 300px\" \/><\/a><\/p>\n<h3>Das wichtigste zuerst:<\/h3>\n<p><span style=\"font-family: Arial;\"><span style=\"font-size: small;\">Die gesetzliche Frist zur <strong>Einreichung der ersten Zuteilungsdatenberichte<\/strong> f\u00fcr die 4. Handelsperiode w\u00e4re der 31. M\u00e4rz 2021 (vgl. Artikel 3 EU-Anpassungsverordnung, <a href=\"https:\/\/eur-lex.europa.eu\/legal-content\/DE\/TXT\/PDF\/?uri=CELEX:32019R1842\" target=\"_blank\" rel=\"noopener noreferrer\">Durchf\u00fchrungsverordnung (EU) 2019\/1842<\/a>). Da das Zuteilungsverfahren f\u00fcr Bestandsanlagen der 4. Handelsperiode im Zuteilungszeitraum 2021-2025 wird derzeit noch intensiv auf europ\u00e4ischer und nationaler Ebene vorbereitet wird, k\u00f6nnen in Deutschland die <a href=\"https:\/\/www.dehst.de\/Zuteilungsdatenbericht\" target=\"_blank\" rel=\"noopener noreferrer\">Zuteilungsdatenberichte<\/a> 2019 und 2020 ausnahmsweise und bei Bedarf sp\u00e4testens zum <strong>30. Juni 2021<\/strong> einreichen, ohne dass dies negative Folgen f\u00fcr die Anlagenbetreiber nach sich zieht. Die Pr\u00fcfung der Zuteilungsdatenberichte wird die <a href=\"https:\/\/www.dehst.de\/\" target=\"_blank\" rel=\"noopener noreferrer\">DEHSt<\/a> nach diesem Zeitpunkt starten.<\/span><\/span><\/p>\n<h3>Das FMS f\u00fcr die Erstellung der Zuteilungsdatenberichte ist online<\/h3>\n<p align=\"left\"><span style=\"font-family: Arial; font-size: small;\">Auf der <a href=\"https:\/\/www.formulare.dehst.de\/stationaer.html\">Internetseite<\/a> der DEHSt steht die <a href=\"https:\/\/www.formulare.dehst.de\/zdb2025\/authenticate.do\" target=\"_blank\" rel=\"noopener noreferrer\"><strong>FMS-Anwendung<\/strong> zur Erstellung des Zuteilungsdatenberichts (ZDB)<\/a> zur Verf\u00fcgung. Dar\u00fcber hinaus finden Sie dort die folgenden Hilfestellungen:<\/span><\/p>\n<ul>\n<li>\n<div align=\"left\"><span style=\"font-family: Arial; font-size: small;\">Excel-Tools f\u00fcr spezielle Zuteilungselemente mit Produkt-Emissionswert,<\/span><\/div>\n<\/li>\n<li>\n<div align=\"left\"><span style=\"font-family: Arial; font-size: small;\">Excel-Tool zur Aufteilung von Stoffstr\u00f6men auf Zuteilungselemente sowie<\/span><\/div>\n<\/li>\n<li>\n<div align=\"left\"><span style=\"font-family: Arial; font-size: small;\">FMS-Handbuch f\u00fcr den Zuteilungsdatenbericht.<\/span><\/div>\n<\/li>\n<\/ul>\n<h2>Kontakt zu GALLEHR+PARTNER<sup>\u00ae<\/sup><\/h2>\n<p>F\u00fcr alle Fragen rund um den Europ\u00e4ischen Emissionshandel stehen Ihnen erfahrene Experten von GALLEHR+PARTNER<sup>\u00ae<\/sup> seit 2005 zur Verf\u00fcgung.<\/p>\n<article class=\"post\">\n<h2>Das k\u00f6nnte Sie auch interessieren:<\/h2>\n<ul>\n<li><a href=\"https:\/\/gallehr.flei.dev\/dehst-hintergrundpapier-zum-nationalen-emissionshandelssystem-nehs-behg-veroeffentlicht\/\">DEHSt Hintergrundpapier zum nationalen Emissionshandelssystem (nEHS\/BEHG) ver\u00f6ffentlicht<\/a><\/li>\n<li><a href=\"https:\/\/gallehr.flei.dev\/brennstoffemissionshandelsgesetz-behg-nehs-wer-ist-betroffen\/\">Brennstoffemissionshandelsgesetz (BEHG, nEHS) \u2013 Wer ist betroffen?<\/a><\/li>\n<li><a href=\"https:\/\/gallehr.flei.dev\/kompetenz\/emissions-trading\/\">Das europ\u00e4ische Emissionshandelssystem (EU-ETS) und die Konsequenzen f\u00fcr betroffene Unternehmen<\/a><\/li>\n<li><a href=\"https:\/\/gallehr.flei.dev\/kompetenz\/energiemanagement-beratungs-module\/\">Energiemanagement in der Industrie: Die ISO 50001 als Managementsystem zur Vermeidung von Energie- und CO<sub>2<\/sub> Kosten<\/a><\/li>\n<\/ul>\n<\/article>\n","protected":false},"excerpt":{"rendered":"<p>Zuteilungsdatenberichte: FMS online und Frist ausnahmsweise verl\u00e4ngert Das wichtigste zuerst: Die gesetzliche Frist zur Einreichung der ersten Zuteilungsdatenberichte f\u00fcr die [&hellip;]<\/p>\n","protected":false},"author":2,"featured_media":0,"comment_status":"closed","ping_status":"closed","sticky":false,"template":"","format":"standard","meta":{"footnotes":""},"categories":[180,178],"tags":[204,205,209,216,238,265,351,353],"class_list":["post-3882","post","type-post","status-publish","format-standard","hentry","category-news","category-archiv","tag-dehst","tag-fms","tag-vps","tag-tehg","tag-emissionsberechtigungen","tag-eu-ets","tag-zuteilungsdatenbericht","tag-emissonshandel"],"_links":{"self":[{"href":"https:\/\/gallehr.flei.dev\/de\/wp-json\/wp\/v2\/posts\/3882","targetHints":{"allow":["GET"]}}],"collection":[{"href":"https:\/\/gallehr.flei.dev\/de\/wp-json\/wp\/v2\/posts"}],"about":[{"href":"https:\/\/gallehr.flei.dev\/de\/wp-json\/wp\/v2\/types\/post"}],"author":[{"embeddable":true,"href":"https:\/\/gallehr.flei.dev\/de\/wp-json\/wp\/v2\/users\/2"}],"replies":[{"embeddable":true,"href":"https:\/\/gallehr.flei.dev\/de\/wp-json\/wp\/v2\/comments?post=3882"}],"version-history":[{"count":0,"href":"https:\/\/gallehr.flei.dev\/de\/wp-json\/wp\/v2\/posts\/3882\/revisions"}],"wp:attachment":[{"href":"https:\/\/gallehr.flei.dev\/de\/wp-json\/wp\/v2\/media?parent=3882"}],"wp:term":[{"taxonomy":"category","embeddable":true,"href":"https:\/\/gallehr.flei.dev\/de\/wp-json\/wp\/v2\/categories?post=3882"},{"taxonomy":"post_tag","embeddable":true,"href":"https:\/\/gallehr.flei.dev\/de\/wp-json\/wp\/v2\/tags?post=3882"}],"curies":[{"name":"wp","href":"https:\/\/api.w.org\/{rel}","templated":true}]}}