{"id":3890,"date":"2021-02-18T13:00:40","date_gmt":"2021-02-18T12:00:40","guid":{"rendered":"https:\/\/hostsharing.gallehr.de\/?p=3890"},"modified":"2025-11-17T17:28:16","modified_gmt":"2025-11-17T16:28:16","slug":"masterarbeit-eu-greendeal-foerderlandschaft","status":"publish","type":"post","link":"https:\/\/gallehr.flei.dev\/de\/masterarbeit-eu-greendeal-foerderlandschaft\/","title":{"rendered":"Masterarbeit  EU GreenDeal F\u00f6rderlandschaft"},"content":{"rendered":"<h2>Willkommen bei GALLEHR+PARTNER<sup>\u00ae<\/sup><\/h2>\n<p><a href=\"https:\/\/gallehr.flei.dev\/wordpress\/wp-content\/uploads\/2021\/02\/Zusammen.png\"><img decoding=\"async\" class=\"alignnone size-medium wp-image-85035\" src=\"https:\/\/gallehr.flei.dev\/wordpress\/wp-content\/uploads\/2021\/02\/Zusammen-300x225.png\" alt=\"\" width=\"300\" height=\"225\" srcset=\"https:\/\/gallehr.flei.dev\/wp-content\/uploads\/2021\/02\/Zusammen-300x225.png 300w, https:\/\/gallehr.flei.dev\/wp-content\/uploads\/2021\/02\/Zusammen.png 640w\" sizes=\"(max-width: 300px) 100vw, 300px\" \/><\/a><\/p>\n<p>M\u00f6chten Sie Ihre Ideen in zukunftsf\u00e4hige L\u00f6sungen f\u00fcr die energieintensive Industrie verwandeln? M\u00f6chten Sie uns dabei unterst\u00fctzen, Industrieunternehmen zu helfen, ihren Weg aus dem Corona Lockdown rein in eine klimaneutrale, kreislaufwirtschaftliche, erneuerbare Zukunft zu meistern? Ob im Bereich Emissionshandel, Energieeffizienz, Energie- und Klimamanagement oder &#8211; vielleicht noch interessanter f\u00fcr Sie &#8211; in einer Kombination der genannten Themen? Mit uns helfen Sie, dass international agierende Industrieunternehmen eine der wichtigsten Herausforderungen unserer Zeit meistern k\u00f6nnen: Fit werden f\u00fcr eine klimaneutrale, ressourceneffiziente Zukunft. Willkommen bei GALLEHR+PARTNER<sup>\u00ae<\/sup>.<\/p>\n<p>Die <em>Gallehr Sustainable Risk Management GmbH<\/em> freut sich auf Ihre <strong><a href=\"mailto:bewerbung@gallehr.de\">Bewerbung<\/a><\/strong>!<\/p>\n<p>Zur Wahrung der Chancengleichheit zwischen Frauen und M\u00e4nnern sind Bewerbungen von Frauen\u00a0 ausdr\u00fccklich erw\u00fcnscht!<\/p>\n<p><strong>Anstellungsart:<\/strong> Befristet<br \/>\n<strong>Arbeitszeit:<\/strong> Arbeitszeiten k\u00f6nnen bei Bedarf flexibel vereinbart werden<br \/>\n<strong>Arbeitsort:<\/strong> Flexibel, abh\u00e4ngig von dem gew\u00e4hlten Thema. Mindestens regelm\u00e4\u00dfige Abstimmungstermine in <a href=\"https:\/\/maps.metager.de\/map\/Hauptstrasse%2043%20Karben\/8.757142660857426,50.25011690000002,18\" target=\"_blank\" rel=\"noopener noreferrer\">Karben bei Frankfurt am Main<\/a>.<\/p>\n<h2>Das Themenumfeld<\/h2>\n<p>Der von der EU Kommission Ende 2019 vorgestellte <a href=\"https:\/\/ec.europa.eu\/info\/strategy\/priorities-2019-2024\/european-green-deal_de\" target=\"_blank\" rel=\"noopener noreferrer\">EU Green Deal<\/a> hat das Ziel, bis 2050 in der Europ\u00e4ischen Union die Netto-Emissionen von Treibhausgasen auf null zu reduzieren und somit zu erm\u00f6glichen, dass Europa als erster Kontinent <a title=\"Klimaneutralit\u00e4t\" href=\"https:\/\/de.wikipedia.org\/wiki\/Klimaneutralit%C3%A4t\">klimaneutral<\/a> wird. Dazu wurden auch in Deutschland diverse F\u00f6rderma\u00dfnahmen definiert, die der Industrie bei dem notwendigen Umbau unterst\u00fctzen sollen.<\/p>\n<p>Dar\u00fcber hinaus haben sich die <a href=\"https:\/\/ec.europa.eu\/info\/index_de\" target=\"_blank\" rel=\"noopener noreferrer\">EU-Kommission<\/a>, das <a href=\"https:\/\/www.europarl.europa.eu\/portal\/de\" target=\"_blank\" rel=\"noopener noreferrer\">Europ\u00e4ische Parlament<\/a> und der <a href=\"https:\/\/www.consilium.europa.eu\/de\/policies\/eu-recovery-plan\/\" target=\"_blank\" rel=\"noopener noreferrer\">EU Rat<\/a> im Februar 2021 auf den <a href=\"https:\/\/ec.europa.eu\/info\/strategy\/recovery-plan-europe_de\" target=\"_blank\" rel=\"noopener noreferrer\"><strong>Europ\u00e4ischen Aufbauplan<\/strong><\/a> geeinigt, der die, durch die Ma\u00dfnahmen gegen die Corona Pandemie entstandenen Sch\u00e4den in Wirtschaft und Gesellschaft beheben soll. 30% der 1,8243 Billionen Euro, also immerhin knapp 500 Milliarden Euro sollen bis 2030 in den Umbau der EU zur Klimaneutralit\u00e4t investiert werden.<\/p>\n<p>Ihre erste Aufgabe besteht darin, sich ein interessantes Thema f\u00fcr Ihre Masterarbeit im Umfeld Industrie, EU GreenDeal und Corona Recovery Plan zu \u00fcberlegen.<\/p>\n<p>Mit Ihrer schriftlichen Bewerbung reichen Sie bitte ein kurzes Expos\u00e9 (Max 500 Worte) ein, in dem Sie Ihre Idee skizzieren.<\/p>\n<h2>Ihr Profil<\/h2>\n<ul>\n<li><strong>Ausbildung:<\/strong> Studium im Bereich Wirtschaftswissenschaften, (Wirtschafts-)Ingenieurwesen mit einschl\u00e4giger Fachrichtung oder vergleichbar.<\/li>\n<li><strong>Pers\u00f6nlichkeit:<\/strong> Teamf\u00e4hig, engagiert und ambitioniert ohne Angst, Fragen zu stellen.<\/li>\n<li><strong>Arbeitsweise:<\/strong> Eigeninitiativ, strukturiert und zielstrebig mit Exzellenzanspruch an Ihre Arbeit.<\/li>\n<li><strong>Erfahrungen: <\/strong>Sie haben Ihr Studium soweit gebracht, dass zu einem Abschluss nur noch die Abschlussarbeit erledigt werden muss.<strong><br \/>\n<\/strong><\/li>\n<li><strong>Know-How:<\/strong> Sie kennen die grunds\u00e4tzlichen Zusammenh\u00e4nge des Energiekomplexes. Insbesondere den Unterschied zwischen Leistung und Arbeit. Sie sind mit den grunds\u00e4tzlichen betriebs- und volkswirtschaftlichen Zusammenh\u00e4ngen vertraut.<\/li>\n<li><strong>Qualifikation: <\/strong>Interesse an unternehmerischem Denken und Freude am Erkennen von technischen, kaufm\u00e4nnischen und nachhaltigen Zusammenh\u00e4ngen.<\/li>\n<li><strong>Sprachen:<\/strong> Sehr gutes Deutsch in Wort und Schrift, mindestens fortgeschrittenes Kompetenzniveau (C1), Englisch<\/li>\n<\/ul>\n<h2>Verg\u00fctung<\/h2>\n<p>Wir verg\u00fcten Ihnen die Erstellung der Masterarbeit abh\u00e4ngig von dem vereinbarten Aufgaben. Sollte die Zusammenarbeit w\u00e4hrend der Erstellung der Masterarbeit einer Werkstudentent\u00e4tigkeit \u00e4hneln, orientieren wir uns an der Verg\u00fctung f\u00fcr Werkstudenten mit EUR 17,50 pro Arbeitsstunde.<\/p>\n<h2>Unsere Standort-Vorteile f\u00fcr Sie<\/h2>\n<ul>\n<li><b>Flexibles und mobiles Arbeiten<\/b>: Wir bieten Ihnen flexible Arbeits(zeit)modelle.<\/li>\n<li><b>Angebunden an die ganze Welt<\/b>: Unser Hauptsitz liegt mit der S Bahn 30 min vom Zentrum der Weltmetropole Frankfurt am Main entfernt.<\/li>\n<li><b>Freiraum f\u00fcr Kreativit\u00e4t<\/b>: Wir bieten Ihnen Freir\u00e4ume f\u00fcr kreatives Arbeiten.<\/li>\n<\/ul>\n<h2>Kontakt und Wissenswertes<\/h2>\n<p><strong>Beginn:<\/strong> Ab April<br \/>\n<strong>Dauer:<\/strong> 4 \u2013 6 Monate<\/p>\n<p>Voraussetzung f\u00fcr die Abschlussarbeit ist die Immatrikulation an einer Hochschule. Bitte f\u00fcgen Sie Ihrer Bewerbung ein Motivationsschreiben und Ihren Lebenslauf bei.<\/p>\n<p><strong>Sie haben Fragen zum Job oder zu unserem Unternehmen?<\/strong><\/p>\n<p>Wir stehen gerne jederzeit zur Verf\u00fcgung. Kontaktieren Sie uns entweder telefonisch unter +49 6039 9263686 oder \u00fcber unser <a href=\"https:\/\/gallehr.flei.dev\/contact\/kontakt\/\">Kontaktformular.<\/a><\/p>\n<h2><strong><a href=\"mailto:bewerbung@gallehr.de\">Oder bewerben Sie sich gleich jetzt!<\/a><\/strong><\/h2>\n<p><!--:--><\/p>\n","protected":false},"excerpt":{"rendered":"<p>Willkommen bei GALLEHR+PARTNER\u00ae M\u00f6chten Sie Ihre Ideen in zukunftsf\u00e4hige L\u00f6sungen f\u00fcr die energieintensive Industrie verwandeln? M\u00f6chten Sie uns dabei unterst\u00fctzen, [&hellip;]<\/p>\n","protected":false},"author":2,"featured_media":0,"comment_status":"closed","ping_status":"closed","sticky":false,"template":"","format":"standard","meta":{"footnotes":""},"categories":[180],"tags":[],"class_list":["post-3890","post","type-post","status-publish","format-standard","hentry","category-news"],"_links":{"self":[{"href":"https:\/\/gallehr.flei.dev\/de\/wp-json\/wp\/v2\/posts\/3890","targetHints":{"allow":["GET"]}}],"collection":[{"href":"https:\/\/gallehr.flei.dev\/de\/wp-json\/wp\/v2\/posts"}],"about":[{"href":"https:\/\/gallehr.flei.dev\/de\/wp-json\/wp\/v2\/types\/post"}],"author":[{"embeddable":true,"href":"https:\/\/gallehr.flei.dev\/de\/wp-json\/wp\/v2\/users\/2"}],"replies":[{"embeddable":true,"href":"https:\/\/gallehr.flei.dev\/de\/wp-json\/wp\/v2\/comments?post=3890"}],"version-history":[{"count":0,"href":"https:\/\/gallehr.flei.dev\/de\/wp-json\/wp\/v2\/posts\/3890\/revisions"}],"wp:attachment":[{"href":"https:\/\/gallehr.flei.dev\/de\/wp-json\/wp\/v2\/media?parent=3890"}],"wp:term":[{"taxonomy":"category","embeddable":true,"href":"https:\/\/gallehr.flei.dev\/de\/wp-json\/wp\/v2\/categories?post=3890"},{"taxonomy":"post_tag","embeddable":true,"href":"https:\/\/gallehr.flei.dev\/de\/wp-json\/wp\/v2\/tags?post=3890"}],"curies":[{"name":"wp","href":"https:\/\/api.w.org\/{rel}","templated":true}]}}