{"id":717,"date":"2007-06-04T10:39:57","date_gmt":"2007-06-04T10:39:57","guid":{"rendered":"https:\/\/hostsharing.gallehr.de\/WP\/?p=717"},"modified":"2021-07-01T18:01:00","modified_gmt":"2021-07-01T16:01:00","slug":"deutsch-co2-checkup-2-handelsperiode","status":"publish","type":"post","link":"https:\/\/gallehr.flei.dev\/de\/deutsch-co2-checkup-2-handelsperiode\/","title":{"rendered":"CO2 CheckUp 2. Handelsperiode"},"content":{"rendered":"<p>CO<sub>2<\/sub> CheckUp 2.Handelsperiode &#8211; wo stehen wir und was muss angepasst werden, um optimal f\u00fcr die n\u00e4chsten f\u00fcnf Jahre gewappnet zu sein: Nutzen Sie die verbleibende Zeit bis zur Antragstellung f\u00fcr die 2.Handelsperiode klug, gerade weil die Fristen wieder sehr kurz sein werden. Deshalb empfehlen wir eine Statusbestimmung mit unserem CO<sub>2<\/sub>-CheckUp.<\/p>\n","protected":false},"excerpt":{"rendered":"<p>CO2 CheckUp 2.Handelsperiode &#8211; wo stehen wir und was muss angepasst werden, um optimal f\u00fcr die n\u00e4chsten f\u00fcnf Jahre gewappnet [&hellip;]<\/p>\n","protected":false},"author":2,"featured_media":0,"comment_status":"closed","ping_status":"closed","sticky":false,"template":"","format":"standard","meta":{"footnotes":""},"categories":[178],"tags":[],"class_list":["post-717","post","type-post","status-publish","format-standard","hentry","category-archiv"],"_links":{"self":[{"href":"https:\/\/gallehr.flei.dev\/de\/wp-json\/wp\/v2\/posts\/717","targetHints":{"allow":["GET"]}}],"collection":[{"href":"https:\/\/gallehr.flei.dev\/de\/wp-json\/wp\/v2\/posts"}],"about":[{"href":"https:\/\/gallehr.flei.dev\/de\/wp-json\/wp\/v2\/types\/post"}],"author":[{"embeddable":true,"href":"https:\/\/gallehr.flei.dev\/de\/wp-json\/wp\/v2\/users\/2"}],"replies":[{"embeddable":true,"href":"https:\/\/gallehr.flei.dev\/de\/wp-json\/wp\/v2\/comments?post=717"}],"version-history":[{"count":0,"href":"https:\/\/gallehr.flei.dev\/de\/wp-json\/wp\/v2\/posts\/717\/revisions"}],"wp:attachment":[{"href":"https:\/\/gallehr.flei.dev\/de\/wp-json\/wp\/v2\/media?parent=717"}],"wp:term":[{"taxonomy":"category","embeddable":true,"href":"https:\/\/gallehr.flei.dev\/de\/wp-json\/wp\/v2\/categories?post=717"},{"taxonomy":"post_tag","embeddable":true,"href":"https:\/\/gallehr.flei.dev\/de\/wp-json\/wp\/v2\/tags?post=717"}],"curies":[{"name":"wp","href":"https:\/\/api.w.org\/{rel}","templated":true}]}}