{"id":719,"date":"2007-07-13T10:41:21","date_gmt":"2007-07-13T10:41:21","guid":{"rendered":"https:\/\/hostsharing.gallehr.de\/WP\/?p=719"},"modified":"2021-07-01T17:59:44","modified_gmt":"2021-07-01T15:59:44","slug":"deutsch-das-im-bundestag-beschlossene-zuteilungsgesetz-2012-steht-zur-verfugung","status":"publish","type":"post","link":"https:\/\/gallehr.flei.dev\/de\/deutsch-das-im-bundestag-beschlossene-zuteilungsgesetz-2012-steht-zur-verfugung\/","title":{"rendered":"Das im Bundestag beschlossene Zuteilungsgesetz 2012 steht zur Verf\u00fcgung"},"content":{"rendered":"<p>Das im Bundestag beschlossene Zuteilungsgesetz 2012 steht zur Verf\u00fcgung. Endlich erste rechtliche Orientierung f\u00fcr die zweite Handelsperiode. Lesen Sie hier im <a title=\"Mehr erfahren zu diesem Thema\" href=\"www.gallehr.de\/WP\/?wpfb_dl=22\"> kostenlosen GALLEHR+PARTNER Infobrief<\/a> eine Interpretation des Gesetzes und der Auswirkungen auf die Anlagenbetreiber in den n\u00e4chsten f\u00fcnf Jahren.<\/p>\n","protected":false},"excerpt":{"rendered":"<p>Das im Bundestag beschlossene Zuteilungsgesetz 2012 steht zur Verf\u00fcgung. Endlich erste rechtliche Orientierung f\u00fcr die zweite Handelsperiode. Lesen Sie hier [&hellip;]<\/p>\n","protected":false},"author":2,"featured_media":0,"comment_status":"closed","ping_status":"closed","sticky":false,"template":"","format":"standard","meta":{"footnotes":""},"categories":[178],"tags":[],"class_list":["post-719","post","type-post","status-publish","format-standard","hentry","category-archiv"],"_links":{"self":[{"href":"https:\/\/gallehr.flei.dev\/de\/wp-json\/wp\/v2\/posts\/719","targetHints":{"allow":["GET"]}}],"collection":[{"href":"https:\/\/gallehr.flei.dev\/de\/wp-json\/wp\/v2\/posts"}],"about":[{"href":"https:\/\/gallehr.flei.dev\/de\/wp-json\/wp\/v2\/types\/post"}],"author":[{"embeddable":true,"href":"https:\/\/gallehr.flei.dev\/de\/wp-json\/wp\/v2\/users\/2"}],"replies":[{"embeddable":true,"href":"https:\/\/gallehr.flei.dev\/de\/wp-json\/wp\/v2\/comments?post=719"}],"version-history":[{"count":0,"href":"https:\/\/gallehr.flei.dev\/de\/wp-json\/wp\/v2\/posts\/719\/revisions"}],"wp:attachment":[{"href":"https:\/\/gallehr.flei.dev\/de\/wp-json\/wp\/v2\/media?parent=719"}],"wp:term":[{"taxonomy":"category","embeddable":true,"href":"https:\/\/gallehr.flei.dev\/de\/wp-json\/wp\/v2\/categories?post=719"},{"taxonomy":"post_tag","embeddable":true,"href":"https:\/\/gallehr.flei.dev\/de\/wp-json\/wp\/v2\/tags?post=719"}],"curies":[{"name":"wp","href":"https:\/\/api.w.org\/{rel}","templated":true}]}}