{"id":726,"date":"2007-11-26T10:45:13","date_gmt":"2007-11-26T10:45:13","guid":{"rendered":"https:\/\/hostsharing.gallehr.de\/WP\/?p=726"},"modified":"2021-07-01T18:00:31","modified_gmt":"2021-07-01T16:00:31","slug":"deutsch-monitoringkonzepte-bis-31-12-2007-anpassen","status":"publish","type":"post","link":"https:\/\/gallehr.flei.dev\/de\/deutsch-monitoringkonzepte-bis-31-12-2007-anpassen\/","title":{"rendered":"Monitoringkonzepte bis 31.12.2007 anpassen"},"content":{"rendered":"<p>Lesen Sie im kostenlosen GALLEHR+PARTNER <a title=\"Mehr erfahren zu diesem Thema\" href=\"www.gallehr.de\/WP\/?wpfb_dl=18\" target=\"_blank\" rel=\"noopener\">CO<sub>2<\/sub>-Infobrief 07\/07<\/a> welche Anpassungen laut Monitoringrichtlinien 2007 n\u00f6tig sind? Auf in die n\u00e4chste Runde: Nachdem jetzt bis zum 19. November die Antr\u00e4ge f\u00fcr die Zuteilung von Emissionsberechtigungen der zweiten Emissionshandelsperiode gestellt wurden, m\u00fcssen bis zum Jahresende 2007 auch die existierenden Monitoringkonzepte (MK) auf die neuen Anforderungen angepasst werden.<\/p>\n","protected":false},"excerpt":{"rendered":"<p>Lesen Sie im kostenlosen GALLEHR+PARTNER CO2-Infobrief 07\/07 welche Anpassungen laut Monitoringrichtlinien 2007 n\u00f6tig sind? Auf in die n\u00e4chste Runde: Nachdem [&hellip;]<\/p>\n","protected":false},"author":2,"featured_media":0,"comment_status":"closed","ping_status":"closed","sticky":false,"template":"","format":"standard","meta":{"footnotes":""},"categories":[178],"tags":[],"class_list":["post-726","post","type-post","status-publish","format-standard","hentry","category-archiv"],"_links":{"self":[{"href":"https:\/\/gallehr.flei.dev\/de\/wp-json\/wp\/v2\/posts\/726","targetHints":{"allow":["GET"]}}],"collection":[{"href":"https:\/\/gallehr.flei.dev\/de\/wp-json\/wp\/v2\/posts"}],"about":[{"href":"https:\/\/gallehr.flei.dev\/de\/wp-json\/wp\/v2\/types\/post"}],"author":[{"embeddable":true,"href":"https:\/\/gallehr.flei.dev\/de\/wp-json\/wp\/v2\/users\/2"}],"replies":[{"embeddable":true,"href":"https:\/\/gallehr.flei.dev\/de\/wp-json\/wp\/v2\/comments?post=726"}],"version-history":[{"count":0,"href":"https:\/\/gallehr.flei.dev\/de\/wp-json\/wp\/v2\/posts\/726\/revisions"}],"wp:attachment":[{"href":"https:\/\/gallehr.flei.dev\/de\/wp-json\/wp\/v2\/media?parent=726"}],"wp:term":[{"taxonomy":"category","embeddable":true,"href":"https:\/\/gallehr.flei.dev\/de\/wp-json\/wp\/v2\/categories?post=726"},{"taxonomy":"post_tag","embeddable":true,"href":"https:\/\/gallehr.flei.dev\/de\/wp-json\/wp\/v2\/tags?post=726"}],"curies":[{"name":"wp","href":"https:\/\/api.w.org\/{rel}","templated":true}]}}