{"id":728,"date":"2008-01-22T10:46:13","date_gmt":"2008-01-22T10:46:13","guid":{"rendered":"https:\/\/hostsharing.gallehr.de\/WP\/?p=728"},"modified":"2021-07-01T18:02:01","modified_gmt":"2021-07-01T16:02:01","slug":"deutsch-durchfuhrung-der-ex-post-korrekturen-vorschlag-bis-zum-29-02-08","status":"publish","type":"post","link":"https:\/\/gallehr.flei.dev\/de\/deutsch-durchfuhrung-der-ex-post-korrekturen-vorschlag-bis-zum-29-02-08\/","title":{"rendered":"Durchf\u00fchrung der Ex-post-Korrekturen, Vorschlag bis zum 29.02.08!"},"content":{"rendered":"<p>Wie wird mit den \u00fcberf\u00e4lligen Ex-Post Korrekturen verfahren? Finden Sie im kostenlosen <a title=\"Mehr erfahren zu diesem Thema\" href=\"www.gallehr.de\/WP\/?wpfb_dl=17\" target=\"_blank\" rel=\"noopener\">GALLEHR+PARTNER CO<sub>2<\/sub>-Infobrief 01-08<\/a> einen Gastbeitrag von Dr. Markus Ehrmann \u00fcber die rechtlichen Hintergr\u00fcnde der Ex-post-Korrekturen sowie ein Fazit und Empfehlungen von GALLEHR+PARTNER zu diesem Thema.<\/p>\n","protected":false},"excerpt":{"rendered":"<p>Wie wird mit den \u00fcberf\u00e4lligen Ex-Post Korrekturen verfahren? Finden Sie im kostenlosen GALLEHR+PARTNER CO2-Infobrief 01-08 einen Gastbeitrag von Dr. Markus [&hellip;]<\/p>\n","protected":false},"author":2,"featured_media":0,"comment_status":"closed","ping_status":"closed","sticky":false,"template":"","format":"standard","meta":{"footnotes":""},"categories":[178],"tags":[],"class_list":["post-728","post","type-post","status-publish","format-standard","hentry","category-archiv"],"_links":{"self":[{"href":"https:\/\/gallehr.flei.dev\/de\/wp-json\/wp\/v2\/posts\/728","targetHints":{"allow":["GET"]}}],"collection":[{"href":"https:\/\/gallehr.flei.dev\/de\/wp-json\/wp\/v2\/posts"}],"about":[{"href":"https:\/\/gallehr.flei.dev\/de\/wp-json\/wp\/v2\/types\/post"}],"author":[{"embeddable":true,"href":"https:\/\/gallehr.flei.dev\/de\/wp-json\/wp\/v2\/users\/2"}],"replies":[{"embeddable":true,"href":"https:\/\/gallehr.flei.dev\/de\/wp-json\/wp\/v2\/comments?post=728"}],"version-history":[{"count":0,"href":"https:\/\/gallehr.flei.dev\/de\/wp-json\/wp\/v2\/posts\/728\/revisions"}],"wp:attachment":[{"href":"https:\/\/gallehr.flei.dev\/de\/wp-json\/wp\/v2\/media?parent=728"}],"wp:term":[{"taxonomy":"category","embeddable":true,"href":"https:\/\/gallehr.flei.dev\/de\/wp-json\/wp\/v2\/categories?post=728"},{"taxonomy":"post_tag","embeddable":true,"href":"https:\/\/gallehr.flei.dev\/de\/wp-json\/wp\/v2\/tags?post=728"}],"curies":[{"name":"wp","href":"https:\/\/api.w.org\/{rel}","templated":true}]}}