{"id":733,"date":"2008-02-12T10:48:38","date_gmt":"2008-02-12T10:48:38","guid":{"rendered":"https:\/\/hostsharing.gallehr.de\/WP\/?p=733"},"modified":"2021-07-01T18:02:18","modified_gmt":"2021-07-01T16:02:18","slug":"deutsch-dehst-veroffentlicht-erste-zuteilungsergebnisse","status":"publish","type":"post","link":"https:\/\/gallehr.flei.dev\/de\/deutsch-dehst-veroffentlicht-erste-zuteilungsergebnisse\/","title":{"rendered":"DEHSt ver\u00f6ffentlicht erste Zuteilungsergebnisse"},"content":{"rendered":"<p>Die Deutsche Emissionshandelsstelle (DEHSt) im Umweltbundesamt hat f\u00fcr das Zuteilungsverfahren 2008-2012 die Berechnungen der K\u00fcrzungsfaktoren abgeschlossen.<\/p>\n<p>Finden Sie <a title=\"Mehr erfahren zu diesem Thema\" href=\"www.gallehr.de\/WP\/?wpfb_dl=20\">hier<\/a> die ersten Ergebnisse vom 12.2.2008. Die GALLEHR+PARTNER Sch\u00e4tzungen f\u00fcr Kfver und der Anteiligen K\u00fcrzung sind nahezu eingetreten.<\/p>\n","protected":false},"excerpt":{"rendered":"<p>Die Deutsche Emissionshandelsstelle (DEHSt) im Umweltbundesamt hat f\u00fcr das Zuteilungsverfahren 2008-2012 die Berechnungen der K\u00fcrzungsfaktoren abgeschlossen. Finden Sie hier die [&hellip;]<\/p>\n","protected":false},"author":2,"featured_media":0,"comment_status":"closed","ping_status":"closed","sticky":false,"template":"","format":"standard","meta":{"footnotes":""},"categories":[178],"tags":[],"class_list":["post-733","post","type-post","status-publish","format-standard","hentry","category-archiv"],"_links":{"self":[{"href":"https:\/\/gallehr.flei.dev\/de\/wp-json\/wp\/v2\/posts\/733","targetHints":{"allow":["GET"]}}],"collection":[{"href":"https:\/\/gallehr.flei.dev\/de\/wp-json\/wp\/v2\/posts"}],"about":[{"href":"https:\/\/gallehr.flei.dev\/de\/wp-json\/wp\/v2\/types\/post"}],"author":[{"embeddable":true,"href":"https:\/\/gallehr.flei.dev\/de\/wp-json\/wp\/v2\/users\/2"}],"replies":[{"embeddable":true,"href":"https:\/\/gallehr.flei.dev\/de\/wp-json\/wp\/v2\/comments?post=733"}],"version-history":[{"count":0,"href":"https:\/\/gallehr.flei.dev\/de\/wp-json\/wp\/v2\/posts\/733\/revisions"}],"wp:attachment":[{"href":"https:\/\/gallehr.flei.dev\/de\/wp-json\/wp\/v2\/media?parent=733"}],"wp:term":[{"taxonomy":"category","embeddable":true,"href":"https:\/\/gallehr.flei.dev\/de\/wp-json\/wp\/v2\/categories?post=733"},{"taxonomy":"post_tag","embeddable":true,"href":"https:\/\/gallehr.flei.dev\/de\/wp-json\/wp\/v2\/tags?post=733"}],"curies":[{"name":"wp","href":"https:\/\/api.w.org\/{rel}","templated":true}]}}