{"id":739,"date":"2008-07-17T10:51:53","date_gmt":"2008-07-17T10:51:53","guid":{"rendered":"https:\/\/hostsharing.gallehr.de\/WP\/?p=739"},"modified":"2021-07-01T18:02:49","modified_gmt":"2021-07-01T16:02:49","slug":"deutsch-klimaposition-erkennen-aktuelle-informationen-uber-carbon-footprint-im-gallehrpartner-co2-infobrief-0803","status":"publish","type":"post","link":"https:\/\/gallehr.flei.dev\/de\/deutsch-klimaposition-erkennen-aktuelle-informationen-uber-carbon-footprint-im-gallehrpartner-co2-infobrief-0803\/","title":{"rendered":"Klimaposition erkennen: Aktuelle Informationen \u00fcber Carbon Footprint im GALLEHR+PARTNER CO2 Infobrief 08\/03"},"content":{"rendered":"<p>In der letzten Zeit beginnt die Klimadiskussion, die Unternehmen weit \u00fcber die Auswirkungen des CO<sub>2<\/sub> Emissionshandels hinaus zu beeinflussen. Das f\u00fchrt dazu, dass die Klimadiskussion mittlerweile f\u00fcr fast alle Unternehmen relevant wird. Immer mehr Unternehmen m\u00fcssen sich auf Grund von Kundenanfragen oder aus Eigeninteresse mit den Klimaauswirkungen ihrer Produkte oder des Unternehmens selbst besch\u00e4ftigen.<br \/>\nNach einer aktuellen, branchen\u00fcbergreifenden Umfrage von GALLEHR+PARTNER im Auftrag des Potsdam Instituts f\u00fcr Klimafolgeforschung sehen mittlerweile \u00fcber 80% der Industrieunternehmen in Deutschland die Klimadiskussion als ein wettbewerbsrelevantes Thema f\u00fcr ihr Gesch\u00e4ft. Um diese Auswirkungen f\u00fcr das eigene Unternehmen zu begreifen, ist im ersten Schritt die Ermittlung der unternehmenseigenen Klimaposition notwendig. Der Carbon Footprint Ansatz entwickelt sich zu der anerkannten Methode, dieses zu tun und eine aussagekr\u00e4ftige Sicht auf das eigene Unternehmen zu entwickeln.<br \/>\nDer <a title=\"Mehr erfahren zu diesem Thema\" href=\"www.gallehr.de\/WP\/?wpfb_dl=15\" target=\"_blank\" rel=\"noopener\">GALLEHR+PARTNER CO<sub>2<\/sub>-Infobrief 03\/08<\/a> gibt einen \u00dcberblick \u00fcber die derzeitige Carbon Footprint-Diskussion, die sich entwickelnden Standards zur Ermittlung desselben und methodische Ans\u00e4tze f\u00fcr das Unternehmen.<\/p>\n","protected":false},"excerpt":{"rendered":"<p>In der letzten Zeit beginnt die Klimadiskussion, die Unternehmen weit \u00fcber die Auswirkungen des CO2 Emissionshandels hinaus zu beeinflussen. Das [&hellip;]<\/p>\n","protected":false},"author":2,"featured_media":0,"comment_status":"closed","ping_status":"closed","sticky":false,"template":"","format":"standard","meta":{"footnotes":""},"categories":[178],"tags":[],"class_list":["post-739","post","type-post","status-publish","format-standard","hentry","category-archiv"],"_links":{"self":[{"href":"https:\/\/gallehr.flei.dev\/de\/wp-json\/wp\/v2\/posts\/739","targetHints":{"allow":["GET"]}}],"collection":[{"href":"https:\/\/gallehr.flei.dev\/de\/wp-json\/wp\/v2\/posts"}],"about":[{"href":"https:\/\/gallehr.flei.dev\/de\/wp-json\/wp\/v2\/types\/post"}],"author":[{"embeddable":true,"href":"https:\/\/gallehr.flei.dev\/de\/wp-json\/wp\/v2\/users\/2"}],"replies":[{"embeddable":true,"href":"https:\/\/gallehr.flei.dev\/de\/wp-json\/wp\/v2\/comments?post=739"}],"version-history":[{"count":0,"href":"https:\/\/gallehr.flei.dev\/de\/wp-json\/wp\/v2\/posts\/739\/revisions"}],"wp:attachment":[{"href":"https:\/\/gallehr.flei.dev\/de\/wp-json\/wp\/v2\/media?parent=739"}],"wp:term":[{"taxonomy":"category","embeddable":true,"href":"https:\/\/gallehr.flei.dev\/de\/wp-json\/wp\/v2\/categories?post=739"},{"taxonomy":"post_tag","embeddable":true,"href":"https:\/\/gallehr.flei.dev\/de\/wp-json\/wp\/v2\/tags?post=739"}],"curies":[{"name":"wp","href":"https:\/\/api.w.org\/{rel}","templated":true}]}}