{"id":84570,"date":"2021-04-16T17:05:09","date_gmt":"2021-04-16T15:05:09","guid":{"rendered":"https:\/\/hostsharing.gallehr.de\/?p=84570"},"modified":"2021-07-02T12:15:56","modified_gmt":"2021-07-02T10:15:56","slug":"behg-statusupdate-dehst-plant-nehs-kontoeroeffnung-im-zweiten-quartal-2021","status":"publish","type":"post","link":"https:\/\/gallehr.flei.dev\/de\/behg-statusupdate-dehst-plant-nehs-kontoeroeffnung-im-zweiten-quartal-2021\/","title":{"rendered":"BEHG-Statusupdate: DEHSt plant nEHS Kontoer\u00f6ffnung im zweiten Quartal 2021"},"content":{"rendered":"<p><a href=\"https:\/\/gallehr.flei.dev\/wordpress\/wp-content\/uploads\/2021\/06\/Emissionshandel.jpg\"><img decoding=\"async\" class=\"alignnone size-medium wp-image-84796\" src=\"https:\/\/gallehr.flei.dev\/wordpress\/wp-content\/uploads\/2021\/06\/Emissionshandel-300x55.jpg\" alt=\"EU-ETS Emissionshandel DEHSt NIMS freie Zuteilung\" width=\"300\" height=\"55\" srcset=\"https:\/\/gallehr.flei.dev\/wp-content\/uploads\/2021\/06\/Emissionshandel-300x55.jpg 300w, https:\/\/gallehr.flei.dev\/wp-content\/uploads\/2021\/06\/Emissionshandel-1024x186.jpg 1024w, https:\/\/gallehr.flei.dev\/wp-content\/uploads\/2021\/06\/Emissionshandel-768x140.jpg 768w, https:\/\/gallehr.flei.dev\/wp-content\/uploads\/2021\/06\/Emissionshandel.jpg 1100w\" sizes=\"(max-width: 300px) 100vw, 300px\" \/><\/a><\/p>\n<h2><strong>Kontoer\u00f6ffnung f\u00fcr den nationalen Emissionshandel (nEHS) zieht sich noch hin<\/strong><\/h2>\n<p>Thema Kontoer\u00f6ffnung: Entgegen dem erwarteten Stichtag, dem <a href=\"https:\/\/www.dehst.de\/SharedDocs\/termine\/DE\/Fristen\/nEHS-Eroeffnung-Compliance-Konten-01-04-30-11.html\">01.04.2021<\/a>, k\u00f6nnen die entsprechenden Compliance-Konten laut <a href=\"https:\/\/www.dehst.de\/DE\/Nationaler-Emissionshandel\/nationaler-emissionshandel_node.html;jsessionid=809D15B23AFD076A3FACD74ADC4F016B.1_cid292\">DEHSt<\/a>\u00a0 voraussichtlich im zweiten Quartal 2021 beantragt und er\u00f6ffnet werden.\u00a0 Ein Compliance-Konto ist dabei das Konto, welches die BEHG-verantwortlichen Unternehmen hinsichtlich des nEHS <strong>verpflichtend<\/strong> er\u00f6ffnen m\u00fcssen.<\/p>\n<p>Es bleibt somit abzuwarten wann genau der Stichtag zur Er\u00f6ffnung folgen wird.<\/p>\n<h3><strong>Folgende T\u00e4tigkeiten f\u00fchren wir im Umfeld des BEHG gerne f\u00fcr Sie durch:<\/strong><\/h3>\n<ul>\n<li><strong>Beratung zu wirtschaftlichen und prozessualen Auswirkungen des Brennstoffemissionshandelsgesetzes (BEHG) auf Ihr Unternehmen<\/strong><\/li>\n<li><strong>Beratung f\u00fcr m\u00f6glichen Wechsel zu EU-ETS<\/strong><\/li>\n<li><strong>Erstellung und \u00dcbermittlung des \u00dcberwachungsplans <a href=\"https:\/\/www.gesetze-im-internet.de\/behg\/__6.html\">nach \u00a76 BEHG <\/a>und kontinuierliche Begleitung bis zur Genehmigung<\/strong><\/li>\n<li><strong>Verifizierungsf\u00e4hige Ermittlung der Brennstoffemissionen und Erstellung des Emissionsberichts <a href=\"https:\/\/www.gesetze-im-internet.de\/behg\/__7.html\">nach \u00a7 7 Abs. 1, 2 BEHG<\/a><\/strong><\/li>\n<li><strong>Vorbereitung und Begleitung der Verifizierung des Emissionsberichts <a href=\"https:\/\/www.gesetze-im-internet.de\/behg\/__7.html\">nach \u00a7 7 Abs. 3 BEHG<\/a><\/strong><\/li>\n<li><strong>\u00dcbermittlung des verifizierten Emissionsberichts an die zust\u00e4ndige Beh\u00f6rde (DEHSt) bis zum 31.07 des Folgejahres <a href=\"https:\/\/www.gesetze-im-internet.de\/behg\/__7.html\">nach \u00a77 Abs. 1 BEHG<\/a><\/strong><\/li>\n<li><strong>Nachweisf\u00fchrung zur Vermeidung von Doppelbelastungen <a href=\"https:\/\/www.gesetze-im-internet.de\/behg\/__7.html\">nach \u00a77 Abs. 5 BEHG<\/a><\/strong><\/li>\n<li><strong>Unterst\u00fctzung bei der Einrichtung von Konten und Kontobevollm\u00e4chtigten im nationalen Emissionshandelsregister <a href=\"https:\/\/www.gesetze-im-internet.de\/behg\/__12.html\">nach \u00a7 12 Abs. 2<\/a> <a href=\"https:\/\/www.gesetze-im-internet.de\/behg\/__9.html\">BEHG zur Verwaltung von Emissionszertifikaten nach \u00a7 9 Abs. 1<\/a><\/strong><\/li>\n<li><strong>Unterst\u00fctzung bei der Verwaltung ihres <a href=\"https:\/\/www.gesetze-im-internet.de\/behg\/__12.html\">Registerkontos<\/a> bspw. als einer der Kontobevollm\u00e4chtigten<\/strong>\n<ul>\n<li><strong>Pr\u00fcfung der \u00dcberweisungen<\/strong><\/li>\n<li><strong>fristgem\u00e4\u00dfe R\u00fcck\u00fcbertragungen von Emissionszertifikaten bis zum 30.09 f\u00fcr das Vorjahr <a href=\"https:\/\/www.gesetze-im-internet.de\/behg\/__8.html\">nach \u00a7 8 BEHG<\/a><\/strong><\/li>\n<li><strong>Datenaktualisierungen von Angaben im Register<\/strong><\/li>\n<li><strong>Darstellung von historischen Kontobewegungen und \u2013 st\u00e4nden anhand von Kontoausz\u00fcgen<\/strong><\/li>\n<\/ul>\n<\/li>\n<li><strong>Unterst\u00fctzung beim Kauf und Verkauf von Emissionszertifikaten<\/strong><\/li>\n<li><strong>Unterst\u00fctzung bei Auskunftsersuchen und Begleitung bei vor Ort Pr\u00fcfungen durch die zust\u00e4ndige Beh\u00f6rde <a href=\"https:\/\/www.gesetze-im-internet.de\/behg\/__14.html\">nach \u00a7 14 BEHG<\/a><\/strong><\/li>\n<li><strong>Identifizierung der Preistreiber von Emissionszertifikaten und Marktbeobachtungen<\/strong><\/li>\n<li><strong>Adhoc \u2013 Mitteilungen zu relevanten Ereignissen, politische Entwicklungen und Gesetzes\u00e4nderungen<\/strong><\/li>\n<li><strong>Regelm\u00e4\u00dfige Status- und Strategietreffen zur St\u00e4rkung der Entscheidungsf\u00e4higkeit<\/strong><\/li>\n<\/ul>\n<p>Bei weiteren Fragen <a href=\"https:\/\/gallehr.flei.dev\/kontakt\/\">melden Sie sich gerne.<\/a><\/p>\n","protected":false},"excerpt":{"rendered":"<p>Kontoer\u00f6ffnung f\u00fcr den nationalen Emissionshandel (nEHS) zieht sich noch hin Thema Kontoer\u00f6ffnung: Entgegen dem erwarteten Stichtag, dem 01.04.2021, k\u00f6nnen die [&hellip;]<\/p>\n","protected":false},"author":2,"featured_media":0,"comment_status":"closed","ping_status":"closed","sticky":false,"template":"","format":"standard","meta":{"footnotes":""},"categories":[180,178],"tags":[414,415,301,312,413],"class_list":["post-84570","post","type-post","status-publish","format-standard","hentry","category-news","category-archiv","tag-nationales-emissionshandelsregister","tag-behg-update","tag-behg","tag-nationaler-emissionshandel","tag-kontoeroeffnung"],"_links":{"self":[{"href":"https:\/\/gallehr.flei.dev\/de\/wp-json\/wp\/v2\/posts\/84570","targetHints":{"allow":["GET"]}}],"collection":[{"href":"https:\/\/gallehr.flei.dev\/de\/wp-json\/wp\/v2\/posts"}],"about":[{"href":"https:\/\/gallehr.flei.dev\/de\/wp-json\/wp\/v2\/types\/post"}],"author":[{"embeddable":true,"href":"https:\/\/gallehr.flei.dev\/de\/wp-json\/wp\/v2\/users\/2"}],"replies":[{"embeddable":true,"href":"https:\/\/gallehr.flei.dev\/de\/wp-json\/wp\/v2\/comments?post=84570"}],"version-history":[{"count":0,"href":"https:\/\/gallehr.flei.dev\/de\/wp-json\/wp\/v2\/posts\/84570\/revisions"}],"wp:attachment":[{"href":"https:\/\/gallehr.flei.dev\/de\/wp-json\/wp\/v2\/media?parent=84570"}],"wp:term":[{"taxonomy":"category","embeddable":true,"href":"https:\/\/gallehr.flei.dev\/de\/wp-json\/wp\/v2\/categories?post=84570"},{"taxonomy":"post_tag","embeddable":true,"href":"https:\/\/gallehr.flei.dev\/de\/wp-json\/wp\/v2\/tags?post=84570"}],"curies":[{"name":"wp","href":"https:\/\/api.w.org\/{rel}","templated":true}]}}