{"id":84733,"date":"2021-05-12T16:31:43","date_gmt":"2021-05-12T14:31:43","guid":{"rendered":"https:\/\/hostsharing.gallehr.de\/?p=84733"},"modified":"2021-07-02T12:16:33","modified_gmt":"2021-07-02T10:16:33","slug":"behg-statusupdate-start-des-nationalen-registers","status":"publish","type":"post","link":"https:\/\/gallehr.flei.dev\/de\/behg-statusupdate-start-des-nationalen-registers\/","title":{"rendered":"BEHG-Statusupdate: Start des nationalen Registers"},"content":{"rendered":"<p><a href=\"https:\/\/gallehr.flei.dev\/wordpress\/wp-content\/uploads\/2021\/06\/Emissionshandel.jpg\"><img decoding=\"async\" class=\"alignnone size-medium wp-image-84796\" src=\"https:\/\/gallehr.flei.dev\/wordpress\/wp-content\/uploads\/2021\/06\/Emissionshandel-300x55.jpg\" alt=\"EU-ETS Emissionshandel DEHSt NIMS freie Zuteilung\" width=\"300\" height=\"55\" srcset=\"https:\/\/gallehr.flei.dev\/wp-content\/uploads\/2021\/06\/Emissionshandel-300x55.jpg 300w, https:\/\/gallehr.flei.dev\/wp-content\/uploads\/2021\/06\/Emissionshandel-1024x186.jpg 1024w, https:\/\/gallehr.flei.dev\/wp-content\/uploads\/2021\/06\/Emissionshandel-768x140.jpg 768w, https:\/\/gallehr.flei.dev\/wp-content\/uploads\/2021\/06\/Emissionshandel.jpg 1100w\" sizes=\"(max-width: 300px) 100vw, 300px\" \/><\/a><\/p>\n<h2><strong>DEHSt gibt den Startschuss f\u00fcr das nationale Emissionshandelsregister<br \/>\n<\/strong><\/h2>\n<p>Bewegung beim Thema nationaler Emissionshandel (<a href=\"https:\/\/www.dehst.de\/DE\/Nationaler-Emissionshandel\/nationaler-emissionshandel_node.html\">nEHS<\/a>): Seit dieser Woche, Stand 12.05.2021, k\u00f6nnen die BEHG-Verantwortlichen im <a href=\"https:\/\/nehs-register.dehst.de\/coreweb\/info\/welcome.action?token=J1F473D2MPIYWP31L3JF09GNUPVBXARY\">nEHS-Register<\/a> die Er\u00f6ffnung ihrer Compliance-Konten beantragen. Ein Compliance-Konto ist verpflichtend, um die Emissionszertifikate halten, abgeben und mit diesen handeln zu k\u00f6nnen.<\/p>\n<p>Bevor ein Kontoantrag zur Er\u00f6ffnung eines Compliance-Kontos gestellt werden kann, m\u00fcssen sich dabei der jeweilige Kontoinhaber und die dazugeh\u00f6rigen Bevollm\u00e4chtigten zun\u00e4chst registrieren. Der <strong>Kontoinhaber<\/strong> wird hierbei durch die <a href=\"https:\/\/www.dehst.de\/DE\/startseite\/startseite-node.html\">DEHSt<\/a>\u00a0 \u00fcber den ELSTER-Authentifizierungsdienst der Steuerbeh\u00f6rde authentifiziert. Hierf\u00fcr wiederum wird\u00a0 ein <strong><a href=\"https:\/\/www.elster.de\/ekona\/login\/softpse\">ELSTER<\/a>-Unternehmenszertifikat<\/strong> und das dazugeh\u00f6rige Passwort ben\u00f6tigt.<\/p>\n<p>F\u00fcr die Registrierung von <strong>kontobevollm\u00e4chtigten Personen<\/strong>, werden zwei unterschiedliche Methoden angeboten:<\/p>\n<ol>\n<li>Die Online-Ausweisfunktion (sofern der Personalausweis f\u00fcr das Verfahren freigeschaltet ist)<\/li>\n<li>Und \u00fcber die Verwendung eines privaten ELSTER-Zertifikats (diese Methode steht\u00a0 jedoch zum jetzigen Zeitpunkt noch nicht zur Verf\u00fcgung)<\/li>\n<\/ol>\n<p>N\u00e4heres zur Kontoer\u00f6ffnung und Registrierung sowie eigene Erfahrungen hinsichtlich des Er\u00f6ffnungsprozesses folgen in K\u00fcrze.<\/p>\n<h3><strong>Folgende T\u00e4tigkeiten f\u00fchren wir im Umfeld des BEHG gerne f\u00fcr Sie durch:<\/strong><\/h3>\n<ul>\n<li><strong>Beratung zu wirtschaftlichen und prozessualen Auswirkungen des Brennstoffemissionshandelsgesetzes auf Ihr Unternehmen<\/strong><\/li>\n<li><strong>Beratung f\u00fcr m\u00f6glichen Wechsel zum EU-ETS<\/strong><\/li>\n<li><strong>Erstellung und \u00dcbermittlung des \u00dcberwachungsplans nach <a href=\"https:\/\/www.gesetze-im-internet.de\/behg\/__6.html\">\u00a76 BEHG <\/a>und kontinuierliche Begleitung bis zur Genehmigung<\/strong><\/li>\n<li><strong>Verifizierungsf\u00e4hige Ermittlung der Brennstoffemissionen und Erstellung des Emissionsberichts nach <a href=\"https:\/\/www.gesetze-im-internet.de\/behg\/__7.html\">\u00a7 7 Abs. 1, 2 BEHG<\/a><\/strong><\/li>\n<li><strong>Vorbereitung und Begleitung der Verifizierung des Emissionsberichts nach <a href=\"https:\/\/www.gesetze-im-internet.de\/behg\/__7.html\">\u00a7 7 Abs. 3 BEHG<\/a><\/strong><\/li>\n<li><strong>\u00dcbermittlung des verifizierten Emissionsberichts an die zust\u00e4ndige Beh\u00f6rde (DEHSt) bis zum 31.07 des Folgejahres nach <a href=\"https:\/\/www.gesetze-im-internet.de\/behg\/__7.html\">\u00a77 Abs. 1 BEHG<\/a><\/strong><\/li>\n<li><strong>Nachweisf\u00fchrung zur Vermeidung von Doppelbelastungen nach <a href=\"https:\/\/www.gesetze-im-internet.de\/behg\/__7.html\">\u00a77 Abs. 5 BEHG<\/a><\/strong><\/li>\n<li><strong>Unterst\u00fctzung bei der Einrichtung von Konten und Kontobevollm\u00e4chtigten im nationalen Emissionshandelsregister nach <a href=\"https:\/\/www.gesetze-im-internet.de\/behg\/__12.html\">\u00a7 12 Abs. 2<\/a> <a href=\"https:\/\/www.gesetze-im-internet.de\/behg\/__9.html\">BEHG zur Verwaltung von Emissionszertifikaten nach \u00a7 9 Abs. 1<\/a><\/strong><\/li>\n<li><strong>Unterst\u00fctzung bei der Verwaltung ihres <a href=\"https:\/\/www.gesetze-im-internet.de\/behg\/__12.html\">Registerkontos<\/a> bspw. als einer der Kontobevollm\u00e4chtigten<\/strong>\n<ul>\n<li><strong>Pr\u00fcfung der \u00dcberweisungen<\/strong><\/li>\n<li><strong>fristgem\u00e4\u00dfe R\u00fcck\u00fcbertragungen von Emissionszertifikaten bis zum 30.09 f\u00fcr das Vorjahr nach <a href=\"https:\/\/www.gesetze-im-internet.de\/behg\/__8.html\">\u00a7 8 BEHG<\/a><\/strong><\/li>\n<li><strong>Datenaktualisierungen von Angaben im Register<\/strong><\/li>\n<li><strong>Darstellung von historischen Kontobewegungen und \u2013 st\u00e4nden anhand von Kontoausz\u00fcgen<\/strong><\/li>\n<\/ul>\n<\/li>\n<li><strong>Unterst\u00fctzung beim Kauf und Verkauf von Emissionszertifikaten<\/strong><\/li>\n<li><strong>Unterst\u00fctzung bei Auskunftsersuchen und Begleitung bei vor Ort Pr\u00fcfungen durch die zust\u00e4ndige Beh\u00f6rde\u00a0 nach <a href=\"https:\/\/www.gesetze-im-internet.de\/behg\/__14.html\">\u00a7 14 BEHG<\/a><\/strong><\/li>\n<li><strong>Identifizierung der Preistreiber von Emissionszertifikaten und Marktbeobachtungen<\/strong><\/li>\n<li><strong>Adhoc \u2013 Mitteilungen zu relevanten Ereignissen, politische Entwicklungen und Gesetzes\u00e4nderungen<\/strong><\/li>\n<li><strong>Regelm\u00e4\u00dfige Status- und Strategietreffen zur St\u00e4rkung der Entscheidungsf\u00e4higkeit<\/strong><\/li>\n<\/ul>\n<p>Bei weiteren Fragen <a href=\"https:\/\/gallehr.flei.dev\/kontakt\/\">melden Sie sich gerne.<\/a><\/p>\n","protected":false},"excerpt":{"rendered":"<p>DEHSt gibt den Startschuss f\u00fcr das nationale Emissionshandelsregister Bewegung beim Thema nationaler Emissionshandel (nEHS): Seit dieser Woche, Stand 12.05.2021, k\u00f6nnen [&hellip;]<\/p>\n","protected":false},"author":2,"featured_media":0,"comment_status":"closed","ping_status":"closed","sticky":false,"template":"","format":"standard","meta":{"footnotes":""},"categories":[180,178],"tags":[301,312,313,413,414],"class_list":["post-84733","post","type-post","status-publish","format-standard","hentry","category-news","category-archiv","tag-behg","tag-nationaler-emissionshandel","tag-nehs","tag-kontoeroeffnung","tag-nationales-emissionshandelsregister"],"_links":{"self":[{"href":"https:\/\/gallehr.flei.dev\/de\/wp-json\/wp\/v2\/posts\/84733","targetHints":{"allow":["GET"]}}],"collection":[{"href":"https:\/\/gallehr.flei.dev\/de\/wp-json\/wp\/v2\/posts"}],"about":[{"href":"https:\/\/gallehr.flei.dev\/de\/wp-json\/wp\/v2\/types\/post"}],"author":[{"embeddable":true,"href":"https:\/\/gallehr.flei.dev\/de\/wp-json\/wp\/v2\/users\/2"}],"replies":[{"embeddable":true,"href":"https:\/\/gallehr.flei.dev\/de\/wp-json\/wp\/v2\/comments?post=84733"}],"version-history":[{"count":0,"href":"https:\/\/gallehr.flei.dev\/de\/wp-json\/wp\/v2\/posts\/84733\/revisions"}],"wp:attachment":[{"href":"https:\/\/gallehr.flei.dev\/de\/wp-json\/wp\/v2\/media?parent=84733"}],"wp:term":[{"taxonomy":"category","embeddable":true,"href":"https:\/\/gallehr.flei.dev\/de\/wp-json\/wp\/v2\/categories?post=84733"},{"taxonomy":"post_tag","embeddable":true,"href":"https:\/\/gallehr.flei.dev\/de\/wp-json\/wp\/v2\/tags?post=84733"}],"curies":[{"name":"wp","href":"https:\/\/api.w.org\/{rel}","templated":true}]}}