{"id":84756,"date":"2021-05-25T17:43:55","date_gmt":"2021-05-25T15:43:55","guid":{"rendered":"https:\/\/hostsharing.gallehr.de\/?p=84756"},"modified":"2021-07-02T12:16:46","modified_gmt":"2021-07-02T10:16:46","slug":"potenzielle-beihilfezahlungen-nach-behg-carbon-leakage-verordnung-becv-berechnen","status":"publish","type":"post","link":"https:\/\/gallehr.flei.dev\/de\/potenzielle-beihilfezahlungen-nach-behg-carbon-leakage-verordnung-becv-berechnen\/","title":{"rendered":"Potenzielle Beihilfezahlungen nach BEHG-Carbon-Leakage-Verordnung (BECV) berechnen"},"content":{"rendered":"<p><a href=\"https:\/\/gallehr.flei.dev\/wordpress\/wp-content\/uploads\/2021\/06\/Emissionshandel.jpg\"><img decoding=\"async\" class=\"alignnone size-medium wp-image-84796\" src=\"https:\/\/gallehr.flei.dev\/wordpress\/wp-content\/uploads\/2021\/06\/Emissionshandel-300x55.jpg\" alt=\"EU-ETS Emissionshandel DEHSt NIMS freie Zuteilung\" width=\"300\" height=\"55\" srcset=\"https:\/\/gallehr.flei.dev\/wp-content\/uploads\/2021\/06\/Emissionshandel-300x55.jpg 300w, https:\/\/gallehr.flei.dev\/wp-content\/uploads\/2021\/06\/Emissionshandel-1024x186.jpg 1024w, https:\/\/gallehr.flei.dev\/wp-content\/uploads\/2021\/06\/Emissionshandel-768x140.jpg 768w, https:\/\/gallehr.flei.dev\/wp-content\/uploads\/2021\/06\/Emissionshandel.jpg 1100w\" sizes=\"(max-width: 300px) 100vw, 300px\" \/><\/a><\/p>\n<h2><strong>Mit dem RGC-BECV-RECHNER potenzielle Beihilfezahlungen nach BEHG-Carbon-Leakage-Verordnung (BECV) berechnen<\/strong><\/h2>\n<p><b>Berechnen Sie mit dem neuen Tool unseres Kooperationspartners Ritter Gent Collegen (RGC) Ihre potenzielle Beihilfezahlung nach der BEHG-Carbon-Leakage-Verordnung (BECV)<\/b><\/p>\n<p>Die Bundesregierung hat am 30. M\u00e4rz 2021 die\u00a0BEHG-Carbon-Leakage-Verordnung (BECV) verabschiedet. Die Zustimmungen durch den Bundestag und die EU-Kommission stehen noch aus. Mit wesentlichen \u00c4nderungen rechnet RGC nicht mehr.<\/p>\n<p>Die BECV berechtigt Unternehmen von in zwei Listen aufgez\u00e4hlten (Teil-)Sektoren, eine Beihilfezahlung zur Abmilderung ihrer Belastungen aus dem nationalen Emissionshandel (BEHG) zu beantragen. Wir erwarten bereits f\u00fcr die kommenden Jahre eine deutliche Steigerung der bisher im BEHG vorgesehenen CO2-Preise. Anders werden sich die\u00a0neuen ambitionierten Klimaschutzziele\u00a0nicht verwirklichen lassen. Damit wird die Kompensationsm\u00f6glichkeit aus der BECV f\u00fcr Unternehmen immer bedeutender und zum erheblichen Wettbewerbsfaktor.<\/p>\n<p>Aufgrund dieser Bedeutung hat die Legal-Tech-Einheit von RGC f\u00fcr Sie den <b>RGC-BECV-RECHNER<\/b> entwickelt. Lt. RGC k\u00f6nnen Sie mit diesem auf der <a href=\"https:\/\/industrie-klima.de\/\" target=\"_blank\" rel=\"noopener\">Klimawebseite \u201e#RGC-TOPKlima\u201c<\/a>\u00a0f\u00fcr Ihr Unternehmen die<\/p>\n<ul>\n<li><b>CO2-Belastung (CO2\/t),<\/b><\/li>\n<li><b>CO2-Kosten (in \u20ac) und<\/b><\/li>\n<li><b>potenzielle Ausgleichs-\/Beihilfezahlung (in \u20ac)<\/b><\/li>\n<\/ul>\n<p>berechnen, haben dabei diverse M\u00f6glichkeiten zur Modifikation der Berechnung und k\u00f6nnen z.B. die Auswirkungen von den erwarteten CO2-Preissteigerungen abbilden.<\/p>\n<p>Sollte die T\u00e4tigkeit Ihres Unternehmens noch zu keinem beihilfeberechtigten (Teil-)Sektor der BECV z\u00e4hlen, Sie also noch nicht von dieser profitieren k\u00f6nnen, sollten Sie dringend die M\u00f6glichkeit einer nachtr\u00e4glichen Anerkennung\u00a0mit Ihrem Fachverband pr\u00fcfen. F\u00fcr den ersten Verband bereitet RGC schon einen Anerkennungsantrag vor.<\/p>\n<p>Karben, 25.05.2021<\/p>\n<h3><strong>Folgende T\u00e4tigkeiten f\u00fchren wir im Umfeld des BEHG gerne f\u00fcr Sie durch:<\/strong><\/h3>\n<ul>\n<li>Beratung zu wirtschaftlichen und prozessualen Auswirkungen des BEHG inkl. BECV auf Ihr Unternehmen<\/li>\n<li>Beratung f\u00fcr m\u00f6glichen Wechsel zum EU-ETS<\/li>\n<li>Erstellung und \u00dcbermittlung des \u00dcberwachungsplans nach <a href=\"https:\/\/www.gesetze-im-internet.de\/behg\/__6.html\">\u00a76 BEHG <\/a>und kontinuierliche Begleitung bis zur Genehmigung<\/li>\n<li>Verifizierungsf\u00e4hige Ermittlung der Brennstoffemissionen und Erstellung des Emissionsberichts nach <a href=\"https:\/\/www.gesetze-im-internet.de\/behg\/__7.html\">\u00a7 7 Abs. 1, 2 BEHG<\/a><\/li>\n<li>Vorbereitung und Begleitung der Verifizierung des Emissionsberichts nach <a href=\"https:\/\/www.gesetze-im-internet.de\/behg\/__7.html\">\u00a7 7 Abs. 3 BEHG<\/a><\/li>\n<li>\u00dcbermittlung des verifizierten Emissionsberichts an die zust\u00e4ndige Beh\u00f6rde (DEHSt) bis zum 31.07 des Folgejahres nach <a href=\"https:\/\/www.gesetze-im-internet.de\/behg\/__7.html\">\u00a77 Abs. 1 BEHG<\/a><\/li>\n<li>Nachweisf\u00fchrung zur Vermeidung von Doppelbelastungen nach <a href=\"https:\/\/www.gesetze-im-internet.de\/behg\/__7.html\">\u00a77 Abs. 5 BEHG<\/a><\/li>\n<li>Unterst\u00fctzung bei der Einrichtung von Konten und Kontobevollm\u00e4chtigten im nationalen Emissionshandelsregister nach <a href=\"https:\/\/www.gesetze-im-internet.de\/behg\/__12.html\">\u00a7 12 Abs. 2<\/a> <a href=\"https:\/\/www.gesetze-im-internet.de\/behg\/__9.html\">BEHG zur Verwaltung von Emissionszertifikaten nach \u00a7 9 Abs. 1<\/a><\/li>\n<li>Unterst\u00fctzung bei der Verwaltung ihres <a href=\"https:\/\/www.gesetze-im-internet.de\/behg\/__12.html\">Registerkontos<\/a> bspw. als einer der Kontobevollm\u00e4chtigten\n<ul>\n<li>Pr\u00fcfung der \u00dcberweisungen<\/li>\n<li>fristgem\u00e4\u00dfe R\u00fcck\u00fcbertragungen von Emissionszertifikaten bis zum 30.09 f\u00fcr das Vorjahr nach <a href=\"https:\/\/www.gesetze-im-internet.de\/behg\/__8.html\">\u00a7 8 BEHG<\/a><\/li>\n<li>Datenaktualisierungen von Angaben im Register<\/li>\n<li>Darstellung von historischen Kontobewegungen und \u2013 st\u00e4nden anhand von Kontoausz\u00fcgen<\/li>\n<\/ul>\n<\/li>\n<li>Unterst\u00fctzung beim Kauf und Verkauf von Emissionszertifikaten<\/li>\n<li>Unterst\u00fctzung bei Auskunftsersuchen und Begleitung bei vor Ort Pr\u00fcfungen durch die zust\u00e4ndige Beh\u00f6rde\u00a0 nach <a href=\"https:\/\/www.gesetze-im-internet.de\/behg\/__14.html\">\u00a7 14 BEHG<\/a><\/li>\n<li>Unterst\u00fctzung bei der Antragstellung nach BECV<\/li>\n<li>Identifizierung der Preistreiber von Emissionszertifikaten und Marktbeobachtungen<\/li>\n<li>Adhoc \u2013 Mitteilungen zu relevanten Ereignissen, politische Entwicklungen und Gesetzes\u00e4nderungen<\/li>\n<li>Regelm\u00e4\u00dfige Status- und Strategietreffen zur St\u00e4rkung der Entscheidungsf\u00e4higkeit<\/li>\n<\/ul>\n<p><strong>Bei weiteren Fragen <a href=\"https:\/\/gallehr.flei.dev\/kontakt\/\">melden Sie sich gerne.<\/a><\/strong><\/p>\n","protected":false},"excerpt":{"rendered":"<p>Mit dem RGC-BECV-RECHNER potenzielle Beihilfezahlungen nach BEHG-Carbon-Leakage-Verordnung (BECV) berechnen Berechnen Sie mit dem neuen Tool unseres Kooperationspartners Ritter Gent Collegen [&hellip;]<\/p>\n","protected":false},"author":2,"featured_media":0,"comment_status":"closed","ping_status":"closed","sticky":false,"template":"","format":"standard","meta":{"footnotes":""},"categories":[180,178],"tags":[301,306,312,410,565],"class_list":["post-84756","post","type-post","status-publish","format-standard","hentry","category-news","category-archiv","tag-behg","tag-carbon-leakage","tag-nationaler-emissionshandel","tag-becv","tag-beihilfe"],"_links":{"self":[{"href":"https:\/\/gallehr.flei.dev\/de\/wp-json\/wp\/v2\/posts\/84756","targetHints":{"allow":["GET"]}}],"collection":[{"href":"https:\/\/gallehr.flei.dev\/de\/wp-json\/wp\/v2\/posts"}],"about":[{"href":"https:\/\/gallehr.flei.dev\/de\/wp-json\/wp\/v2\/types\/post"}],"author":[{"embeddable":true,"href":"https:\/\/gallehr.flei.dev\/de\/wp-json\/wp\/v2\/users\/2"}],"replies":[{"embeddable":true,"href":"https:\/\/gallehr.flei.dev\/de\/wp-json\/wp\/v2\/comments?post=84756"}],"version-history":[{"count":0,"href":"https:\/\/gallehr.flei.dev\/de\/wp-json\/wp\/v2\/posts\/84756\/revisions"}],"wp:attachment":[{"href":"https:\/\/gallehr.flei.dev\/de\/wp-json\/wp\/v2\/media?parent=84756"}],"wp:term":[{"taxonomy":"category","embeddable":true,"href":"https:\/\/gallehr.flei.dev\/de\/wp-json\/wp\/v2\/categories?post=84756"},{"taxonomy":"post_tag","embeddable":true,"href":"https:\/\/gallehr.flei.dev\/de\/wp-json\/wp\/v2\/tags?post=84756"}],"curies":[{"name":"wp","href":"https:\/\/api.w.org\/{rel}","templated":true}]}}