{"id":85242,"date":"2021-07-28T17:20:10","date_gmt":"2021-07-28T15:20:10","guid":{"rendered":"https:\/\/hostsharing.gallehr.de\/?p=85242"},"modified":"2021-07-28T17:23:15","modified_gmt":"2021-07-28T15:23:15","slug":"behg-statusupdate-becv-verabschiedet","status":"publish","type":"post","link":"https:\/\/gallehr.flei.dev\/de\/behg-statusupdate-becv-verabschiedet\/","title":{"rendered":"BEHG &#8211; Statusupdate: BECV verabschiedet!"},"content":{"rendered":"<h2><img decoding=\"async\" class=\"alignnone\" src=\"https:\/\/gallehr.flei.dev\/wordpress\/wp-content\/uploads\/2021\/06\/Emissionshandel-300x55.jpg\" alt=\"BEHG Update: BECV verabschiedet\" width=\"300\" height=\"55\" \/><\/h2>\n<h2><strong>Verabschiedung der Brennstoffemissionshandels- Carbon- Leakage &#8211; Verordnung (BECV) durch den Bundestag <\/strong><\/h2>\n<p>Endlich ist es soweit: Die Brennstoffemissionshandels-Carbon-Leakage-Verordnung (<a href=\"https:\/\/www.bgbl.de\/xaver\/bgbl\/start.xav?startbk=Bundesanzeiger_BGBl&amp;start=\/\/*[@attr_id=%27bgbl121s3129.pdf%27]#__bgbl__%2F%2F*%5B%40attr_id%3D%27bgbl121s3129.pdf%27%5D__1627482270124\" target=\"_blank\" rel=\"noopener\">BECV<\/a>)\u00a0 tritt heute (<strong>28.07.2021<\/strong>) in Kraft.\u00a0 Die Ver\u00f6ffentlichung fand bereits zum gestrigen Zeitpunkt im Bundesgesetzblatt (<a href=\"https:\/\/www.bgbl.de\/\" target=\"_blank\" rel=\"noopener\">BGBI<\/a>) statt.<\/p>\n<p>Die BECV soll dabei sicher stellen, dass die Unternehmen, die dem nationalen Emissionshandel (<a href=\"https:\/\/www.dehst.de\/DE\/Nationaler-Emissionshandel\/nationaler-emissionshandel_node.html\" target=\"_blank\" rel=\"noopener\">nEHS<\/a>) unterliegen, k\u00fcnftig eine finanzielle Kompensation erhalten, wenn die CO<sub>2<\/sub>-Bepreisung zu einer Benachteiligung im grenz\u00fcberschreitenden Wettbewerb f\u00fchrt.<\/p>\n<h3><strong>\u00c4nderungen zum Bundeskabinettsbeschluss vom 31.M\u00e4rz 2021<\/strong><\/h3>\n<p>Die urspr\u00fcnglich vom Bundeskabinett\u00a0 beschlossene <a href=\"https:\/\/www.bmu.de\/fileadmin\/Daten_BMU\/Download_PDF\/Gesetze\/becv_vo_bf.pdf\" target=\"_blank\" rel=\"noopener\">BECV vom 31.M\u00e4rz 2021<\/a> wurde vom Deutschen Bundestag mit Beschluss vom 24. Juni 2021 ge\u00e4ndert . Die ersten signifikantesten \u00c4nderungen zur in Kraft getretenen BECV vom 27. Juli 2021 sind die folgenden:<\/p>\n<p>Abschnitt 3 BECV \u00a7 9 &#8211; Ma\u00dfgebliche Emissionsmenge<\/p>\n<ul>\n<li style=\"list-style-type: none;\">\n<ul>\n<li>Die ma\u00dfgebliche Emissionsmenge des Unternehmens bildet das Produkt aus der beihilfef\u00e4higen Brennstoffmenge multipliziert mit dem unteren Heizwert und dem Brennstoff-Benchmark, gegebenenfalls zuz\u00fcglich der beihilfef\u00e4higen W\u00e4rmemenge, multipliziert mit dem dazugeh\u00f6rigen W\u00e4rme-Benchmark.\u00a0 Von dieser Menge wird dann ein Selbstbehalt von <strong>150 tCO<sub>2<\/sub><\/strong> abgezogen.<\/li>\n<li>Im Gegensatz zum Beschluss vom 31. M\u00e4rz 2021 sieht die verabschiedete BECV nun vor, dass f\u00fcr Unternehmen die einen Gesamtverbrauch fossiler Brennstoffe von weniger als 10 Gigawattstunden haben, ein reduzierter Selbstbehalt gilt.<\/li>\n<\/ul>\n<\/li>\n<\/ul>\n<p>Abschnitt 9 BECV \u00a7 26 &#8211; Evaluierung der Verordnung und des Beihilfeverfahren<\/p>\n<ul>\n<li style=\"list-style-type: none;\">\n<ul>\n<li>Hier ist vorgesehen, dass die zust\u00e4ndige Beh\u00f6rde (<a href=\"https:\/\/www.dehst.de\/DE\/Nationaler-Emissionshandel\/nationaler-emissionshandel_node.html\" target=\"_blank\" rel=\"noopener\">DEHSt<\/a>) ab 2022 j\u00e4hrlich f\u00fcr die beihilfef\u00e4higen Sektoren\/Teilsektoren, Experten auf dem Gebiet des Carbon-Leakage Schutzes konsultiert, um die Auswirkungen der CO<sub>2<\/sub>-Bepreisung und der Beihilfe dieser Verordnung im Hinblick auf die Wettbewerbssituation der deutschen Unternehmen kontinuierlich und fr\u00fchzeitig zu ermitteln.<\/li>\n<\/ul>\n<\/li>\n<li style=\"list-style-type: none;\"><\/li>\n<\/ul>\n<h2>Wenn Sie Unterst\u00fctzung in allen Fragen rund um den <a href=\"https:\/\/gallehr.flei.dev\/leistungen\/verpflichtender-emissionshandel-eu-und-de\/\">deutschen und europ\u00e4ischen Emissionshandel<\/a> ben\u00f6tigen, <a href=\"https:\/\/gallehr.flei.dev\/kontakt\/\">melden Sie sich gerne<\/a>.<\/h2>\n<h2><strong>Folgende T\u00e4tigkeiten f\u00fchren wir im Umfeld des BEHG gerne f\u00fcr Sie durch:<\/strong><\/h2>\n<ul>\n<li><strong>Beratung zu wirtschaftlichen und prozessualen Auswirkungen des Brennstoffemissionshandelsgesetzes auf Ihr Unternehmen<\/strong><\/li>\n<li><strong>Beratung f\u00fcr m\u00f6glichen Wechsel zum EU-ETS<\/strong><\/li>\n<li><strong>Erstellung und \u00dcbermittlung des \u00dcberwachungsplans nach <a href=\"https:\/\/www.gesetze-im-internet.de\/behg\/__6.html\">\u00a76 BEHG <\/a>und kontinuierliche Begleitung bis zur Genehmigung<\/strong><\/li>\n<li><strong>Verifizierungsf\u00e4hige Ermittlung der Brennstoffemissionen und Erstellung des Emissionsberichts nach <a href=\"https:\/\/www.gesetze-im-internet.de\/behg\/__7.html\">\u00a7 7 Abs. 1, 2 BEHG<\/a><\/strong><\/li>\n<li><strong>Vorbereitung und Begleitung der Verifizierung des Emissionsberichts nach <a href=\"https:\/\/www.gesetze-im-internet.de\/behg\/__7.html\">\u00a7 7 Abs. 3 BEHG<\/a><\/strong><\/li>\n<li><strong>\u00dcbermittlung des verifizierten Emissionsberichts an die zust\u00e4ndige Beh\u00f6rde (DEHSt) bis zum 31.07 des Folgejahres nach <a href=\"https:\/\/www.gesetze-im-internet.de\/behg\/__7.html\">\u00a77 Abs. 1 BEHG<\/a><\/strong><\/li>\n<li><strong>Nachweisf\u00fchrung zur Vermeidung von Doppelbelastungen nach <a href=\"https:\/\/www.gesetze-im-internet.de\/behg\/__7.html\">\u00a77 Abs. 5 BEHG<\/a><\/strong><\/li>\n<li><strong>Unterst\u00fctzung bei der Einrichtung von Konten und Kontobevollm\u00e4chtigten im nationalen Emissionshandelsregister nach <a href=\"https:\/\/www.gesetze-im-internet.de\/behg\/__12.html\">\u00a7 12 Abs. 2<\/a> <a href=\"https:\/\/www.gesetze-im-internet.de\/behg\/__9.html\">BEHG zur Verwaltung von Emissionszertifikaten nach \u00a7 9 Abs. 1<\/a><\/strong><\/li>\n<li><strong>Unterst\u00fctzung bei der Verwaltung ihres <a href=\"https:\/\/www.gesetze-im-internet.de\/behg\/__12.html\">Registerkontos<\/a> bspw. als einer der Kontobevollm\u00e4chtigten<\/strong>\n<ul>\n<li><strong>Pr\u00fcfung der \u00dcberweisungen<\/strong><\/li>\n<li><strong>fristgem\u00e4\u00dfe R\u00fcck\u00fcbertragungen von Emissionszertifikaten bis zum 30.09 f\u00fcr das Vorjahr nach <a href=\"https:\/\/www.gesetze-im-internet.de\/behg\/__8.html\">\u00a7 8 BEHG<\/a><\/strong><\/li>\n<li><strong>Datenaktualisierungen von Angaben im Register<\/strong><\/li>\n<li><strong>Darstellung von historischen Kontobewegungen und \u2013 st\u00e4nden anhand von Kontoausz\u00fcgen<\/strong><\/li>\n<\/ul>\n<\/li>\n<li><strong>Unterst\u00fctzung beim Kauf und Verkauf von Emissionszertifikaten<\/strong><\/li>\n<li><strong>Unterst\u00fctzung bei Auskunftsersuchen und Begleitung bei vor Ort Pr\u00fcfungen durch die zust\u00e4ndige Beh\u00f6rde\u00a0 nach <a href=\"https:\/\/www.gesetze-im-internet.de\/behg\/__14.html\">\u00a7 14 BEHG<\/a><\/strong><\/li>\n<li><strong>Identifizierung der Preistreiber von Emissionszertifikaten und Marktbeobachtungen<\/strong><\/li>\n<li><strong>Adhoc \u2013 Mitteilungen zu relevanten Ereignissen, politische Entwicklungen und Gesetzes\u00e4nderungen<\/strong><\/li>\n<li><strong>Regelm\u00e4\u00dfige Status- und Strategietreffen zur St\u00e4rkung der Entscheidungsf\u00e4higkeit<\/strong><\/li>\n<\/ul>\n","protected":false},"excerpt":{"rendered":"<p>Verabschiedung der Brennstoffemissionshandels- Carbon- Leakage &#8211; Verordnung (BECV) durch den Bundestag Endlich ist es soweit: Die Brennstoffemissionshandels-Carbon-Leakage-Verordnung (BECV)\u00a0 tritt heute [&hellip;]<\/p>\n","protected":false},"author":2,"featured_media":0,"comment_status":"closed","ping_status":"closed","sticky":false,"template":"","format":"standard","meta":{"footnotes":""},"categories":[180,178],"tags":[296,301,303,313,410,415],"class_list":["post-85242","post","type-post","status-publish","format-standard","hentry","category-news","category-archiv","tag-carbon-leackage","tag-behg","tag-brennstoffemissionshandel","tag-nehs","tag-becv","tag-behg-update"],"_links":{"self":[{"href":"https:\/\/gallehr.flei.dev\/de\/wp-json\/wp\/v2\/posts\/85242","targetHints":{"allow":["GET"]}}],"collection":[{"href":"https:\/\/gallehr.flei.dev\/de\/wp-json\/wp\/v2\/posts"}],"about":[{"href":"https:\/\/gallehr.flei.dev\/de\/wp-json\/wp\/v2\/types\/post"}],"author":[{"embeddable":true,"href":"https:\/\/gallehr.flei.dev\/de\/wp-json\/wp\/v2\/users\/2"}],"replies":[{"embeddable":true,"href":"https:\/\/gallehr.flei.dev\/de\/wp-json\/wp\/v2\/comments?post=85242"}],"version-history":[{"count":0,"href":"https:\/\/gallehr.flei.dev\/de\/wp-json\/wp\/v2\/posts\/85242\/revisions"}],"wp:attachment":[{"href":"https:\/\/gallehr.flei.dev\/de\/wp-json\/wp\/v2\/media?parent=85242"}],"wp:term":[{"taxonomy":"category","embeddable":true,"href":"https:\/\/gallehr.flei.dev\/de\/wp-json\/wp\/v2\/categories?post=85242"},{"taxonomy":"post_tag","embeddable":true,"href":"https:\/\/gallehr.flei.dev\/de\/wp-json\/wp\/v2\/tags?post=85242"}],"curies":[{"name":"wp","href":"https:\/\/api.w.org\/{rel}","templated":true}]}}