{"id":85256,"date":"2021-08-04T15:58:04","date_gmt":"2021-08-04T13:58:04","guid":{"rendered":"https:\/\/hostsharing.gallehr.de\/?p=85256"},"modified":"2021-08-04T16:00:00","modified_gmt":"2021-08-04T14:00:00","slug":"behg-statusupdate-eex-startet-zulassungsprozess-fuer-die-verkaeufe-im-nehs","status":"publish","type":"post","link":"https:\/\/gallehr.flei.dev\/de\/behg-statusupdate-eex-startet-zulassungsprozess-fuer-die-verkaeufe-im-nehs\/","title":{"rendered":"BEHG-Statusupdate: EEX startet Zulassungsprozess f\u00fcr die Verk\u00e4ufe im nEHS"},"content":{"rendered":"<h2><img decoding=\"async\" class=\"alignnone\" src=\"https:\/\/gallehr.flei.dev\/wordpress\/wp-content\/uploads\/2021\/06\/Emissionshandel-300x55.jpg\" alt=\"BEHG Update: EEX startet Zulassungsprozess f\u00fcr Zertifikate Verk\u00e4ufe in nationalen Emissionshandel (nEHS, BEHG)\" width=\"300\" height=\"55\" \/><\/h2>\n<h2><strong>Die Energieb\u00f6rse European Energy Exchange (EEX) startet den Zulassungsprozess f\u00fcr die Verk\u00e4ufe im nationalen Emissionshandel (nEHS)<\/strong><\/h2>\n<p>Schlag auf Schlag: Nun gibt die <a href=\"https:\/\/www.eex.com\/de\/\" target=\"_blank\" rel=\"noopener\">EEX<\/a> den\u00a0 offiziellen<a href=\"https:\/\/www.nehs-zulassung.com\/\" target=\"_blank\" rel=\"noopener\"> Link<\/a> f\u00fcr das Registrierungsportal bekannt, wo sich die Unternehmen f\u00fcr die Verk\u00e4ufe ab dem 09.08.2021 registrieren k\u00f6nnen und startet damit den Zulassungsprozess im <a href=\"https:\/\/www.dehst.de\/DE\/Nationaler-Emissionshandel\/nationaler-emissionshandel_node.html\" target=\"_blank\" rel=\"noopener\">nationalen Emissionshandelssystem<\/a> (nEHS).<\/p>\n<p>Akteure, die unmittelbar an den Verk\u00e4ufen teilnehmen m\u00f6chten, k\u00f6nnen \u00fcber den entsprechenden Link ab dem 09.08.2021, ihre Zulassung beantragen.<\/p>\n<p>F\u00fcr Intermedi\u00e4re, die im Auftrag von dritten Zertifikate erwerben, gilt entsprechend das gleiche.\u00a0 Der erste Verkauf von Zertifikaten soll der EEX zufolge im Oktober erfolgen.<\/p>\n<p><strong><a href=\"https:\/\/gallehr.flei.dev\/kontakt\/\" target=\"_blank\" rel=\"noopener\">Sprechen Sie uns diesbez\u00fcglich sehr gerne an<\/a>.<\/strong> Auch die Gallehr Sustainable Risk Management GmbH ist als <a href=\"https:\/\/www.eex.com\/de\/maerkte\/umweltprodukte\/nehs\" target=\"_blank\" rel=\"noopener\">Intermedi\u00e4r<\/a> auf der offiziellen Seite der EEX gelistet.<\/p>\n<p>&nbsp;<\/p>\n<h2><strong>Folgende T\u00e4tigkeiten f\u00fchren wir im Umfeld des BEHG gerne f\u00fcr Sie durch:<\/strong><\/h2>\n<ul>\n<li><strong>Beratung zu wirtschaftlichen und prozessualen Auswirkungen des Brennstoffemissionshandelsgesetzes auf Ihr Unternehmen<\/strong><\/li>\n<li><strong>Beratung f\u00fcr m\u00f6glichen Wechsel zum EU-ETS<\/strong><\/li>\n<li><strong>Erstellung und \u00dcbermittlung des \u00dcberwachungsplans nach <a href=\"https:\/\/www.gesetze-im-internet.de\/behg\/__6.html\">\u00a76 BEHG <\/a>und kontinuierliche Begleitung bis zur Genehmigung<\/strong><\/li>\n<li><strong>Verifizierungsf\u00e4hige Ermittlung der Brennstoffemissionen und Erstellung des Emissionsberichts nach <a href=\"https:\/\/www.gesetze-im-internet.de\/behg\/__7.html\">\u00a7 7 Abs. 1, 2 BEHG<\/a><\/strong><\/li>\n<li><strong>Vorbereitung und Begleitung der Verifizierung des Emissionsberichts nach <a href=\"https:\/\/www.gesetze-im-internet.de\/behg\/__7.html\">\u00a7 7 Abs. 3 BEHG<\/a><\/strong><\/li>\n<li><strong>\u00dcbermittlung des verifizierten Emissionsberichts an die zust\u00e4ndige Beh\u00f6rde (DEHSt) bis zum 31.07 des Folgejahres nach <a href=\"https:\/\/www.gesetze-im-internet.de\/behg\/__7.html\">\u00a77 Abs. 1 BEHG<\/a><\/strong><\/li>\n<li><strong>Nachweisf\u00fchrung zur Vermeidung von Doppelbelastungen nach <a href=\"https:\/\/www.gesetze-im-internet.de\/behg\/__7.html\">\u00a77 Abs. 5 BEHG<\/a><\/strong><\/li>\n<li><strong>Unterst\u00fctzung bei der Einrichtung von Konten und Kontobevollm\u00e4chtigten im nationalen Emissionshandelsregister nach <a href=\"https:\/\/www.gesetze-im-internet.de\/behg\/__12.html\">\u00a7 12 Abs. 2<\/a> <a href=\"https:\/\/www.gesetze-im-internet.de\/behg\/__9.html\">BEHG zur Verwaltung von Emissionszertifikaten nach \u00a7 9 Abs. 1<\/a><\/strong><\/li>\n<li><strong>Unterst\u00fctzung bei der Verwaltung ihres <a href=\"https:\/\/www.gesetze-im-internet.de\/behg\/__12.html\">Registerkontos<\/a> bspw. als einer der Kontobevollm\u00e4chtigten<\/strong>\n<ul>\n<li><strong>Pr\u00fcfung der \u00dcberweisungen<\/strong><\/li>\n<li><strong>fristgem\u00e4\u00dfe R\u00fcck\u00fcbertragungen von Emissionszertifikaten bis zum 30.09 f\u00fcr das Vorjahr nach <a href=\"https:\/\/www.gesetze-im-internet.de\/behg\/__8.html\">\u00a7 8 BEHG<\/a><\/strong><\/li>\n<li><strong>Datenaktualisierungen von Angaben im Register<\/strong><\/li>\n<li><strong>Darstellung von historischen Kontobewegungen und \u2013 st\u00e4nden anhand von Kontoausz\u00fcgen<\/strong><\/li>\n<\/ul>\n<\/li>\n<li><strong>Unterst\u00fctzung beim Kauf und Verkauf von Emissionszertifikaten<\/strong><\/li>\n<li><strong>Unterst\u00fctzung bei Auskunftsersuchen und Begleitung bei vor Ort Pr\u00fcfungen durch die zust\u00e4ndige Beh\u00f6rde\u00a0 nach <a href=\"https:\/\/www.gesetze-im-internet.de\/behg\/__14.html\">\u00a7 14 BEHG<\/a><\/strong><\/li>\n<li><strong>Identifizierung der Preistreiber von Emissionszertifikaten und Marktbeobachtungen<\/strong><\/li>\n<li><strong>Adhoc \u2013 Mitteilungen zu relevanten Ereignissen, politische Entwicklungen und Gesetzes\u00e4nderungen<\/strong><\/li>\n<li><strong>Regelm\u00e4\u00dfige Status- und Strategietreffen zur St\u00e4rkung der Entscheidungsf\u00e4higkeit<\/strong><\/li>\n<\/ul>\n","protected":false},"excerpt":{"rendered":"<p>Die Energieb\u00f6rse European Energy Exchange (EEX) startet den Zulassungsprozess f\u00fcr die Verk\u00e4ufe im nationalen Emissionshandel (nEHS) Schlag auf Schlag: Nun [&hellip;]<\/p>\n","protected":false},"author":2,"featured_media":0,"comment_status":"closed","ping_status":"closed","sticky":false,"template":"","format":"standard","meta":{"footnotes":""},"categories":[180,178],"tags":[301,312,313,407,415],"class_list":["post-85256","post","type-post","status-publish","format-standard","hentry","category-news","category-archiv","tag-behg","tag-nationaler-emissionshandel","tag-nehs","tag-eex","tag-behg-update"],"_links":{"self":[{"href":"https:\/\/gallehr.flei.dev\/de\/wp-json\/wp\/v2\/posts\/85256","targetHints":{"allow":["GET"]}}],"collection":[{"href":"https:\/\/gallehr.flei.dev\/de\/wp-json\/wp\/v2\/posts"}],"about":[{"href":"https:\/\/gallehr.flei.dev\/de\/wp-json\/wp\/v2\/types\/post"}],"author":[{"embeddable":true,"href":"https:\/\/gallehr.flei.dev\/de\/wp-json\/wp\/v2\/users\/2"}],"replies":[{"embeddable":true,"href":"https:\/\/gallehr.flei.dev\/de\/wp-json\/wp\/v2\/comments?post=85256"}],"version-history":[{"count":0,"href":"https:\/\/gallehr.flei.dev\/de\/wp-json\/wp\/v2\/posts\/85256\/revisions"}],"wp:attachment":[{"href":"https:\/\/gallehr.flei.dev\/de\/wp-json\/wp\/v2\/media?parent=85256"}],"wp:term":[{"taxonomy":"category","embeddable":true,"href":"https:\/\/gallehr.flei.dev\/de\/wp-json\/wp\/v2\/categories?post=85256"},{"taxonomy":"post_tag","embeddable":true,"href":"https:\/\/gallehr.flei.dev\/de\/wp-json\/wp\/v2\/tags?post=85256"}],"curies":[{"name":"wp","href":"https:\/\/api.w.org\/{rel}","templated":true}]}}