{"id":85273,"date":"2021-08-25T16:20:38","date_gmt":"2021-08-25T14:20:38","guid":{"rendered":"https:\/\/hostsharing.gallehr.de\/?p=85273"},"modified":"2021-08-25T16:20:38","modified_gmt":"2021-08-25T14:20:38","slug":"behg-statusupdate-eex-veroeffentlicht-verkaufstermine-fuer-den-nationalen-emissionshandel","status":"publish","type":"post","link":"https:\/\/gallehr.flei.dev\/de\/behg-statusupdate-eex-veroeffentlicht-verkaufstermine-fuer-den-nationalen-emissionshandel\/","title":{"rendered":"BEHG-Statusupdate: EEX ver\u00f6ffentlicht Verkaufstermine f\u00fcr den nationalen Emissionshandel"},"content":{"rendered":"<h2><img decoding=\"async\" class=\"alignnone\" src=\"https:\/\/cdn.pressebox.de\/f\/1411e5264fc5be77\/logos\/30608\/500_500.gif\" alt=\"European Energy Exchange (EEX) ver\u00f6ffentlicht Verkaufskalender f\u00fcr BEHG nEHS Zertifikate \" width=\"231\" height=\"113\" \/><\/h2>\n<h2><strong>Die Energieb\u00f6rse European Energy Exchange (EEX) ver\u00f6ffentlicht Verkaufskalender 2021 f\u00fcr Zertifikate im nationalen Emissionshandel (nEHS)<\/strong><\/h2>\n<p>Es gibt erneut Bewegung beim Thema <a href=\"https:\/\/www.dehst.de\/DE\/Nationaler-Emissionshandel\/nationaler-emissionshandel_node.html\" target=\"_blank\" rel=\"noopener\">nationaler Emissionshandel<\/a>: Die <a href=\"https:\/\/www.eex.com\/de\/\" target=\"_blank\" rel=\"noopener\">EEX<\/a> gibt die Verkaufstermine f\u00fcr den Verkauf der Zertifikate im nationalen Emissionshandel f\u00fcr 2021 bekannt. Folglich sollen diese zwei Mal pro Woche, dienstags und donnerstags, von 09:30 Uhr bis 15:30 Uhr (mitteleurop\u00e4ische Zeit) erworben werden k\u00f6nnen.<\/p>\n<p>Erster Stichtag ist der 05. Oktober 2021 (Dienstag) um 09:30 Uhr.\u00a0 Letzter Verkaufstermin soll hingegen voraussichtlich der 07. Dezember 2021 sein.<\/p>\n<p>Die Anzahl der Zertifikate sind in der Festpreisphase (von 2021 bis 2025) vorerst unbegrenzt verf\u00fcgbar.<\/p>\n<p>Die Zertifikate werden w\u00e4hrend der Festpreisphase zu einem <a href=\"https:\/\/gallehr.flei.dev\/brennstoffemissionshandelsgesetz-geaendert-bundestag-erhoeht-zertifikatspreise-im-emissionshandel\/\" target=\"_blank\" rel=\"noopener\">gesetzlich festgelegtem Preis<\/a> vergeben. Der Festpreis der CO<sub>2<\/sub>-Zertifikate steigt dabei von 25\u20ac\/tCO<sub>2<\/sub> (2021) auf 55\u20ac\/tCO<sub>2<\/sub> (2025). Ab 2026 soll das Festpreissystem dann in ein Auktionsverfahren \u00fcbergehen.<\/p>\n<p>Seit dem 09. August 2021 k\u00f6nnen sich die Unternehmen dar\u00fcber hinaus f\u00fcr den Zertifikatkauf bei der EEX <a href=\"https:\/\/www.nehs-zulassung.com\/Identity\/Account\/Login?ReturnUrl=%2F\" target=\"_blank\" rel=\"noopener\">registrieren<\/a>. Wichtigste Voraussetzung hierf\u00fcr ist, dass die Unternehmen bereits ein Konto im <a href=\"https:\/\/nehs-register.dehst.de\/coreweb\/info\/welcome.action;jsessionid=8vBbZz3r9uTvqJU9PT0ujhZXBrR1bufoZCcIspJX.node_1_prod?token=\" target=\"_blank\" rel=\"noopener\">nEHS Register<\/a> der DEHSt besitzen.<\/p>\n<p>Bei weiteren Fragen <strong><a href=\"https:\/\/gallehr.flei.dev\/kontakt\/\" target=\"_blank\" rel=\"noopener\">sprechen Sie uns sehr gerne an<\/a>.<\/strong> Auch die Gallehr Sustainable Risk Management GmbH ist als <a href=\"https:\/\/www.eex.com\/de\/maerkte\/umweltprodukte\/nehs\" target=\"_blank\" rel=\"noopener\">Intermedi\u00e4r<\/a> auf der offiziellen Seite der EEX gelistet.<\/p>\n<h2><strong>Folgende T\u00e4tigkeiten f\u00fchren wir im Umfeld des BEHG gerne f\u00fcr Sie durch:<\/strong><\/h2>\n<ul>\n<li><strong>Beratung zu wirtschaftlichen und prozessualen Auswirkungen des Brennstoffemissionshandelsgesetzes auf Ihr Unternehmen<\/strong><\/li>\n<li><strong>Beratung f\u00fcr m\u00f6glichen Wechsel zum EU-ETS<\/strong><\/li>\n<li><strong>Erstellung und \u00dcbermittlung des \u00dcberwachungsplans nach <a href=\"https:\/\/www.gesetze-im-internet.de\/behg\/__6.html\">\u00a76 BEHG <\/a>und kontinuierliche Begleitung bis zur Genehmigung<\/strong><\/li>\n<li><strong>Verifizierungsf\u00e4hige Ermittlung der Brennstoffemissionen und Erstellung des Emissionsberichts nach <a href=\"https:\/\/www.gesetze-im-internet.de\/behg\/__7.html\">\u00a7 7 Abs. 1, 2 BEHG<\/a><\/strong><\/li>\n<li><strong>Vorbereitung und Begleitung der Verifizierung des Emissionsberichts nach <a href=\"https:\/\/www.gesetze-im-internet.de\/behg\/__7.html\">\u00a7 7 Abs. 3 BEHG<\/a><\/strong><\/li>\n<li><strong>\u00dcbermittlung des verifizierten Emissionsberichts an die zust\u00e4ndige Beh\u00f6rde (DEHSt) bis zum 31.07 des Folgejahres nach <a href=\"https:\/\/www.gesetze-im-internet.de\/behg\/__7.html\">\u00a77 Abs. 1 BEHG<\/a><\/strong><\/li>\n<li><strong>Nachweisf\u00fchrung zur Vermeidung von Doppelbelastungen nach <a href=\"https:\/\/www.gesetze-im-internet.de\/behg\/__7.html\">\u00a77 Abs. 5 BEHG<\/a><\/strong><\/li>\n<li><strong>Unterst\u00fctzung bei der Einrichtung von Konten und Kontobevollm\u00e4chtigten im nationalen Emissionshandelsregister nach <a href=\"https:\/\/www.gesetze-im-internet.de\/behg\/__12.html\">\u00a7 12 Abs. 2<\/a> <a href=\"https:\/\/www.gesetze-im-internet.de\/behg\/__9.html\">BEHG zur Verwaltung von Emissionszertifikaten nach \u00a7 9 Abs. 1<\/a><\/strong><\/li>\n<li><strong>Unterst\u00fctzung bei der Verwaltung ihres <a href=\"https:\/\/www.gesetze-im-internet.de\/behg\/__12.html\">Registerkontos<\/a> bspw. als einer der Kontobevollm\u00e4chtigten<\/strong>\n<ul>\n<li><strong>Pr\u00fcfung der \u00dcberweisungen<\/strong><\/li>\n<li><strong>fristgem\u00e4\u00dfe R\u00fcck\u00fcbertragungen von Emissionszertifikaten bis zum 30.09 f\u00fcr das Vorjahr nach <a href=\"https:\/\/www.gesetze-im-internet.de\/behg\/__8.html\">\u00a7 8 BEHG<\/a><\/strong><\/li>\n<li><strong>Datenaktualisierungen von Angaben im Register<\/strong><\/li>\n<li><strong>Darstellung von historischen Kontobewegungen und \u2013 st\u00e4nden anhand von Kontoausz\u00fcgen<\/strong><\/li>\n<\/ul>\n<\/li>\n<li><strong>Unterst\u00fctzung beim Kauf und Verkauf von Emissionszertifikaten<\/strong><\/li>\n<li><strong>Unterst\u00fctzung bei Auskunftsersuchen und Begleitung bei vor Ort Pr\u00fcfungen durch die zust\u00e4ndige Beh\u00f6rde\u00a0 nach <a href=\"https:\/\/www.gesetze-im-internet.de\/behg\/__14.html\">\u00a7 14 BEHG<\/a><\/strong><\/li>\n<li><strong>Identifizierung der Preistreiber von Emissionszertifikaten und Marktbeobachtungen<\/strong><\/li>\n<li><strong>Adhoc \u2013 Mitteilungen zu relevanten Ereignissen, politische Entwicklungen und Gesetzes\u00e4nderungen<\/strong><\/li>\n<li><strong>Regelm\u00e4\u00dfige Status- und Strategietreffen zur St\u00e4rkung der Entscheidungsf\u00e4higkeit<\/strong><\/li>\n<\/ul>\n","protected":false},"excerpt":{"rendered":"<p>Die Energieb\u00f6rse European Energy Exchange (EEX) ver\u00f6ffentlicht Verkaufskalender 2021 f\u00fcr Zertifikate im nationalen Emissionshandel (nEHS) Es gibt erneut Bewegung beim [&hellip;]<\/p>\n","protected":false},"author":2,"featured_media":0,"comment_status":"closed","ping_status":"closed","sticky":false,"template":"","format":"standard","meta":{"footnotes":""},"categories":[180,178],"tags":[204,301,312,313,407,415],"class_list":["post-85273","post","type-post","status-publish","format-standard","hentry","category-news","category-archiv","tag-dehst","tag-behg","tag-nationaler-emissionshandel","tag-nehs","tag-eex","tag-behg-update"],"_links":{"self":[{"href":"https:\/\/gallehr.flei.dev\/de\/wp-json\/wp\/v2\/posts\/85273","targetHints":{"allow":["GET"]}}],"collection":[{"href":"https:\/\/gallehr.flei.dev\/de\/wp-json\/wp\/v2\/posts"}],"about":[{"href":"https:\/\/gallehr.flei.dev\/de\/wp-json\/wp\/v2\/types\/post"}],"author":[{"embeddable":true,"href":"https:\/\/gallehr.flei.dev\/de\/wp-json\/wp\/v2\/users\/2"}],"replies":[{"embeddable":true,"href":"https:\/\/gallehr.flei.dev\/de\/wp-json\/wp\/v2\/comments?post=85273"}],"version-history":[{"count":0,"href":"https:\/\/gallehr.flei.dev\/de\/wp-json\/wp\/v2\/posts\/85273\/revisions"}],"wp:attachment":[{"href":"https:\/\/gallehr.flei.dev\/de\/wp-json\/wp\/v2\/media?parent=85273"}],"wp:term":[{"taxonomy":"category","embeddable":true,"href":"https:\/\/gallehr.flei.dev\/de\/wp-json\/wp\/v2\/categories?post=85273"},{"taxonomy":"post_tag","embeddable":true,"href":"https:\/\/gallehr.flei.dev\/de\/wp-json\/wp\/v2\/tags?post=85273"}],"curies":[{"name":"wp","href":"https:\/\/api.w.org\/{rel}","templated":true}]}}