{"id":85282,"date":"2021-09-29T17:51:40","date_gmt":"2021-09-29T15:51:40","guid":{"rendered":"https:\/\/hostsharing.gallehr.de\/?p=85282"},"modified":"2025-11-17T17:24:42","modified_gmt":"2025-11-17T16:24:42","slug":"ergebnis-unserer-fachtagung-2021","status":"publish","type":"post","link":"https:\/\/gallehr.flei.dev\/de\/ergebnis-unserer-fachtagung-2021\/","title":{"rendered":"Ergebnis unserer Fachtagung 2021"},"content":{"rendered":"<h1 class=\"header-title fontsize-201592\"><a href=\"https:\/\/gallehr.flei.dev\/gallehrpartner-fachtagung-2021-klima-als-wettbewerbsfaktor-in-der-unternehmensstrategie\/\" target=\"_blank\" rel=\"noopener\"><span class=\"bottom-t-top animate_when_almost_visible start_animation\" data-delay=\"400\">GALLEHR+PARTNER<sup>\u00ae<\/sup> Fachtagung 2021 am 16. und 17. September 2021: Klima als Wettbewerbsfaktor in der Unternehmensstrategie<\/span><\/a><\/h1>\n<h2>Knapp 40 Teilnehmer pers\u00f6nlich und online<\/h2>\n<p><span class=\"break-words\"><span dir=\"ltr\"><img decoding=\"async\" class=\"wp-image-85284 aligncenter\" src=\"https:\/\/gallehr.flei.dev\/wordpress\/wp-content\/uploads\/2021\/09\/IMG-20210917-WA0002-300x225.jpg\" alt=\"GALLEHR+PARTNER\u00ae Fachtagung 2021 am 16. und 17. September: Klima als Wettbewerbsfaktor in der Unternehmensstrategie\" width=\"325\" height=\"244\" srcset=\"https:\/\/gallehr.flei.dev\/wp-content\/uploads\/2021\/09\/IMG-20210917-WA0002-300x225.jpg 300w, https:\/\/gallehr.flei.dev\/wp-content\/uploads\/2021\/09\/IMG-20210917-WA0002-768x576.jpg 768w, https:\/\/gallehr.flei.dev\/wp-content\/uploads\/2021\/09\/IMG-20210917-WA0002.jpg 1024w\" sizes=\"(max-width: 325px) 100vw, 325px\" \/><\/span><\/span><\/p>\n<p><span class=\"break-words\"><span dir=\"ltr\">Wir freuen uns dar\u00fcber, dass auf unserer GALLEHR+PARTNER<sup>\u00ae<\/sup> Fachtagung 2021 zu dem brandaktuellen Thema \u201eKlima als Wettbewerbsfaktor in der Unternehmensstrategie\u201c knapp 40 Personen, darunter Vertreter namhafter Unternehmen wie <a href=\"https:\/\/www.agrarfrost.de\/\" target=\"_blank\" rel=\"noopener\" data-attribute-index=\"2\" data-entity-hovercard-id=\"urn:li:fs_miniCompany:41087664\" data-entity-type=\"MINI_COMPANY\">Agrarfrost Holding GmbH &amp; Co. KG<\/a>, <a href=\"https:\/\/www.mohnmedia.de\/\" target=\"_blank\" rel=\"noopener\" data-attribute-index=\"4\" data-entity-hovercard-id=\"urn:li:fs_miniCompany:15512420\" data-entity-type=\"MINI_COMPANY\">Bertelsmann, Inc.<\/a>, <a href=\"https:\/\/www.etexgroup.com\/de-de\/\" target=\"_blank\" rel=\"noopener\" data-attribute-index=\"6\" data-entity-hovercard-id=\"urn:li:fs_miniCompany:35962\" data-entity-type=\"MINI_COMPANY\">Etex<\/a>, <a href=\"https:\/\/www.frankenguss.de\/de\/\" target=\"_blank\" rel=\"noopener\">Frankenguss<\/a>, <a href=\"https:\/\/www.roehm.com\/de\/roehm-gmbh-methacrylat-produkte\" target=\"_blank\" rel=\"noopener\">R\u00f6hm<\/a>, <a href=\"https:\/\/www.tesa.com\/de-de\" target=\"_blank\" rel=\"noopener\" data-attribute-index=\"8\" data-entity-hovercard-id=\"urn:li:fs_miniCompany:17140\" data-entity-type=\"MINI_COMPANY\">tesa<\/a> oder <a href=\"https:\/\/www.shell.de\/ueber-uns\/projects-and-sites\/shell-rheinland.html\" target=\"_blank\" rel=\"noopener\" data-attribute-index=\"10\" data-entity-hovercard-id=\"urn:li:fs_miniCompany:1271\" data-entity-type=\"MINI_COMPANY\">Shell<\/a> sowohl pers\u00f6nlich als auch online teilgenommen haben.<br \/>\n<\/span><\/span><\/p>\n<h2>Experten konnten den Weg f\u00fcr die Industrie in die Klimaneutralit\u00e4t in aller Tiefe und Breite diskutieren<\/h2>\n<p><span class=\"break-words\"><span dir=\"ltr\">Ein gro\u00dfes Dankesch\u00f6n an die Fachexperten <a href=\"https:\/\/www.linkedin.com\/in\/ACoAABZP--oB-nUP4hISqX5sh-OYUtgzeh0BFJY\" data-attribute-index=\"12\" data-entity-hovercard-id=\"urn:li:fs_miniProfile:ACoAABZP--oB-nUP4hISqX5sh-OYUtgzeh0BFJY\" data-entity-type=\"MINI_PROFILE\">Erich Oberfichtner<\/a>, <a href=\"https:\/\/www.linkedin.com\/in\/ACoAAAAHJhgBjwbg52a7dA958HTtNOJ7cnwORVg\" data-attribute-index=\"14\" data-entity-hovercard-id=\"urn:li:fs_miniProfile:ACoAAAAHJhgBjwbg52a7dA958HTtNOJ7cnwORVg\" data-entity-type=\"MINI_PROFILE\">Sebastian A. Fairhurst<\/a>,<a href=\"https:\/\/www.ekosem-agrar.de\/unternehmen\/vorstand-und-aufsichtsrat\/\" target=\"_blank\" rel=\"noopener\"> Wolfgang Bl\u00e4si<\/a>, <a href=\"https:\/\/www.linkedin.com\/in\/ACoAAAz8D0oBylHlwgzLiVrQb9Zz38dpJbp6Gxw\" data-attribute-index=\"16\" data-entity-hovercard-id=\"urn:li:fs_miniProfile:ACoAAAz8D0oBylHlwgzLiVrQb9Zz38dpJbp6Gxw\" data-entity-type=\"MINI_PROFILE\">Christoph Barth<\/a>, <a href=\"https:\/\/kristina-jeromin.de\/\" target=\"_blank\" rel=\"noopener\">Kristina Jeromin<\/a>, <a href=\"https:\/\/www.agora-energiewende.de\/ueber-uns\/team\/philipp-daniel-hauser-1\/\" target=\"_blank\" rel=\"noopener\">Philipp D. Hauser<\/a>, <a href=\"https:\/\/www.linkedin.com\/in\/ACoAAAMhMS8BbLBD3FGOx20BBZxhe-NqNM_FdmU\" data-attribute-index=\"18\" data-entity-hovercard-id=\"urn:li:fs_miniProfile:ACoAAAMhMS8BbLBD3FGOx20BBZxhe-NqNM_FdmU\" data-entity-type=\"MINI_PROFILE\">Dr. Andreas Gabler<\/a>, <a href=\"https:\/\/www.linkedin.com\/in\/ACoAAACIUzwBDnUuMtop9dH58qFCuPyNYQHrons\" data-attribute-index=\"20\" data-entity-hovercard-id=\"urn:li:fs_miniProfile:ACoAAACIUzwBDnUuMtop9dH58qFCuPyNYQHrons\" data-entity-type=\"MINI_PROFILE\">Holger Tabke<\/a>, <a href=\"https:\/\/www.klimaneutralitaet.de\/\" target=\"_blank\" rel=\"noopener\">Jochen Buser<\/a>, <a href=\"https:\/\/www.linkedin.com\/in\/ACoAAB_8fVYBVkdJIAnkOWqqmWxDvPxvpyLI_W0\" data-attribute-index=\"22\" data-entity-hovercard-id=\"urn:li:fs_miniProfile:ACoAAB_8fVYBVkdJIAnkOWqqmWxDvPxvpyLI_W0\" data-entity-type=\"MINI_PROFILE\">Dario Pabst<\/a>, <a href=\"https:\/\/enerchase.de\/ueberuns\" target=\"_blank\" rel=\"noopener\">Stefan K\u00fcster<\/a> und<a href=\"https:\/\/www.symbion-ag.de\/kompetenzmodell\/\" target=\"_blank\" rel=\"noopener\"> Werner Hecker<\/a> f\u00fcr die interessanten Beitr\u00e4ge, die uns in die Lage versetzt haben, dass Thema vollumf\u00e4nglich zu beleuchten und zu diskutieren.<\/span><\/span><\/p>\n<p><span class=\"break-words\"><span dir=\"ltr\">Gemeinsam konnten wir Wege aufzeigen, wie Unternehmen der Herausforderung Klimaneutralit\u00e4t auf Chancen und Risiken einordnen k\u00f6nnen und Ihre wettbewerbsf\u00e4hig auch in einer Klimaneutralen Zukunft behalten k\u00f6nnen bzw. von der Herausforderung profitieren k\u00f6nnen.<\/span><\/span><\/p>\n<p><span class=\"break-words\"><span dir=\"ltr\">Die R\u00fcckmeldung von dem Teilnehmer <a href=\"https:\/\/www.linkedin.com\/in\/ACoAAAKdE2cBEp_ugCv6QvhBv7xfFcqstKnjOCE\" data-attribute-index=\"25\" data-entity-hovercard-id=\"urn:li:fs_miniProfile:ACoAAAKdE2cBEp_ugCv6QvhBv7xfFcqstKnjOCE\" data-entity-type=\"MINI_PROFILE\">Martin Beckmann<\/a>, von <a href=\"https:\/\/verico.eu\/de\" target=\"_blank\" rel=\"noopener\">Verico SCE<\/a> macht uns besonders froh:<br \/>\n\u201eSehr gut vorbereitete Veranstaltung, die es mit neuem Format, der Auswahl an Themen, Referenten, Kommentaren und Diskussionen f\u00fcr mich unbedingt wert war, pers\u00f6nlich zu erscheinen. Es wurde die ganze Bandbreite der Industrie in der Transformation in eine CO<sub>2<\/sub> neutrale Zukunft in Deutschland im europ\u00e4ischen Kontext des Fit for 55 Programms geboten: Blick aus regulatorischen Sicht und aus dem Blickwinkel der die Transformation\u00a0finanzierenden Banken etc., Vorstellung von Industrie Leuchtturmprojekten, grandioser Dinner Speech Rednerin bis hin zum Abschluss aus der wohltuenden Sicht eines erfahrenen\u00a0Unternehmensberaters abgedeckt.\u00a0Jede Menge \u201efruit for thought\u201c\u2026 Ganz nebenbei hat Sebastian Gallehr mit seinem tollen GALLEHR+PARTNER<sup>\u00ae<\/sup> Team eine wirklich sehr gute Location gew\u00e4hlt: Sch\u00f6nes kleines Hotel mit entspanntem Blick auf Frankfurt. Komme bei solchen Gelegenheiten sehr gern wieder!\u201c<\/span><\/span><\/p>\n<p><span class=\"break-words\"><span dir=\"ltr\">GALLEHR+PARTNER<sup>\u00ae<\/sup> konnte mit dieser Veranstaltung den Anspruch, der Lotse f\u00fcr die Industrie in eine wettbewerbsf\u00e4hige und klimafreundliche Zukunft zu sein untermauern.<\/span><\/span><\/p>\n<p><span class=\"break-words\"><span dir=\"ltr\">Wir von GALLEHR+PARTNER<sup>\u00ae<\/sup> k\u00f6nnen festhalten, dass wir eine sch\u00f6ne Zeit und viele h\u00f6chst interessante Gespr\u00e4che hatten und bedanken uns f\u00fcr die erkenntnisreiche Zeit.<br \/>\n<\/span><\/span><\/p>\n","protected":false},"excerpt":{"rendered":"<p>GALLEHR+PARTNER\u00ae Fachtagung 2021 am 16. und 17. September 2021: Klima als Wettbewerbsfaktor in der Unternehmensstrategie Knapp 40 Teilnehmer pers\u00f6nlich und [&hellip;]<\/p>\n","protected":false},"author":2,"featured_media":0,"comment_status":"closed","ping_status":"closed","sticky":false,"template":"","format":"standard","meta":{"footnotes":""},"categories":[180],"tags":[630,649,185,188,334,344],"class_list":["post-85282","post","type-post","status-publish","format-standard","hentry","category-news","tag-energiewende","tag-zukunftgestalten","tag-industrie","tag-carbon-value-management","tag-co2","tag-klimaneutralitaet"],"_links":{"self":[{"href":"https:\/\/gallehr.flei.dev\/de\/wp-json\/wp\/v2\/posts\/85282","targetHints":{"allow":["GET"]}}],"collection":[{"href":"https:\/\/gallehr.flei.dev\/de\/wp-json\/wp\/v2\/posts"}],"about":[{"href":"https:\/\/gallehr.flei.dev\/de\/wp-json\/wp\/v2\/types\/post"}],"author":[{"embeddable":true,"href":"https:\/\/gallehr.flei.dev\/de\/wp-json\/wp\/v2\/users\/2"}],"replies":[{"embeddable":true,"href":"https:\/\/gallehr.flei.dev\/de\/wp-json\/wp\/v2\/comments?post=85282"}],"version-history":[{"count":0,"href":"https:\/\/gallehr.flei.dev\/de\/wp-json\/wp\/v2\/posts\/85282\/revisions"}],"wp:attachment":[{"href":"https:\/\/gallehr.flei.dev\/de\/wp-json\/wp\/v2\/media?parent=85282"}],"wp:term":[{"taxonomy":"category","embeddable":true,"href":"https:\/\/gallehr.flei.dev\/de\/wp-json\/wp\/v2\/categories?post=85282"},{"taxonomy":"post_tag","embeddable":true,"href":"https:\/\/gallehr.flei.dev\/de\/wp-json\/wp\/v2\/tags?post=85282"}],"curies":[{"name":"wp","href":"https:\/\/api.w.org\/{rel}","templated":true}]}}