{"id":85303,"date":"2021-11-24T12:34:44","date_gmt":"2021-11-24T11:34:44","guid":{"rendered":"https:\/\/hostsharing.gallehr.de\/?p=85303"},"modified":"2023-08-22T15:24:11","modified_gmt":"2023-08-22T13:24:11","slug":"transformationskonzepte-neues-programm-des-bmwi-bezuschusst-die-entwicklung-von-klimastrategien","status":"publish","type":"post","link":"https:\/\/gallehr.flei.dev\/de\/transformationskonzepte-neues-programm-des-bmwi-bezuschusst-die-entwicklung-von-klimastrategien\/","title":{"rendered":"\u201eTransformationskonzepte\u201c &#8211; Neues Programm des BMWi bezuschusst die Entwicklung von Klimastrategien"},"content":{"rendered":"<h1>Klimastrategie entwickeln: Weg zur Klimaneutralit\u00e4t mit bis zu 50.000\u20ac f\u00f6rdern lassen<\/h1>\n<p>&nbsp;<\/p>\n<p><img decoding=\"async\" class=\"alignnone wp-image-85306 size-medium\" src=\"https:\/\/gallehr.flei.dev\/wordpress\/wp-content\/uploads\/2021\/11\/1200px-Bundesamt_fuer_Wirtschaft_und_Ausfuhrkontrolle_Logo-300x154.png\" alt=\"Klimastrategie, CO2-Bilanz, Transformationskonzept, BAFA, Modul 5, Klimaschutzmanagement, F\u00f6rderprogramm, Treibhausgasneutralit\u00e4t, Klimaneutralit\u00e4t, Einsparpotenzial, EEW, Energie- und Ressourceneffizienz in der Wirtschaft\" width=\"300\" height=\"154\" srcset=\"https:\/\/gallehr.flei.dev\/wp-content\/uploads\/2021\/11\/1200px-Bundesamt_fuer_Wirtschaft_und_Ausfuhrkontrolle_Logo-300x154.png 300w, https:\/\/gallehr.flei.dev\/wp-content\/uploads\/2021\/11\/1200px-Bundesamt_fuer_Wirtschaft_und_Ausfuhrkontrolle_Logo-1024x524.png 1024w, https:\/\/gallehr.flei.dev\/wp-content\/uploads\/2021\/11\/1200px-Bundesamt_fuer_Wirtschaft_und_Ausfuhrkontrolle_Logo-768x393.png 768w, https:\/\/gallehr.flei.dev\/wp-content\/uploads\/2021\/11\/1200px-Bundesamt_fuer_Wirtschaft_und_Ausfuhrkontrolle_Logo.png 1200w\" sizes=\"(max-width: 300px) 100vw, 300px\" \/><\/p>\n<h3>Am 01.11.2021 ver\u00f6ffentlichte das Bundesministerium f\u00fcr Wirtschaft und Energie im Rahmen der <a href=\"https:\/\/www.bafa.de\/DE\/Energie\/Energieeffizienz\/Energieeffizienz_und_Prozesswaerme\/energieeffizienz_und_prozesswaerme_node.html\" target=\"_blank\" rel=\"noopener\">Bundesf\u00f6rderung f\u00fcr Energie- und Ressourceneffizienz in der Wirtschaft<\/a> (EEW) das F\u00f6rderprogramm \u201e<a href=\"https:\/\/www.bafa.de\/DE\/Energie\/Energieeffizienz\/Energieeffizienz_und_Prozesswaerme\/Modul5_Transformationskonzepte\/modul5_transformationskonzepte_node.html\">Transformationskonzepte<\/a>\u201c.<img decoding=\"async\" class=\"alignnone size-medium wp-image-85297\" src=\"https:\/\/gallehr.flei.dev\/wordpress\/wp-content\/uploads\/2021\/11\/logo.svg\" alt=\"\" width=\"1\" height=\"1\" \/> Im Mai 2023 wurden die Konditionen angepasst.<\/h3>\n<p>Ziel des F\u00f6rderprogramms ist es, Unternehmen bei der Erstellung von Transformationskonzepten (Klimastrategie) zur Planung und Umsetzung der eigenen Transformation hin zur Treibhausgasneutralit\u00e4t finanziell zu unterst\u00fctzen. Wie k\u00f6nnen Sie nun von diesem neuen F\u00f6rderprogramm profitieren und welche Ma\u00dfnahmen sind f\u00f6rderf\u00e4hig?<\/p>\n<p>Eine belastbare Klimastrategie erm\u00f6glicht es, Sie langfristig gegen\u00fcber CO<sub>2<\/sub>&#8211; und fossilen Rohstoffpreisrisiken abzusichern, ihre Unabh\u00e4ngigkeit von deren <a href=\"https:\/\/gallehr.flei.dev\/leistungen\/verpflichtender-emissionshandel-eu-und-de\/\" target=\"_blank\" rel=\"noopener\">M\u00e4rkten<\/a> zu erh\u00f6hen und damit Ihre wettbewerbliche Position zu verbessern. So stellen Sie Ihr Unternehmen zukunftsf\u00e4hig auf. Zudem gibt es Ihnen die Chance, ein <a href=\"https:\/\/gallehr.flei.dev\/leistungen\/managementsysteme\/\" target=\"_blank\" rel=\"noopener\">Klimamanagementsystem<\/a> einzuf\u00fchren. Hierdurch werden unternehmensinterne Klimarisiken und Chancen identifiziert. Durch die detaillierte Erfassung ihrer derzeitigen Emissionen und deren Quellen, werden Einsparpotenziale entdeckt und Transparenz geschaffen. Hieraus lassen sich wiederum effiziente Reduktionsm\u00f6glichkeiten ableiten. Diese Transparenz kann Ihnen helfen, z.B. einen<a href=\"https:\/\/gallehr.flei.dev\/leistungen\/carbon-footprint\/\" target=\"_blank\" rel=\"noopener\"> Carbon Footprint<\/a> (CO<sub>2<\/sub>-Bilanz) f\u00fcr Ihre Produkte zu erstellen.<\/p>\n<p>Damit Sie einen groben \u00dcberblick \u00fcber das F\u00f6rderprogramm erlangen, haben wir\u00a0 gef\u00f6rderte Ma\u00dfnahmen, die anspruchsvollen Anforderungen an das Konzept, sowie die F\u00f6rderh\u00f6he stichwortartig zusammengefasst:<\/p>\n<h3>Was wird gef\u00f6rdert?<\/h3>\n<p>Gef\u00f6rdert wird insbesondere:<\/p>\n<ul>\n<li>Die Ausarbeitung einer <a href=\"https:\/\/gallehr.flei.dev\/leistungen\/carbon-footprint\/\" target=\"_blank\" rel=\"noopener\">CO<sub>2<\/sub>-Bilanz<\/a> f\u00fcr einen oder mehrere Unternehmensstandorte, also die Erfassung des IST-Zustands, hier ist eine Ber\u00fccksichtigung ihrer Lieferanten ebenfalls m\u00f6glich<\/li>\n<li>Kosten f\u00fcr Energieberatung und sonstige Beratungsleistungen in direktem Zusammenhang mit dem Transformationskonzept, die Einf\u00fchrung von Umsetzungsprozessen, z.B. eines <a href=\"https:\/\/gallehr.flei.dev\/leistungen\/managementsysteme\/\" target=\"_blank\" rel=\"noopener\">Klimaschutzmanagementsytems<\/a> ist ebenfalls inkludiert<\/li>\n<li>Kosten f\u00fcr Messungen und Datenerhebungen<\/li>\n<\/ul>\n<h3>Welche Anforderungen muss das Transformationskonzept erf\u00fcllen um f\u00f6rderf\u00e4hig zu sein?<\/h3>\n<ul>\n<li>Ermittlung des IST-Zustandes (<a href=\"https:\/\/gallehr.flei.dev\/leistungen\/carbon-footprint\/\" target=\"_blank\" rel=\"noopener\">Carbon Footprint<\/a>) in mindestens Scope 1, 2, (3 optional) nach <a href=\"https:\/\/ghgprotocol.org\/\" target=\"_blank\" rel=\"noopener\">GHG-Protocol<\/a> oder <a href=\"https:\/\/www.iso.org\/standard\/66453.html\" target=\"_blank\" rel=\"noopener\">ISO 14064-1<\/a><\/li>\n<li>SOLL-Zustand mit konkretem Klimaziel: THG-Reduktion in Scope 1 und Scope 2 von mindestens 40% <u>innerhalb von 10 Jahren nach Antragstellung<\/u><\/li>\n<li>Verbindliche Darstellung der Ma\u00dfnahmen zur SOLL-Zielerreichung in einem Ma\u00dfnahmenplan<\/li>\n<li>Mindestens eine investive Ma\u00dfnahme muss nach <a href=\"https:\/\/www.bafa.de\/DE\/Energie\/Energieeffizienz\/Energieeffizienz_und_Prozesswaerme\/Modul4_Energiebezogene_Optimierung\/modul4_energiebezogene_optimierung_node.html\" target=\"_blank\" rel=\"noopener\">Modul 4<\/a> der <a href=\"https:\/\/www.bafa.de\/DE\/Energie\/Energieeffizienz\/Energieeffizienz_und_Prozesswaerme\/energieeffizienz_und_prozesswaerme_node.html\" target=\"_blank\" rel=\"noopener\">EEW<\/a> gef\u00f6rdert werden<\/li>\n<li>Verbindliche Darstellung der Ma\u00dfnahmen zur SOLL-Zielerreichung (Klimamanagementsystem)<\/li>\n<li>Allgemeine Darstellung eines Pfades zur THG-Neutralit\u00e4t bis 2045<\/li>\n<\/ul>\n<h3>Welche F\u00f6rderh\u00f6he ist zu erwarten und wie hoch ist der Eigenanteil?<\/h3>\n<ul>\n<li>Maximaler F\u00f6rderanteil an Gesamtkosten des Transformationskonzepts: <a href=\"https:\/\/www.bafa.de\/SharedDocs\/Downloads\/DE\/kmu_handbuch_eu.html\">Kleine Unternehmen<\/a>: 60%, <a href=\"https:\/\/www.bafa.de\/SharedDocs\/Downloads\/DE\/kmu_handbuch_eu.html\" target=\"_blank\" rel=\"noopener\">Mittlere Unternehmen<\/a>: 50%, Nicht-KMU 40%<\/li>\n<li>Maximal 50.000\u20ac pro Transformationskonzept<\/li>\n<li>F\u00fcr Unternehmen, die in einem Netzwerk der Initiative Energieeffizienz- und Klimaschutz-Netzwerke (IEEKN) angemeldet und aktiv sind, erh\u00f6ht sich die F\u00f6rderquote um 10 Prozentpunkte, der F\u00f6rderzuschuss auf max. 80.000 Euro.<\/li>\n<\/ul>\n<p>Als Lotsen in Richtung Klimaneutralit\u00e4t bieten <a href=\"https:\/\/gallehr.flei.dev\/\" target=\"_blank\" rel=\"noopener\">GALLEHR+PARTNER\u00ae<\/a> langj\u00e4hrige Erfahrung in diesen Fachgebieten. Wir erfassen Ihre <a href=\"https:\/\/gallehr.flei.dev\/leistungen\/klima-und-csr-strategie\/\" target=\"_blank\" rel=\"noopener\">CO<sub>2<\/sub>-Bilanz<\/a>, bestimmen THG-Einsparpotenziale und erarbeiten eine Klimastrategie. Wir \u00fcbernehmen die Antragstellung und Pr\u00fcfung und m\u00f6chten Ihnen eine umfassende, kosteneffiziente Begleitung in die Klimaneutralit\u00e4t, getreu dem Motto \u201ealles aus einer Hand\u201c anbieten.<\/p>\n<h2>Bei weiteren Fragen rund um das Thema Transformationskonzepte Richtung Klimaneutralit\u00e4t\u00a0 <strong><a href=\"https:\/\/gallehr.flei.dev\/kontakt\/\" target=\"_blank\" rel=\"noopener\">sprechen Sie uns sehr gerne an<\/a>.<\/strong><\/h2>\n<h3><strong>Folgende T\u00e4tigkeiten f\u00fchren wir in diesem Umfeld gerne f\u00fcr Sie durch:<\/strong><\/h3>\n<ul>\n<li>Beantragung und Verwaltung von F\u00f6rdermitteln<\/li>\n<li><a href=\"https:\/\/gallehr.flei.dev\/leistungen\/klima-und-csr-strategie\/\" target=\"_blank\" rel=\"noopener\">Erstellung von f\u00f6rderf\u00e4higen Transformationskonzepten inkl. Zielentwicklung, Strategieentwicklung und Managementberatung zur wirksamen Zielerreichung<\/a><\/li>\n<li><a href=\"https:\/\/gallehr.flei.dev\/leistungen\/managementsysteme\/\" target=\"_blank\" rel=\"noopener\">Entwicklung, Einf\u00fchrung und Betrieb von Energie-, Umwelt- und Klimamanagementsystemen<\/a><\/li>\n<\/ul>\n","protected":false},"excerpt":{"rendered":"<p>Klimastrategie entwickeln: Weg zur Klimaneutralit\u00e4t mit bis zu 50.000\u20ac f\u00f6rdern lassen &nbsp; Am 01.11.2021 ver\u00f6ffentlichte das Bundesministerium f\u00fcr Wirtschaft und [&hellip;]<\/p>\n","protected":false},"author":10,"featured_media":0,"comment_status":"closed","ping_status":"closed","sticky":false,"template":"","format":"standard","meta":{"footnotes":""},"categories":[180,178],"tags":[344,651,652,653,654,655,656,657,658,659,660,217],"class_list":["post-85303","post","type-post","status-publish","format-standard","hentry","category-news","category-archiv","tag-klimaneutralitaet","tag-klimastrategie","tag-co2-bilanz","tag-transformationskonzept","tag-modul-5","tag-klimaschutzmanagement","tag-foerderprogramm","tag-treibhausgasneutralitaet","tag-einsparpotenzial","tag-eew","tag-energie-und-ressourceneffizienz-in-der-wirtschaft","tag-bafa"],"_links":{"self":[{"href":"https:\/\/gallehr.flei.dev\/de\/wp-json\/wp\/v2\/posts\/85303","targetHints":{"allow":["GET"]}}],"collection":[{"href":"https:\/\/gallehr.flei.dev\/de\/wp-json\/wp\/v2\/posts"}],"about":[{"href":"https:\/\/gallehr.flei.dev\/de\/wp-json\/wp\/v2\/types\/post"}],"author":[{"embeddable":true,"href":"https:\/\/gallehr.flei.dev\/de\/wp-json\/wp\/v2\/users\/10"}],"replies":[{"embeddable":true,"href":"https:\/\/gallehr.flei.dev\/de\/wp-json\/wp\/v2\/comments?post=85303"}],"version-history":[{"count":0,"href":"https:\/\/gallehr.flei.dev\/de\/wp-json\/wp\/v2\/posts\/85303\/revisions"}],"wp:attachment":[{"href":"https:\/\/gallehr.flei.dev\/de\/wp-json\/wp\/v2\/media?parent=85303"}],"wp:term":[{"taxonomy":"category","embeddable":true,"href":"https:\/\/gallehr.flei.dev\/de\/wp-json\/wp\/v2\/categories?post=85303"},{"taxonomy":"post_tag","embeddable":true,"href":"https:\/\/gallehr.flei.dev\/de\/wp-json\/wp\/v2\/tags?post=85303"}],"curies":[{"name":"wp","href":"https:\/\/api.w.org\/{rel}","templated":true}]}}