{"id":85358,"date":"2022-04-01T18:13:51","date_gmt":"2022-04-01T16:13:51","guid":{"rendered":"https:\/\/hostsharing.gallehr.de\/?p=85358"},"modified":"2025-11-17T17:18:44","modified_gmt":"2025-11-17T16:18:44","slug":"mitarbeitersuche-consultant-energie-und-klimaschutzberatung-in-teilzeit-vollzeit-w-m-d","status":"publish","type":"post","link":"https:\/\/gallehr.flei.dev\/de\/mitarbeitersuche-consultant-energie-und-klimaschutzberatung-in-teilzeit-vollzeit-w-m-d\/","title":{"rendered":"Mitarbeitersuche: Consultant Energie- und Klimaschutzberatung in Teilzeit\/Vollzeit (w\/m\/d)"},"content":{"rendered":"<h2>Willkommen als Consultant bei GALLEHR+PARTNER<sup>\u00ae<\/sup><\/h2>\n<p>M\u00f6chten Sie Ihre Ideen in zukunftsf\u00e4hige L\u00f6sungen f\u00fcr Unternehmen verwandeln? M\u00f6chten Sie <a href=\"https:\/\/gallehr.flei.dev\/\" target=\"_blank\" rel=\"noopener\">uns<\/a> als Consultant dabei unterst\u00fctzen, Industrieunternehmen zu helfen, ihren Weg\u00a0 in eine klimaneutrale, kreislaufwirtschaftliche, erneuerbare Zukunft zu meistern? Ob im Bereich <a href=\"https:\/\/gallehr.flei.dev\/leistungen\/\" target=\"_blank\" rel=\"noopener\">Emissionshandel, Energieeffizienz, Energie- und Klimamanagement, Green Finance<\/a> oder \u2013 vielleicht noch interessanter f\u00fcr Sie \u2013 in einer Kombination der genannten Themen? Mit uns helfen Sie, dass international agierende Industrieunternehmen eine der wichtigsten Herausforderungen unserer Zeit meistern k\u00f6nnen: Fit werden f\u00fcr eine klimaneutrale, ressourceneffiziente Zukunft.<\/p>\n<p><img decoding=\"async\" class=\"aligncenter wp-image-85035 size-medium\" src=\"https:\/\/gallehr.flei.dev\/wordpress\/wp-content\/uploads\/2021\/02\/Zusammen-300x225.png\" alt=\"Mitarbeitersuche Jobangebot Consultant Energie- und Klimaschutzberatung Teil\/Vollzeit (w\/m\/d)\" width=\"300\" height=\"225\" srcset=\"https:\/\/gallehr.flei.dev\/wp-content\/uploads\/2021\/02\/Zusammen-300x225.png 300w, https:\/\/gallehr.flei.dev\/wp-content\/uploads\/2021\/02\/Zusammen.png 640w\" sizes=\"(max-width: 300px) 100vw, 300px\" \/><\/p>\n<p>Wir, die <em>Gallehr Sustainable Risk Management GmbH<\/em> freuen uns auf Ihre <strong><a href=\"mailto:bewerbung@gallehr.de\">Bewerbung<\/a><\/strong> (w\/m\/d)!<\/p>\n<p>Zur Wahrung der Chancengleichheit zwischen Frauen und M\u00e4nnern sind Bewerbungen von Frauen ausdr\u00fccklich erw\u00fcnscht!<\/p>\n<h2>Die Stelle<\/h2>\n<p><strong>Anstellungsart:<\/strong> Unbefristet mit 6 Monaten Probezeit<br \/>\n<strong>Beginn:<\/strong> Ab sofort<br \/>\n<strong>Arbeitszeit:<\/strong> Vollzeit, vollzeitnahe Teilzeit oder Teilzeit<br \/>\n<strong>Arbeitsort:<\/strong> <a href=\"https:\/\/maps.metager.de\/map\/Hauptstrasse%2043%20Karben\/8.757142660857426,50.25011690000002,18\" target=\"_blank\" rel=\"noopener noreferrer\">Karben bei Frankfurt am Main<\/a>, auch Home-Office m\u00f6glich<\/p>\n<h2>Ihre Aufgaben<\/h2>\n<p>Die Gallehr Sustainable Risk Management GmbH versteht sich als Lotse f\u00fcr die Industrie in eine wettbewerbsf\u00e4hige und klimaneutrale Zukunft. Ihre Aufgaben werden entsprechend sein:<\/p>\n<ul>\n<li><strong>Innovativ und um die Ecke denken:<\/strong> Sie entwickeln gemeinsam mit uns Strategien und L\u00f6sungswege, um unsere Kunden auf dem Weg in die Klimaneutralit\u00e4t zu begleiten<\/li>\n<li><strong>Probleme und Schwierigkeiten beseitigen: <\/strong>Sie unterst\u00fctzen <a href=\"https:\/\/gallehr.flei.dev\/referenzen\/\">unsere Kunden<\/a> bei der Erf\u00fcllung Ihrer regulatorischen Anforderungen u.a. im Rahmen des <a href=\"https:\/\/gallehr.flei.dev\/leistungen\/verpflichtender-emissionshandel-eu-und-de\/\" target=\"_blank\" rel=\"noopener\">europ\u00e4ischen und nationalen Emissionshandels<\/a><\/li>\n<li><strong>Wettbewerbsf\u00e4higkeit der Wirtschaft sichern: <\/strong>Sie unterst\u00fctzen unsere Kunden bei der Antragstellung von <a href=\"https:\/\/gallehr.flei.dev\/leistungen\/strompreiskompensation\/\" target=\"_blank\" rel=\"noopener\">Beihilfen<\/a>, <a href=\"https:\/\/gallehr.flei.dev\/leistungen\/sektorkopplung-power-to-x-h2\/\" target=\"_blank\" rel=\"noopener\">F\u00f6rdermitteln<\/a> und <a href=\"https:\/\/gallehr.flei.dev\/leistungen\/verpflichtender-emissionshandel-eu-und-de\/\" target=\"_blank\" rel=\"noopener\">kostenloser Zuteilung im Emissionshandel<\/a>.<\/li>\n<li><strong>Verantwortung \u00fcbernehmen:\u00a0<\/strong>Sie begleiten unsere Kunden durch Audits. Beinahe alle Ihre Ergebnisse werden am Ende von unabh\u00e4ngigen Gutachtern und <a href=\"https:\/\/www.dehst.de\">\u00f6ffentlichen Stellen<\/a> \u00fcberpr\u00fcft und best\u00e4tigt.<\/li>\n<li><strong>Weiterbildung:\u00a0<\/strong>Sie \u00fcbernehmen Aufgaben in einem dynamischen Umfeld. Das Weiterbilden geh\u00f6rt zu einem elementaren Bestandteil Ihres Alltags.<\/li>\n<\/ul>\n<h2>Ihr Profil<\/h2>\n<ul>\n<li><strong>Ausbildung:<\/strong> Sie haben einen Abschluss (Bachelor oder Master) im Bereich Ingenieurswesen oder einem MINT-Fach (Mathematik, Naturwissenschaften, Technik) oder vergleichbar. Idealerweise mit Kenntnissen in den Bereichen Energiemanagement und Klimaschutz .<\/li>\n<li><strong>Pers\u00f6nlichkeit:<\/strong> Sie sind teamf\u00e4hig, offen, engagiert und neugierig wie alles zusammenh\u00e4ngt<\/li>\n<li><strong>Arbeitsweise:<\/strong> Sie arbeiten strukturiert, genau, agil, zielstrebig und haben einen Excellenzanspruch an Ihre eigene Arbeit<\/li>\n<li><strong>Erfahrungen: <\/strong>Idealerweise konnten Sie erste Berufserfahrung in der Industrie in den Bereichen Energiewirtschaft, Klima- und Umweltschutz erwerben<\/li>\n<li><strong>Know-How:<\/strong>Sie kennen die grunds\u00e4tzlichen Zusammenh\u00e4nge des Energiekomplexes. Ihnen ist der Unterschied zwischen Leistung und Arbeit gel\u00e4ufig. Sehr gute Office-Kenntnisse, insb. Excel und ein erfahrener Umgang mit digitalen Zug\u00e4ngen ist erforderlich.<\/li>\n<li><strong>Motivation:\u00a0<\/strong>Sie haben Freude an den Herausforderungen, vor denen die Industrie durch Energiewende und Klimaschutz steht und an der L\u00f6sung der daraus resultierenden komplexen Anforderungen. Sie sind interessiert an technischen, kaufm\u00e4nnischen und nachhaltigen Optimierungsm\u00f6glichkeiten Richtung Klimaneutralit\u00e4t und Energiewende.<\/li>\n<li><strong>Sprachen:<\/strong> Sehr gutes, solides Deutsch in Wort und Schrift sowie Englisch (konversationssicher)<\/li>\n<\/ul>\n<h2>Unsere Vorteile f\u00fcr Sie<\/h2>\n<ul>\n<li>Motiviertes, kompetentes, zugewandtes und <strong>hellwaches Team<\/strong><\/li>\n<li><strong>Breites und offenes Netzwerk<\/strong> in den internationalen Klimaschutz, in Verb\u00e4nde, zu Experten und in die Politik<\/li>\n<li>Interessante und abwechslungsreiche <strong>T\u00e4tigkeit f\u00fcr viele international t\u00e4tige Unternehmen<\/strong><\/li>\n<li>Mitarbeit an <strong><b>vielseitigen Aufgaben <\/b><\/strong><\/li>\n<li><strong><b>Flache Hierarchien <\/b><\/strong>und kurze Entscheidungswege<\/li>\n<li>Vertrauensvolles Betriebsklima, <strong><b>fairer und offener Umgang<\/b><\/strong><\/li>\n<li><b>Flexibles und mobiles Arbeiten<\/b>: Wir bieten Dir flexible Arbeits(zeit)modelle.<\/li>\n<li><b>Angebunden an die ganze Welt und trotzdem im Gr\u00fcnen<\/b>: Unser au\u00dfergew\u00f6hnlicher Hauptsitz liegt mit der S Bahn 30 min vom Zentrum Frankfurt am Main entfernt. Gleichzeitig l\u00e4dt die Umgebung direkt zu sportlichen- und freizeitlichen Aktivit\u00e4ten ein.<\/li>\n<li>Freiraum f\u00fcr <b>Kreativit\u00e4t <\/b>und berufliche <b>Weiterentwicklung<\/b><\/li>\n<li>Sie k\u00f6nnen bei uns Ihr <strong>Elektroauto\/eBike laden<\/strong><\/li>\n<\/ul>\n<h2>Kontakt<\/h2>\n<p><strong>Haben Sie noch Fragen zum Job oder zu unserem Unternehmen?<\/strong><\/p>\n<p>Wir stehen gerne jederzeit zur Verf\u00fcgung. Sie k\u00f6nnen uns entweder telefonisch unter +49 6039 9263686 oder \u00fcber unser <a href=\"https:\/\/gallehr.flei.dev\/kontakt\/\">Kontaktformular<\/a> erreichen.<\/p>\n<h2><strong><a href=\"mailto:bewerbung@gallehr.de\"><span style=\"text-decoration: underline;\"><span style=\"color: #0000ff; text-decoration: underline;\">Oder bewerben Sie sich gleich jetzt!<\/span><\/span><\/a><\/strong><\/h2>\n<p>&nbsp;<\/p>\n","protected":false},"excerpt":{"rendered":"<p>Willkommen als Consultant bei GALLEHR+PARTNER\u00ae M\u00f6chten Sie Ihre Ideen in zukunftsf\u00e4hige L\u00f6sungen f\u00fcr Unternehmen verwandeln? M\u00f6chten Sie uns als Consultant [&hellip;]<\/p>\n","protected":false},"author":3,"featured_media":0,"comment_status":"closed","ping_status":"closed","sticky":false,"template":"","format":"standard","meta":{"footnotes":""},"categories":[180],"tags":[185,189,661,662,663,665,666,667],"class_list":["post-85358","post","type-post","status-publish","format-standard","hentry","category-news","tag-industrie","tag-emissionshandel","tag-jobs","tag-mitarbeitersuche","tag-klimaneutral","tag-transformation","tag-jobsuche","tag-energie"],"_links":{"self":[{"href":"https:\/\/gallehr.flei.dev\/de\/wp-json\/wp\/v2\/posts\/85358","targetHints":{"allow":["GET"]}}],"collection":[{"href":"https:\/\/gallehr.flei.dev\/de\/wp-json\/wp\/v2\/posts"}],"about":[{"href":"https:\/\/gallehr.flei.dev\/de\/wp-json\/wp\/v2\/types\/post"}],"author":[{"embeddable":true,"href":"https:\/\/gallehr.flei.dev\/de\/wp-json\/wp\/v2\/users\/3"}],"replies":[{"embeddable":true,"href":"https:\/\/gallehr.flei.dev\/de\/wp-json\/wp\/v2\/comments?post=85358"}],"version-history":[{"count":0,"href":"https:\/\/gallehr.flei.dev\/de\/wp-json\/wp\/v2\/posts\/85358\/revisions"}],"wp:attachment":[{"href":"https:\/\/gallehr.flei.dev\/de\/wp-json\/wp\/v2\/media?parent=85358"}],"wp:term":[{"taxonomy":"category","embeddable":true,"href":"https:\/\/gallehr.flei.dev\/de\/wp-json\/wp\/v2\/categories?post=85358"},{"taxonomy":"post_tag","embeddable":true,"href":"https:\/\/gallehr.flei.dev\/de\/wp-json\/wp\/v2\/tags?post=85358"}],"curies":[{"name":"wp","href":"https:\/\/api.w.org\/{rel}","templated":true}]}}