{"id":85456,"date":"2022-05-30T15:13:19","date_gmt":"2022-05-30T13:13:19","guid":{"rendered":"https:\/\/hostsharing.gallehr.de\/?p=85456"},"modified":"2022-07-07T09:37:51","modified_gmt":"2022-07-07T07:37:51","slug":"strompreiskompensation-eine-abschaetzung-der-beihilfehoehe","status":"publish","type":"post","link":"https:\/\/gallehr.flei.dev\/de\/strompreiskompensation-eine-abschaetzung-der-beihilfehoehe\/","title":{"rendered":"Strompreiskompensation &#8211; Eine Absch\u00e4tzung der Beihilfeh\u00f6he"},"content":{"rendered":"<p><img decoding=\"async\" class=\"alignnone\" src=\"https:\/\/gallehr.flei.dev\/wordpress\/wp-content\/uploads\/2022\/05\/Energiemanagement-1024x186-1.jpg\" alt=\"Beispiel Raffinerie f\u00fcr Beihilfepotential zur Strompreiskompensation\" width=\"1024\" height=\"186\" \/><\/p>\n<h2><a href=\"https:\/\/gallehr.flei.dev\/wordpress\/wp-content\/uploads\/2022\/07\/Fragebogen_SPK_v03.pdf\"><span style=\"font-family: arial, helvetica, sans-serif;\">Fragebogen zur Absch\u00e4tzung der Strompreiskompensation hier runterladen<\/span><\/a><\/h2>\n<p><span style=\"font-family: arial, helvetica, sans-serif;\">EU-Unternehmen mit einem hohen Strombedarf sind durch die im Strom enthaltenen CO<sub>2<\/sub>-Kosten Mehrbelastungen ausgesetzt. F\u00fcr <\/span><span style=\"font-family: arial, helvetica, sans-serif;\">Unternehmen, die zus\u00e4tzlich einem starkem internationalen Wettbewerb ausgesetzt sind, ist dies m\u00f6glicherweise standortentscheidend. Seit 2013 k\u00f6nnen diese einen Teil der CO<sub>2<\/sub>-Kosten als Beihilfe zur\u00fcckerstattet bekommen (<a href=\"https:\/\/op.europa.eu\/en\/publication-detail\/-\/publication\/3c87f0f9-9d92-11eb-b85c-01aa75ed71a1\/language-de\/format-PDF\/source-216617862\" target=\"_blank\" rel=\"noopener\">EU Leitlinie<\/a>).<\/span><\/p>\n<p><span style=\"font-family: arial, helvetica, sans-serif;\">Die beihilfeberechtigten Sektoren wurden zuletzt grundlegend \u00fcberarbeitet. Insbesondere sind 2021 <a href=\"https:\/\/gallehr.flei.dev\/strompreiskompensation-ein-ueberblick-fuer-einsteiger\/\" target=\"_blank\" rel=\"noopener\">neue Sektoren<\/a> hinzugekommen. Die Beihilfe f\u00fcr das Abrechnungsjahr 2021 kann voraussichtlich ab Juni 2022 beantragt werden. Der Antrag muss sp\u00e4testens bis zum 30.09.2022, vom Wirtschaftspr\u00fcfer gepr\u00fcft, bei der Deutschen Emissionshandelsstelle (DEHSt) eingehen.<\/span><\/p>\n<p><span style=\"font-family: arial, helvetica, sans-serif;\">\u00a0F\u00fcr mehr Informationen zu der Thematik empfehlen wir unseren Artikel <a href=\"https:\/\/gallehr.flei.dev\/strompreiskompensation-ein-ueberblick-fuer-einsteiger\/\" target=\"_blank\" rel=\"noopener\">&#8222;Strompreiskompensation: ein \u00dcberblick f\u00fcr Einsteiger&#8220;.<\/a><\/span><\/p>\n<p><span style=\"font-family: arial, helvetica, sans-serif;\">Zur Absch\u00e4tzung der Beihilfeh\u00f6he haben wir einen <a href=\"https:\/\/gallehr.flei.dev\/wordpress\/wp-content\/uploads\/2022\/07\/Fragebogen_SPK_v03.pdf\">Fragebogen<\/a> erstellt. Wenn Sie uns diesen ausgef\u00fcllt zur\u00fcckschicken, sch\u00e4tzen wir gerne f\u00fcr Sie ab<\/span><\/p>\n<p><span style=\"font-family: arial, helvetica, sans-serif;\">1. ob Sie beihilfeberechtigt sind,<\/span><\/p>\n<p><span style=\"font-family: arial, helvetica, sans-serif;\">2. und wenn ja, wie hoch die Beihilfe ausfallen k\u00f6nnte.<\/span><\/p>\n<p>&nbsp;<\/p>\n<p style=\"text-align: center;\"><span style=\"font-family: arial, helvetica, sans-serif;\">GALLEHR+PARTNER<sup>\u00ae <\/sup>begleitet seit 2013 Unternehmen erfolgreich beim Antragsprozess f\u00fcr die <a href=\"https:\/\/gallehr.flei.dev\/leistungen\/strompreiskompensation\/\">Strompreiskompensation<\/a>.<\/span><\/p>\n<p style=\"text-align: center;\"><a href=\"https:\/\/gallehr.flei.dev\/kontakt\/\"><span style=\"font-family: arial, helvetica, sans-serif;\">Bei Interesse setzen Sie sich gerne mit mit uns in Verbindung.<\/span><\/a><\/p>\n<p>&nbsp;<\/p>\n","protected":false},"excerpt":{"rendered":"<p>Fragebogen zur Absch\u00e4tzung der Strompreiskompensation hier runterladen EU-Unternehmen mit einem hohen Strombedarf sind durch die im Strom enthaltenen CO2-Kosten Mehrbelastungen [&hellip;]<\/p>\n","protected":false},"author":14,"featured_media":0,"comment_status":"closed","ping_status":"closed","sticky":false,"template":"","format":"standard","meta":{"footnotes":""},"categories":[180,178],"tags":[207,565,595,204,206],"class_list":["post-85456","post","type-post","status-publish","format-standard","hentry","category-news","category-archiv","tag-strompreiskompensation","tag-beihilfe","tag-deutsche-emissions-handels-stelle","tag-dehst","tag-spk"],"_links":{"self":[{"href":"https:\/\/gallehr.flei.dev\/de\/wp-json\/wp\/v2\/posts\/85456","targetHints":{"allow":["GET"]}}],"collection":[{"href":"https:\/\/gallehr.flei.dev\/de\/wp-json\/wp\/v2\/posts"}],"about":[{"href":"https:\/\/gallehr.flei.dev\/de\/wp-json\/wp\/v2\/types\/post"}],"author":[{"embeddable":true,"href":"https:\/\/gallehr.flei.dev\/de\/wp-json\/wp\/v2\/users\/14"}],"replies":[{"embeddable":true,"href":"https:\/\/gallehr.flei.dev\/de\/wp-json\/wp\/v2\/comments?post=85456"}],"version-history":[{"count":0,"href":"https:\/\/gallehr.flei.dev\/de\/wp-json\/wp\/v2\/posts\/85456\/revisions"}],"wp:attachment":[{"href":"https:\/\/gallehr.flei.dev\/de\/wp-json\/wp\/v2\/media?parent=85456"}],"wp:term":[{"taxonomy":"category","embeddable":true,"href":"https:\/\/gallehr.flei.dev\/de\/wp-json\/wp\/v2\/categories?post=85456"},{"taxonomy":"post_tag","embeddable":true,"href":"https:\/\/gallehr.flei.dev\/de\/wp-json\/wp\/v2\/tags?post=85456"}],"curies":[{"name":"wp","href":"https:\/\/api.w.org\/{rel}","templated":true}]}}