{"id":85715,"date":"2022-10-18T11:24:18","date_gmt":"2022-10-18T09:24:18","guid":{"rendered":"https:\/\/hostsharing.gallehr.de\/?p=85715"},"modified":"2022-10-27T16:59:51","modified_gmt":"2022-10-27T14:59:51","slug":"referentenentwurf-ueber-die-emissionsberichterstattung-nach-dem-behg-veroeffentlicht","status":"publish","type":"post","link":"https:\/\/gallehr.flei.dev\/de\/referentenentwurf-ueber-die-emissionsberichterstattung-nach-dem-behg-veroeffentlicht\/","title":{"rendered":"Referentenentwurf \u00fcber die Emissionsberichterstattung nach dem BEHG ver\u00f6ffentlicht"},"content":{"rendered":"<h2><img decoding=\"async\" class=\"alignnone wp-image-85493 size-full\" title=\"&lt;a href=&quot;https:\/\/de.freepik.com\/fotos\/himmel&quot;&gt;Himmel Foto erstellt von evening_tao - de.freepik.com&lt;\/a&gt;\" src=\"https:\/\/gallehr.flei.dev\/wordpress\/wp-content\/uploads\/2022\/07\/sky-clouds-background-1-scaled.jpg\" alt=\"Emissionsberichterstattung, Brennstoffemissionshandelsgesetz, Verordnung, BEHG\" width=\"5120\" height=\"979\" srcset=\"https:\/\/gallehr.flei.dev\/wp-content\/uploads\/2022\/07\/sky-clouds-background-1-scaled.jpg 5120w, https:\/\/gallehr.flei.dev\/wp-content\/uploads\/2022\/07\/sky-clouds-background-1-300x57.jpg 300w, https:\/\/gallehr.flei.dev\/wp-content\/uploads\/2022\/07\/sky-clouds-background-1-1024x196.jpg 1024w, https:\/\/gallehr.flei.dev\/wp-content\/uploads\/2022\/07\/sky-clouds-background-1-768x147.jpg 768w, https:\/\/gallehr.flei.dev\/wp-content\/uploads\/2022\/07\/sky-clouds-background-1-1536x294.jpg 1536w, https:\/\/gallehr.flei.dev\/wp-content\/uploads\/2022\/07\/sky-clouds-background-1-2048x391.jpg 2048w\" sizes=\"(max-width: 5120px) 100vw, 5120px\" \/><\/h2>\n<h2>Was f\u00fcr \u00c4nderungen kommen auf uns zu laut dem Entwurf der Verordnung \u00fcber Emissionsberichterstattung nach dem Brennstoffemissionshandelsgesetz?<\/h2>\n<p>Der Entwurf \u00fcber eine neue Verordnung der Emissionsberichterstattung nach dem Brennstoffemissionshandelsgesetz (BEHG) f\u00fcr die Jahre 2023 bis 2030 wurde am 7. Oktober ver\u00f6ffentlicht.<\/p>\n<p>In diesem werden neue Ma\u00dfnahmen, welche zum Januar 2023 in Kraft treten sollen, beschrieben. Aber was genau \u00e4ndert sich und was bedeutet das f\u00fcr Ihr Unternehmen? Diese Fragen m\u00f6chten wir Ihnen mit diesem Artikel beantworten.<\/p>\n<p>Zu Beginn m\u00f6chten wir betonen, dass es sich um einen Referentenentwurf handelt. Ein Referentenentwurf wird meistens im Austausch mit dem zust\u00e4ndigen fachlichen Ministerium auf Referatsebene erarbeitet. Daher werden wir nur die gr\u00f6\u00dften \u00c4nderungen aufzeigen. Diese werden sich mit gro\u00dfer Wahrscheinlichkeit nicht gro\u00df \u00e4ndern.<\/p>\n<h2>Der Referentenentwurf<\/h2>\n<p>Im Referentenentwurf wird als erste Neuerung Folgendes angef\u00fchrt: \u201eMit der vorliegenden Verordnung wird der vollst\u00e4ndige Rechtsrahmen bei der \u00dcberwachung, Ermittlung und Berichterstattung von Brennstoffemissionen geschaffen, der f\u00fcr die Zeit nach der Einf\u00fchrungsphase des Brennstoffemissionshandels in der Periode 2023 bis 2030 f\u00fcr die Durchf\u00fchrung des Brennstoffemissionshandels erforderlich ist. Mit dieser Verordnung werden insbesondere passgenaue Regelungen f\u00fcr die in Anlage 1 BEHG aufgef\u00fchrten Brennstoffe getroffen.\u201c [1]<\/p>\n<p>Mit dieser Passage auf der ersten Seite des Referentenentwurfs wird klar, dass die \u00c4nderung sich haupts\u00e4chlich auf neue berichtspflichtige Brennstoffe bezieht.<\/p>\n<p>Dies wird im Abschnitt 2 dem \u00dcberwachungsplan erstmals deutlich. Der \u00dcberwachungsplan \u00fcber die in Verkehr gebrachten Brennstoffe umfasst jetzt einen vereinfachten \u00dcberwachungsplan, wenn ausschlie\u00dflich die Berechnung nach den Berechnungsfaktoren des \u00a7 6 des Referentenentwurfs durchgef\u00fchrt wurde.<\/p>\n<p>Zudem ist der Verantwortliche nun verpflichtet, eine konsistente \u00dcberwachung, Ermittlung und Berichterstattung der Brennstoffemissionen zu gew\u00e4hrleisten und dazu die erforderlichen Daten einschlie\u00dflich der Bezugswerte und Brennstoffmengen auf transparente Weise zu dokumentieren. Dies muss so erfolgen, dass der \u00dcberwachungsplan von dritten Nachvollzogen werden kann.<\/p>\n<p>Der Mindestinhalt des \u00dcberwachungsplans ist in Anlage 1 und des vereinfachten \u00dcberwachungsplans in Anlage 2 des Referentenentwurfs zu finden.<\/p>\n<p>Bei den Methoden zur Ermittlung von Brennstoffemissionen k\u00f6nnen nun auch folgende Punkte zur rechnerischen Ermittlung der im Kalenderjahr in Verkehr gebrachten Brennstoffe und deren Brennstoffemissionen herangezogen werden:<\/p>\n<ol>\n<li>der Biomasseanteil nach Ma\u00dfgabe der \u00a7\u00a7 8 und 9,<\/li>\n<li>der Anteil fl\u00fcssiger oder gasf\u00f6rmiger erneuerbarer Brennstoffe nicht-biogenen Ursprungs nach Ma\u00dfgabe des \u00a7 10,<\/li>\n<li>der Anteil dauerhaft eingebundener Brennstoffemissionen nach Ma\u00dfgabe des \u00a7 11 sowie<\/li>\n<li>abzugsf\u00e4hige Mengen zur Vermeidung\n<ol style=\"list-style-type: lower-alpha;\">\n<li>einer Doppelerfassung nach Ma\u00dfgabe des \u00a7 16 oder<\/li>\n<li>einer Doppelbelastung nach Ma\u00dfgabe des \u00a7 17<\/li>\n<\/ol>\n<\/li>\n<\/ol>\n<h3>Eine Anpassung der Berechnungsfaktoren erfolgte ebenfalls.<\/h3>\n<p>Im Fall der individuellen Ermittlung ist die gew\u00e4hlte Methode im \u00dcberwachungsplan zu beschreiben und dessen Eignung f\u00fcr den jeweiligen Brennstoff zu begr\u00fcnden.<\/p>\n<p>Im 4. Teil der Anlage erfolgte zudem eine Anpassung der bisher enthaltenen heizwertbezogener Emissionsfaktoren und Eintragungen neuer Brennstoffe.<\/p>\n<p>Ab Nummer 9 in den Tabellen sind alle berichtspflichtigen Brennstoffe aufgef\u00fchrt.<\/p>\n<p>Hier haben jegliche Art von Kohlenstoffen in Form von Kohle Einzug erhalten, aber auch Abf\u00e4lle wie Restabfall, Sperrm\u00fcll oder Kl\u00e4rschlamm.<\/p>\n<p>Zusammenfassend kann gesagt werden, dass die wesentlichen \u00c4nderungen des Gesetzes welche im Referentenentwurf vorgesehen sind, sich mit der Einf\u00fchrung eines vereinfachten \u00dcberwachungsplans, neue Methoden zur Ermittlung von Brennstoffemissionen und neue berichtspflichtige Brennstoffe befassen. [2]<\/p>\n<p>Ob die \u00c4nderungen vom Bundestag jedoch so bewilligt werden, steht noch aus.<\/p>\n<p>&nbsp;<\/p>\n<h3><strong><a href=\"https:\/\/gallehr.flei.dev\/\" target=\"_blank\" rel=\"noopener\">GALLEHR+PARTNER<sup>\u00ae<\/sup><\/a> ist seit 2007 der <a href=\"https:\/\/gallehr.flei.dev\/leistungen\/\" target=\"_blank\" rel=\"noopener\">erfahrene Lotse<\/a> f\u00fcr die Wirtschaft auf dem Weg zur CO<sub>2<\/sub>-Neutralit\u00e4t. Zu den Kunden von GALLEHR+PARTNER<sup>\u00ae<\/sup> geh\u00f6rt eine Vielzahl national und international renommierter Unternehmen. <\/strong><\/h3>\n<h3><strong>Diese ber\u00e4t und unterst\u00fctzt GALLEHR+PARTNER<sup>\u00ae<\/sup> teilweise bis zur vollst\u00e4ndigen eigenverantwortlichen \u00dcbernahme relevanter Prozesse inkl. bei <a href=\"https:\/\/gallehr.flei.dev\/leistungen\/verpflichtender-emissionshandel-eu-und-de\/\" target=\"_blank\" rel=\"noopener\">Fragen<\/a> rund um das Thema Emissionsberichterstattung, Transformationskonzepte und Carbon Footprint. <\/strong><\/h3>\n<h3><strong>Unsere Kanzleiempfehlung: <a href=\"https:\/\/ritter-gent.de\/\">Ritter Gent Collegen<\/a>. Diese steht Ihnen bei rechtlichen Fragen rund um die Neuerungen des BEHG\u00b4s und den bestehenden Regelungen zur Verf\u00fcgung.\u00a0 <\/strong><strong>Sie bieten Ihnen <a href=\"https:\/\/portal.rgc-manager.de\/events\">Webinare<\/a> und aktuelle <a href=\"https:\/\/rgc-manager.de\/news\/\">News<\/a> in allen wichtigen Bereichen des BEHG\u00b4s.<br \/>\n<\/strong><\/h3>\n<h2><\/h2>\n<h3><strong>\u00a0<\/strong><\/h3>\n<h3><\/h3>\n<h3><strong>Folgende T\u00e4tigkeiten f\u00fchren wir in diesem Umfeld gerne f\u00fcr Sie durch:<\/strong><\/h3>\n<ul>\n<li><a href=\"https:\/\/gallehr.flei.dev\/leistungen\/\">Beantragung und Verwaltung von F\u00f6rdermitteln<\/a><\/li>\n<li><a href=\"https:\/\/gallehr.flei.dev\/leistungen\/klima-und-csr-strategie\/\">Erstellung von f\u00f6rderf\u00e4higen Transformationskonzepten inkl. Zielentwicklung, Strategieentwicklung und Managementberatung zur wirksamen Zielerreichung<\/a><\/li>\n<li><a href=\"https:\/\/gallehr.flei.dev\/leistungen\/managementsysteme\/\">Entwicklung, Einf\u00fchrung und Betrieb von Energie-, Umwelt- und Klimamanagementsystemen<\/a><\/li>\n<li><a href=\"https:\/\/gallehr.flei.dev\/leistungen\/carbon-footprint\/\" target=\"_blank\" rel=\"noopener\">Erstellung von Carbon Footprints<\/a><\/li>\n<\/ul>\n<p>&nbsp;<\/p>\n<p>&nbsp;<\/p>\n<p>&nbsp;<\/p>\n<p>&nbsp;<\/p>\n<p>&nbsp;<\/p>\n<p>Quellen<\/p>\n<p><a href=\"https:\/\/www.bmwk.de\/Redaktion\/DE\/Artikel\/Service\/Gesetzesvorhaben\/entwurf-einer-verordnung-ueber-die-emissionsberichterstattung-nach-dem-brennstoffemissionshandelsgesetz-fuer-die-jahre-2023-bis-2030.html\">[1] Entwurf einer Verordnung \u00fcber die Emissionsberichterstattung nach dem Brennstoffemissionshandelsgesetz f\u00fcr die Jahre 2023 bis 2030 (Emissionsberichterstattungsverordnung 2030 \u2013 EBeV 2030)<\/a><\/p>\n<p>[2] <a href=\"https:\/\/www.gesetze-im-internet.de\/ebev_2022\/BJNR301600020.html\">Verordnung \u00fcber die Emissionsberichterstattung nach dem Brennstoffemissionshandelsgesetz f\u00fcr die Jahre 2021 und 2022<\/a><\/p>\n","protected":false},"excerpt":{"rendered":"<p>Was f\u00fcr \u00c4nderungen kommen auf uns zu laut dem Entwurf der Verordnung \u00fcber Emissionsberichterstattung nach dem Brennstoffemissionshandelsgesetz? Der Entwurf \u00fcber [&hellip;]<\/p>\n","protected":false},"author":2,"featured_media":0,"comment_status":"closed","ping_status":"closed","sticky":false,"template":"","format":"standard","meta":{"footnotes":""},"categories":[180,178],"tags":[],"class_list":["post-85715","post","type-post","status-publish","format-standard","hentry","category-news","category-archiv"],"_links":{"self":[{"href":"https:\/\/gallehr.flei.dev\/de\/wp-json\/wp\/v2\/posts\/85715","targetHints":{"allow":["GET"]}}],"collection":[{"href":"https:\/\/gallehr.flei.dev\/de\/wp-json\/wp\/v2\/posts"}],"about":[{"href":"https:\/\/gallehr.flei.dev\/de\/wp-json\/wp\/v2\/types\/post"}],"author":[{"embeddable":true,"href":"https:\/\/gallehr.flei.dev\/de\/wp-json\/wp\/v2\/users\/2"}],"replies":[{"embeddable":true,"href":"https:\/\/gallehr.flei.dev\/de\/wp-json\/wp\/v2\/comments?post=85715"}],"version-history":[{"count":0,"href":"https:\/\/gallehr.flei.dev\/de\/wp-json\/wp\/v2\/posts\/85715\/revisions"}],"wp:attachment":[{"href":"https:\/\/gallehr.flei.dev\/de\/wp-json\/wp\/v2\/media?parent=85715"}],"wp:term":[{"taxonomy":"category","embeddable":true,"href":"https:\/\/gallehr.flei.dev\/de\/wp-json\/wp\/v2\/categories?post=85715"},{"taxonomy":"post_tag","embeddable":true,"href":"https:\/\/gallehr.flei.dev\/de\/wp-json\/wp\/v2\/tags?post=85715"}],"curies":[{"name":"wp","href":"https:\/\/api.w.org\/{rel}","templated":true}]}}