{"id":85822,"date":"2022-12-02T14:16:45","date_gmt":"2022-12-02T13:16:45","guid":{"rendered":"https:\/\/hostsharing.gallehr.de\/?p=85822"},"modified":"2025-11-17T17:15:03","modified_gmt":"2025-11-17T16:15:03","slug":"vorschlag-fuer-zertifizierungsrahmen-von-co2-entnahme","status":"publish","type":"post","link":"https:\/\/gallehr.flei.dev\/de\/vorschlag-fuer-zertifizierungsrahmen-von-co2-entnahme\/","title":{"rendered":"EU-Kommission: Vorschlag f\u00fcr Zertifizierungsrahmen von CO<sub>2<\/sub>-Entnahme"},"content":{"rendered":"<h1>EU-Vorschlag f\u00fcr Zertifizierungsrahmen von nat\u00fcrlicher und technischer CO\u2082-Entnahme<\/h1>\n<p><span style=\"font-size: 12pt;\">Die EU-Kommission hat mit dem 30.11.2022 einen Vorschlag zur zuverl\u00e4ssigen <a href=\"https:\/\/ec.europa.eu\/commission\/presscorner\/detail\/de\/ip_22_7156\" target=\"_blank\" rel=\"noopener\">Zertifizierung von CO\u2082-Entnahme-Technologien<\/a> ver\u00f6ffentlicht. Relevant ist der Zertifizierungsrahmen durch die daraus hervorgehende M\u00f6glichkeit der Quantifizierung, der Transparenzsteigerung sowie der Verbesserung der F\u00f6rderm\u00f6glichkeit von innovativen L\u00f6sungen zur CO\u2082-Entnahme. Zus\u00e4tzlich entsteht eine verifizierbare Basis, die Potenziale der CO\u2082-Entnahme-Technologien sich an den Klimazielen anrechnen lassen zu k\u00f6nnen. Verdeutlicht wird dies durch die <a href=\"https:\/\/ec.europa.eu\/commission\/presscorner\/detail\/de\/ip_22_7156\" target=\"_blank\" rel=\"noopener\">Pressemitteilung<\/a> der EU-Kommission: &#8222;Dieser Vorschlag ist von entscheidender Bedeutung, [&#8230;], bis 2050 zum ersten klimaneutralen Kontinent der Welt zu werden.&#8220;\u00a0<\/span><\/p>\n<h2>Hintergrund:<\/h2>\n<p><span style=\"font-size: 12pt;\">Die Zielsetzung der Europ\u00e4ischen Union, Klimaneutralit\u00e4t bis zum Jahr 2050 zu erreichen, l\u00e4uft analog zu den vertraglich eingegangenen Verbindlichkeiten der <a href=\"https:\/\/unfccc.int\/sites\/default\/files\/english_paris_agreement.pdf\" target=\"_blank\" rel=\"noopener\">21. Klimakonferenz von Paris (2015)<\/a>. Ausgehend davon ist das Ziel, eine temperaturbedingte Beschr\u00e4nkung der durchschnittlichen globalen Klimaerw\u00e4rmung auf deutlich unter 2\u00b0 C, gegen\u00fcber vorindustriellen Werten (1850-1900), einzuhalten. Daf\u00fcr notwendig ist eine Minimierung der derzeitigen Treibhausgasemissionen entlang eines vorgegebenen Emissionspfades Richtung Klimaneutralit\u00e4t. Diese Minimierung wird durch den Einsatz von konventionelle Klimaschutzma\u00dfnahmen sowie durch die Erweiterung des Europ\u00e4ischen Emissionshandels in Zukunft verfolgt. Dennoch kommunizieren belastbare Untersuchungen, wie der <a href=\"https:\/\/www.ipcc.ch\/report\/ar6\/wg1\/downloads\/report\/IPCC_AR6_WGI_SPM_final.pdf\" target=\"_blank\" rel=\"noopener\">Climate Change Report des (IPCC)<\/a>, bereits seit dem Jahr 2018, dass das Netto-Null-Ziel der EU bereits heute nur durch den Einsatz von CO\u2082-Entnahme erreicht werden kann. Dies ergibt sich zum einen aus der vergangenen unzureichenden Umsetzung von Klimaschutzma\u00dfnahmen sowie der Ber\u00fccksichtigung sogenannte &#8222;<a href=\"https:\/\/www.swp-berlin.org\/10.18449\/2020S10\/\" target=\"_blank\" rel=\"noopener\">Residualen Emissionen<\/a>&#8220; . Damit gemeint sind schwer substituierbare Restemissionen bestimmter Sektoren. Haupts\u00e4chlich sind diese dem Luftverkehr, einzelnen Industriebranchen und der Landwirtschaft zuzuschreiben. Dar\u00fcber hinaus verpflichtet die Abschlussbestimmung der <a href=\"https:\/\/unfccc.int\/sites\/default\/files\/english_paris_agreement.pdf\" target=\"_blank\" rel=\"noopener\">21. Klimakonferenz von Paris (2015)<\/a> bereits heute nach 2050 negative Emissionen zu erreichen <a href=\"https:\/\/unfccc.int\/sites\/default\/files\/english_paris_agreement.pdf\" target=\"_blank\" rel=\"noopener\">(Artikel 4.1)<\/a>.<br \/>\n<\/span><\/p>\n<p>&nbsp;<\/p>\n<p><img decoding=\"async\" class=\"aligncenter wp-image-85824\" src=\"https:\/\/gallehr.flei.dev\/wordpress\/wp-content\/uploads\/2022\/12\/Reduktionspfad-EU.png\" alt=\"\" width=\"1400\" height=\"922\" srcset=\"https:\/\/gallehr.flei.dev\/wp-content\/uploads\/2022\/12\/Reduktionspfad-EU.png 1856w, https:\/\/gallehr.flei.dev\/wp-content\/uploads\/2022\/12\/Reduktionspfad-EU-300x198.png 300w, https:\/\/gallehr.flei.dev\/wp-content\/uploads\/2022\/12\/Reduktionspfad-EU-1024x674.png 1024w, https:\/\/gallehr.flei.dev\/wp-content\/uploads\/2022\/12\/Reduktionspfad-EU-768x506.png 768w, https:\/\/gallehr.flei.dev\/wp-content\/uploads\/2022\/12\/Reduktionspfad-EU-1536x1011.png 1536w, https:\/\/gallehr.flei.dev\/wp-content\/uploads\/2022\/12\/Reduktionspfad-EU-350x230.png 350w\" sizes=\"(max-width: 1400px) 100vw, 1400px\" \/><\/p>\n<p>&nbsp;<\/p>\n<h2>Transparenz und Glaubw\u00fcrdigkeit des Zertifizierungsverfahrens<\/h2>\n<p><span style=\"font-size: 12pt;\">Der vorgeschlagene Zertifizierungsrahmen basiert auf den sogenannten vier <a href=\"https:\/\/ec.europa.eu\/commission\/presscorner\/detail\/de\/qanda_22_7159\" target=\"_blank\" rel=\"noopener\">QUALITY-Kriterien<\/a>, welche auf Vorschriften und Regeln basieren, um m\u00f6glichen &#8222;Greenwashing&#8220; &#8211; Aspekte und\/oder \u00e4hnlichen Thematiken vorzugreifen. <\/span><\/p>\n<ol>\n<li><span style=\"font-size: 12pt;\"><span style=\"font-size: 12pt;\"><span style=\"font-size: 12pt;\"><strong>Quantifizierung<\/strong>: Die T\u00e4tigkeiten zur CO\u2082-Entnahme m\u00fcssen genau gemessen werden und eindeutige Vorteile f\u00fcr das Klima bringen.<\/span><\/span><\/span><\/li>\n<li><span style=\"font-size: 12pt;\"><span style=\"font-size: 12pt;\"><span style=\"font-size: 12pt;\"><strong>Additionality<\/strong> (Zus\u00e4tzlichkeit): Ma\u00dfnahmen zur CO\u2082-Entnahme m\u00fcssen \u00fcber die bestehenden Verfahren und die gesetzlich vorgeschriebenen Ma\u00dfnahmen hinausgehen.<\/span><\/span><\/span><\/li>\n<li><span style=\"font-size: 12pt;\"><span style=\"font-size: 12pt;\"><span style=\"font-size: 12pt;\"><strong>Langfristige Speicherung<\/strong>: Die Zertifikate sind an die Dauer der CO\u2082-Speicherung gekn\u00fcpft, um eine dauerhafte Speicherung zu gew\u00e4hrleisten.<\/span><\/span><\/span><\/li>\n<li><span style=\"font-size: 12pt;\"><strong>Sustainability<\/strong> (Nachhaltigkeit): Ma\u00dfnahmen zur CO\u2082-Entnahme m\u00fcssen die Nachhaltigkeitsziele in Bereichen wie Anpassung an den Klimawandel, Kreislaufwirtschaft, Wasser- und Meeresressourcen sowie biologische Vielfalt wahren.<\/span><\/li>\n<\/ol>\n<h2>Arten der CO\u2082-Entnahme<\/h2>\n<p><span style=\"font-size: 12pt;\">Das vorgeschlagene <a href=\"https:\/\/ec.europa.eu\/commission\/presscorner\/detail\/de\/ip_22_7156\" target=\"_blank\" rel=\"noopener\">Zertifizierungsverfahren<\/a> ber\u00fccksichtigt drei verschiedene Verfahren zur <a href=\"https:\/\/static.agora-energiewende.de\/fileadmin\/Projekte\/2021\/2021_04_KNDE45\/A-EW_209_KNDE2045_Zusammenfassung_DE_WEB.pdf\" target=\"_blank\" rel=\"noopener\">Entnahme von Kohlenstoff<\/a>.<\/span><\/p>\n<ol>\n<li><span style=\"font-size: 12pt;\">Dauerhafte Speicherung durch industrielle Technologien wie BECCS (Bioenergie mit CO\u2082-Abscheidung und -Speicherung) oder DACCS (direkte CO\u2082-Abscheidung aus der Luft und -Speicherung). Relevant hierbei ist die Speicherung in stabiler Form.<\/span><\/li>\n<li><span style=\"font-size: 12pt;\"><span style=\"font-size: 12pt;\">Klimaeffiziente Landwirtschaft beinhaltet das Potenzial, die CO\u2082-Speicherung in B\u00f6den und W\u00e4ldern zu verbessern. Beispielsweise sind ungehobene Potenziale in der Agroforstwirtschaft, der Wiederherstellung von W\u00e4ldern, der angepassten Bodenbewirtschaftung vorhanden. Ebenfalls stellt die Wiederherstellung von Torffl\u00e4chen eine nat\u00fcrliche Weise dar, CO\u2082 auf Landfl\u00e4chen zu speichern. Zur Verdeutlichung sch\u00e4tzt die EU-Kommission dem LULUCF-Sektor ein netto Entnahmepotenzial von 310 Mio. t CO\u2082 p.a. zu.<\/span><\/span><\/li>\n<li><span style=\"font-size: 12pt;\">Atmosph\u00e4risches CO\u2082, welches durch nat\u00fcrliche oder technische Abscheidung in Produkten gebunden wird, ist durch den Zertifizierungsrahmen abgedeckt. Jedoch erfolgt hierbei die Abgrenzung zwischen der Entnahme von atmosph\u00e4rischem CO\u2082 und fossilem CO\u2082.\u00a0 <\/span><\/li>\n<\/ol>\n<h2>Folgen eines belastbaren Zertifizierungsrahmen<\/h2>\n<p><span style=\"font-size: 12pt;\">Anhand eines belastbaren Zertifizierungsrahmen er\u00f6ffnet die EU-Kommission CO\u2082-Entnahme-Technologien einen neuen Markt zur Finanzierung von Forschung und Entwicklung. Bis zu Ver\u00f6ffentlichung des Vorschlags zur Zertifizierung von CO\u2082-Entnahme-M\u00f6glichkeiten l\u00e4sst sich die These aufstellen, dass diese Technologien keinen Zugang zu einem Markt f\u00fcr langfristigen Schulden hatten. Auf Basis eines belastbaren Zertifizierungsrahmen w\u00fcrde sich dies grundlegend \u00e4ndern. Zus\u00e4tzlich ist aus wirtschaftswissenschaftlicher Sichtweise bekannt, dass die <a href=\"https:\/\/discovery.ucl.ac.uk\/id\/eprint\/1553082\/1\/Mazzucato_grw036.pdf\" target=\"_blank\" rel=\"noopener\">zuk\u00fcnftigen Markteintrittskosten<\/a> jeglicher Entwicklungs-Technologien stark von ihren vorherigen Finanzierungskosten abh\u00e4ngig sind.<br \/>\nDemgegen\u00fcber ist zu betonen, dass die vorgeschlagenen CO\u2082-Entnahmezertifikate nicht mit den <a href=\"https:\/\/www.ifw-kiel.de\/de\/publikationen\/policy-papers\/negative-emissionen-im-europaeischen-emissionshandelssystem-0\/\" target=\"_blank\" rel=\"noopener\">Emissionsberechtigungen des EU-Emissionshandelssystem (EU-ETS)<\/a> zu vergleichen sind. Es wird zuk\u00fcnftig nicht m\u00f6glich sein, die zertifizierte CO\u2082-Entnahme f\u00fcr die Einhaltung der Verpflichtungen aus dem EU-Emissionshandelssystem anzuwenden.<\/span><\/p>\n<p>&nbsp;<\/p>\n<h4><strong>GALLEHR+PARTNER<sup>\u00ae<\/sup> hat sich mit dem Anspruch Lotse f\u00fcr die Industrie in eine wettbewerbsf\u00e4hige und klimafreundliche Zukunft zu sein, als ein f\u00fchrender Anbieter von <a href=\"https:\/\/gallehr.flei.dev\/leistungen\/\">Klimaschutz-, Energieeffizienz- und nachhaltigen Energiebeschaffungs-Dienstleistungen<\/a> etablieren k\u00f6nnen. <\/strong><\/h4>\n<h3><strong>Folgende weitere T\u00e4tigkeiten f\u00fchren wir in diesem Umfeld gerne f\u00fcr Sie durch:<\/strong><\/h3>\n<ul>\n<li><a href=\"https:\/\/gallehr.flei.dev\/leistungen\/\" target=\"_blank\" rel=\"noopener\">Beantragung und Verwaltung von F\u00f6rdermitteln<\/a><\/li>\n<li><a href=\"https:\/\/gallehr.flei.dev\/leistungen\/klima-und-csr-strategie\/\" target=\"_blank\" rel=\"noopener\">Erstellung von f\u00f6rderf\u00e4higen Transformationskonzepten inkl. Zielentwicklung, Strategieentwicklung und Managementberatung zur wirksamen Zielerreichung<\/a><\/li>\n<li><a href=\"https:\/\/gallehr.flei.dev\/leistungen\/managementsysteme\/\" target=\"_blank\" rel=\"noopener\">Entwicklung, Einf\u00fchrung und Betrieb von Energie-, Umwelt- und Klimamanagementsystemen<\/a><\/li>\n<li><a href=\"https:\/\/gallehr.flei.dev\/leistungen\/carbon-footprint\/\" target=\"_blank\" rel=\"noopener\">Erstellung von Carbon Footprints<\/a><\/li>\n<\/ul>\n","protected":false},"excerpt":{"rendered":"<p>EU-Vorschlag f\u00fcr Zertifizierungsrahmen von nat\u00fcrlicher und technischer CO\u2082-Entnahme Die EU-Kommission hat mit dem 30.11.2022 einen Vorschlag zur zuverl\u00e4ssigen Zertifizierung von [&hellip;]<\/p>\n","protected":false},"author":17,"featured_media":0,"comment_status":"closed","ping_status":"closed","sticky":false,"template":"","format":"standard","meta":{"footnotes":""},"categories":[180,178],"tags":[],"class_list":["post-85822","post","type-post","status-publish","format-standard","hentry","category-news","category-archiv"],"_links":{"self":[{"href":"https:\/\/gallehr.flei.dev\/de\/wp-json\/wp\/v2\/posts\/85822","targetHints":{"allow":["GET"]}}],"collection":[{"href":"https:\/\/gallehr.flei.dev\/de\/wp-json\/wp\/v2\/posts"}],"about":[{"href":"https:\/\/gallehr.flei.dev\/de\/wp-json\/wp\/v2\/types\/post"}],"author":[{"embeddable":true,"href":"https:\/\/gallehr.flei.dev\/de\/wp-json\/wp\/v2\/users\/17"}],"replies":[{"embeddable":true,"href":"https:\/\/gallehr.flei.dev\/de\/wp-json\/wp\/v2\/comments?post=85822"}],"version-history":[{"count":0,"href":"https:\/\/gallehr.flei.dev\/de\/wp-json\/wp\/v2\/posts\/85822\/revisions"}],"wp:attachment":[{"href":"https:\/\/gallehr.flei.dev\/de\/wp-json\/wp\/v2\/media?parent=85822"}],"wp:term":[{"taxonomy":"category","embeddable":true,"href":"https:\/\/gallehr.flei.dev\/de\/wp-json\/wp\/v2\/categories?post=85822"},{"taxonomy":"post_tag","embeddable":true,"href":"https:\/\/gallehr.flei.dev\/de\/wp-json\/wp\/v2\/tags?post=85822"}],"curies":[{"name":"wp","href":"https:\/\/api.w.org\/{rel}","templated":true}]}}