{"id":85831,"date":"2022-12-13T17:38:20","date_gmt":"2022-12-13T16:38:20","guid":{"rendered":"https:\/\/hostsharing.gallehr.de\/?p=85831"},"modified":"2022-12-13T18:12:36","modified_gmt":"2022-12-13T17:12:36","slug":"europaeischen-union-billigt-eu-richtlinie-zur-nachhaltigkeitsberichterstattung","status":"publish","type":"post","link":"https:\/\/gallehr.flei.dev\/de\/europaeischen-union-billigt-eu-richtlinie-zur-nachhaltigkeitsberichterstattung\/","title":{"rendered":"Rat der Europ\u00e4ischen Union billigt EU-Richtlinie zur Nachhaltigkeitsberichterstattung"},"content":{"rendered":"<h2>EU-Richtlinie zur Nachhaltigkeitsberichterstattung (Corporate Sustainability Reporting Directive \u2013 CSRD)<\/h2>\n<p><span style=\"font-size: 12pt;\">Der Europ\u00e4ische Rat hat die Richtlinie zur zuk\u00fcnftigen Nachhaltigkeitsberichterstattung von Unternehmen final gebilligt. Damit bleibt nur noch die Ver\u00f6ffentlichung der <a href=\"https:\/\/www.csr-berichtspflicht.de\/csrd\" target=\"_blank\" rel=\"noopener\">Corporate Sustainability Reporting Directive<\/a> im Amtsblatt der Europ\u00e4ischen Union abzuwarten. Die neue CSRD-Richtlinie steht in Verbindung mit den <a href=\"https:\/\/www.europarl.europa.eu\/news\/en\/press-room\/20221107IPR49611\/sustainable-economy-parliament-adopts-new-reporting-rules-for-multinationals\">European Sustainability Reporting Standards &#8211; ESRS<\/a> und beinhaltet Verpflichtungen f\u00fcr Unternehmen, zuk\u00fcnftig verst\u00e4rkt Nachhaltigkeitsaspekte in ihre Rechnungslegung und Unternehmenspolitik zu ver\u00f6ffentlichen. Infolgedessen leitet die CSRD-Richtlinie eine neue \u00c4ra der Nachhaltigkeitsberichterstattung ein, wobei zuk\u00fcnftig die &#8222;nicht-finanzielle&#8220; und &#8222;finanzielle&#8220; Berichterstattung gleichzustellen ist. Der <a href=\"https:\/\/www.consilium.europa.eu\/de\/press\/press-releases\/2022\/11\/28\/council-gives-final-green-light-to-corporate-sustainability-reporting-directive\/\" target=\"_blank\" rel=\"noopener\">tschechische Minister f\u00fcr Industrie und Handel, Jozef S\u00edkela<\/a> verdeutlicht dies durch folgende Aussage. &#8222;Durch die neuen Vorschriften werden mehr Unternehmen f\u00fcr ihre Auswirkungen auf die Gesellschaft rechenschaftspflichtig sein [&#8230;]. Daten \u00fcber den \u00f6kologischen und gesellschaftlichen Fu\u00dfabdruck werden f\u00fcr alle, die sich daf\u00fcr interessieren, \u00f6ffentlich zug\u00e4nglich sein.&#8220; Nach einer <a href=\"https:\/\/www.drsc.de\/news\/drsc-call-for-integrated-reporting-option\/\" target=\"_blank\" rel=\"noopener\">Sch\u00e4tzung des DRSC<\/a> erh\u00f6ht sich die Anzahl der berichtspflichtigen Unternehmen in Deutschland von derzeit 500 auf ca. 15.000 Unternehmen.<br \/>\n<\/span><\/p>\n<h2>Anwendungshintergrund der zuk\u00fcnftigen Nachhaltigkeitsberichterstattung<\/h2>\n<p><span style=\"font-size: 12pt;\">Die CSRD-Richtlinie steht unter der Pr\u00e4misse, einen <a href=\"https:\/\/www.consilium.europa.eu\/de\/press\/press-releases\/2022\/06\/21\/new-rules-on-sustainability-disclosure-provisional-agreement-between-council-and-european-parliament\/\" target=\"_blank\" rel=\"noopener\">neuen Standard der Berichtserstattung<\/a> f\u00fcr Sustainability- und Klimaschutz-Thematiken zu setzen. Dabei setzt die Europ\u00e4ische Union das Ziel, die Rechenschaftspflicht von Unternehmen zu erh\u00f6hen, divergierende Nachhaltigkeitstandards zu verhindern und den \u00dcbergang zu einer nachhaltigen Wirtschaft zu erleichtern. Entsprechend verpflichtet die<a href=\"https:\/\/data.consilium.europa.eu\/doc\/document\/ST-6292-2022-INIT\/de\/pdf\" target=\"_blank\" rel=\"noopener\"> CSRD-Richtlinie<\/a> zuk\u00fcnftig gro\u00dfe Unternehmen und KMU&#8217;s unabh\u00e4ngig von ihrer Kapitalmarktorientierung zur detaillierten Berichterstattung \u00fcber die Auswirkungen des Unternehmens auf die Umwelt, die Menschenrechte und die Sozialstandards. Insoweit betroffene Unternehmen zur Berichterstattung verpflichtet sind, ist zuk\u00fcnftig ein <a href=\"https:\/\/data.consilium.europa.eu\/doc\/document\/ST-6292-2022-INIT\/de\/pdf\" target=\"_blank\" rel=\"noopener\">Sustainability Statement<\/a> im Lagebericht des Unternehmens zu ver\u00f6ffentlichen. Richtigerweise sind nichteurop\u00e4ische Unternehmen ebenfalls zur Vorlage eines Nachhaltigkeitsberichts verpflichtet. Folglich gilt die <a href=\"https:\/\/data.consilium.europa.eu\/doc\/document\/ST-6292-2022-INIT\/de\/pdf\" target=\"_blank\" rel=\"noopener\">CSRD-Richtlinie<\/a> f\u00fcr Unternehmen ab einem Nettoumsatz von 150 Millionen \u20ac. Jedoch f\u00fcr nichteurop\u00e4ische Unternehmen auch, sobald mindestens eine Tochtergesellschaft oder Zweigniederlassung im EU-Binnenmarkt t\u00e4tig ist. Die CSRD-Richtlinie ist Teil eines gro\u00dfen Nachhaltigkeitspaktes im Finanzbereich und l\u00f6st die bisherige <a href=\"https:\/\/eur-lex.europa.eu\/legal-content\/EN\/TXT\/?uri=CELEX%3A32014L0095\" target=\"_blank\" rel=\"noopener\">Non-Financial Reporting Richtlinie (NFRD)<\/a> ab.<br \/>\n<\/span><\/p>\n<h2>Anwendungszeitpunkt<\/h2>\n<ul>\n<li><span style=\"font-size: 12pt;\">Unternehmen, die bereits durch die NFRD-Richtlinie \u00fcber nicht finanzieller Informationen berichten, werden ab dem Jahr 2025 \u00fcber das Gesch\u00e4ftsjahr 2024 Bericht erstatten m\u00fcssen. <\/span><\/li>\n<li><span style=\"font-size: 12pt;\">G<\/span><span style=\"font-size: 12pt;\">ro\u00dfe Unternehmen, die derzeit nicht der Richtlinie \u00fcber die Angabe nicht finanzieller Informationen unterliegen, sind verpflichtet, ab dem Jahr 2026 \u00fcber das Gesch\u00e4ftsjahr 2025 Bericht zu erstatten.<\/span><\/li>\n<li><span style=\"font-size: 12pt;\">Ebenfalls verpflichtet die neue CSRD b\u00f6rsennotierte KMU (mit Ausnahme von Kleinstunternehmen), kleine und nicht komplexe Kreditinstitute und firmeneigene Versicherungsunternehmen zur r\u00fcckwirkenden Berichtspflicht ab dem Jahr 2027.<\/span><\/li>\n<li><span style=\"font-size: 12pt;\">Unternehmen aus Drittl\u00e4ndern mit einem Nettoumsatz von \u00fcber 150 Millionen EUR in der EU werden im Jahr 2029 \u00fcber das Gesch\u00e4ftsjahr 2028 Bericht erstatten.<\/span><\/li>\n<\/ul>\n<h2>Einfluss auf ESG-Reporting<\/h2>\n<p><span style=\"font-size: 12pt;\">Die neue <a href=\"https:\/\/data.consilium.europa.eu\/doc\/document\/ST-6292-2022-INIT\/de\/pdf\" target=\"_blank\" rel=\"noopener\">CSRD-Richtlinie der Europ\u00e4ischen Union<\/a> basiert auf den bereits bestehende Anforderungen des derzeitigen <a href=\"https:\/\/www2.deloitte.com\/de\/de\/pages\/audit\/articles\/esg-reporting.html\" target=\"_blank\" rel=\"noopener\">ESG-Reportings<\/a> und entwickelt diese weiter. Thematisch gilt auch weiterhin der Bezug auf die bereits bekannten ESG-Kriterien &#8222;Environment, Social und Governance&#8220;. Jedoch ver\u00e4ndert die neue CSRD-Richtlinie durch die Vorgabe von <a href=\"https:\/\/www.roedl.de\/themen\/esg-news\/2022-12\/meilenstein-harmonisierung-nachhaltigkeitsberichterstattung-efrag-finale-entwuerfe-esrs\" target=\"_blank\" rel=\"noopener\">vordefinierten Querschnitt-Standards<\/a> innerhalb der ESG-Themengebiete, welche spezifischen Thematiken in der zuk\u00fcnftigen Berichterstattung zu adressieren sind. Dar\u00fcber hinaus bleibt die Ver\u00f6ffentlichung einer zweiten Reihe von Berichtsstandards bis Mitte 2023 abzuwarten, welche sektorspezifische Informationsstandards festlegen wird. Dahinter ist der Sachverhalt zu verstehen, die \u00f6kologischen, sozialen und Governance-Auswirkungen der betroffenen Unternehmen \u00fcber die gesamte Wertsch\u00f6pfungskette abzubilden. <\/span><\/p>\n<p><span style=\"font-size: 12pt;\">Die bereits im Jahr 2019 eingef\u00fchrte Berichterstattung nach dem Prinzip der &#8222;<a href=\"https:\/\/www2.deloitte.com\/de\/de\/pages\/audit\/articles\/esg-reporting.html\" target=\"_blank\" rel=\"noopener\">Doppelten Wesentlichkeit<\/a>&#8220; bleibt weiterhin anzuwenden. Hierbei wird unterscheiden zwischen den Auswirkungen der T\u00e4tigkeiten des Unternehmens auf Mensch und Umwelt (\u201eInside-Out\u201c), als auch die Auswirkungen verschiedener Nachhaltigkeitsaspekte auf das Unternehmen selbst (\u201eOutside-In).<br \/>\n<\/span><\/p>\n<h4><span style=\"font-size: 12pt;\">Themenspezifische Standards der CSRD-Richtlinie<\/span><\/h4>\n<ol>\n<li><span style=\"font-size: 12pt;\"><strong>Umwelt (E = Environment)<\/strong><br \/>\n&#8211; <\/span><span style=\"font-size: 12pt;\">Klimawandel (Climate change)<\/span><br \/>\n<span style=\"font-size: 12pt;\">&#8211; Verschmutzung (Pollution)<\/span><br \/>\n<span style=\"font-size: 12pt;\">&#8211; Wasser- und Meeresressourcen (Water and marine resources)<\/span><br \/>\n<span style=\"font-size: 12pt;\">&#8211; Biodiversit\u00e4t und \u00d6kosysteme (Biodiversity and ecosystems)<\/span><br \/>\n<span style=\"font-size: 12pt;\">&#8211; Ressourcennutzung und Kreislaufwirtschaft (Resources and circular economy)<\/span><\/li>\n<li><span style=\"font-size: 12pt;\"><strong>Soziales (S = Social)<\/strong><br \/>\n<\/span><span style=\"font-size: 12pt;\">&#8211; Eigene Besch\u00e4ftigte (Own workforce)\u00a0<\/span><br \/>\n<span style=\"font-size: 12pt;\">&#8211; Besch\u00e4ftigte in der Wertsch\u00f6pfungskette (Workers in the value chain)\u00a0<\/span><br \/>\n<span style=\"font-size: 12pt;\">&#8211; Betroffene Gruppen (Affected communities)\u00a0<\/span><br \/>\n<span style=\"font-size: 12pt;\">&#8211; Konsumenten und Endkunden (Customers and end-users) <\/span><\/li>\n<li><span style=\"font-size: 12pt;\"><strong>Un\u00adternehmensf\u00fchrung (G = Governance)<\/strong><br \/>\n<\/span><span style=\"font-size: 12pt;\">&#8211; Gesch\u00e4ftsverhalten (Business conduct)\u00a0<\/span><\/li>\n<\/ol>\n<p><span style=\"font-size: 12pt;\">\u00a0<\/span><\/p>\n<h4><strong>GALLEHR+PARTNER<sup>\u00ae<\/sup> hat sich mit dem Anspruch Lotse f\u00fcr die Industrie in eine wettbewerbsf\u00e4hige und klimafreundliche Zukunft zu sein, als ein f\u00fchrender Anbieter von <a href=\"https:\/\/gallehr.flei.dev\/leistungen\/\">Klimaschutz-, Energieeffizienz- und nachhaltigen Energiebeschaffungs-Dienstleistungen<\/a> etablieren k\u00f6nnen. <\/strong><\/h4>\n<h3><strong>Folgende weitere T\u00e4tigkeiten f\u00fchren wir in diesem Umfeld gerne f\u00fcr Sie durch:<\/strong><\/h3>\n<ul>\n<li><a href=\"https:\/\/gallehr.flei.dev\/leistungen\/\" target=\"_blank\" rel=\"noopener\">Beantragung und Verwaltung von F\u00f6rdermitteln<\/a><\/li>\n<li><a href=\"https:\/\/gallehr.flei.dev\/leistungen\/klima-und-csr-strategie\/\" target=\"_blank\" rel=\"noopener\">Erstellung von f\u00f6rderf\u00e4higen Transformationskonzepten inkl. Zielentwicklung, Strategieentwicklung und Managementberatung zur wirksamen Zielerreichung<\/a><\/li>\n<li><a href=\"https:\/\/gallehr.flei.dev\/leistungen\/managementsysteme\/\" target=\"_blank\" rel=\"noopener\">Entwicklung, Einf\u00fchrung und Betrieb von Energie-, Umwelt- und Klimamanagementsystemen<\/a><\/li>\n<li><a href=\"https:\/\/gallehr.flei.dev\/leistungen\/carbon-footprint\/\" target=\"_blank\" rel=\"noopener\">Erstellung von Carbon Footprints<\/a><\/li>\n<\/ul>\n","protected":false},"excerpt":{"rendered":"<p>EU-Richtlinie zur Nachhaltigkeitsberichterstattung (Corporate Sustainability Reporting Directive \u2013 CSRD) Der Europ\u00e4ische Rat hat die Richtlinie zur zuk\u00fcnftigen Nachhaltigkeitsberichterstattung von Unternehmen [&hellip;]<\/p>\n","protected":false},"author":17,"featured_media":0,"comment_status":"closed","ping_status":"closed","sticky":false,"template":"","format":"standard","meta":{"footnotes":""},"categories":[180,178],"tags":[721,722,723,724,725,726,727],"class_list":["post-85831","post","type-post","status-publish","format-standard","hentry","category-news","category-archiv","tag-nachhaltigkeitsberichterstattung","tag-corporate-sustainability-reporting-directive","tag-european-sustainability-reporting-standards-esrs","tag-csrd-richtlinie","tag-esg-reporting","tag-sustainability-statement","tag-nicht-finanzielle-berichterstattung"],"_links":{"self":[{"href":"https:\/\/gallehr.flei.dev\/de\/wp-json\/wp\/v2\/posts\/85831","targetHints":{"allow":["GET"]}}],"collection":[{"href":"https:\/\/gallehr.flei.dev\/de\/wp-json\/wp\/v2\/posts"}],"about":[{"href":"https:\/\/gallehr.flei.dev\/de\/wp-json\/wp\/v2\/types\/post"}],"author":[{"embeddable":true,"href":"https:\/\/gallehr.flei.dev\/de\/wp-json\/wp\/v2\/users\/17"}],"replies":[{"embeddable":true,"href":"https:\/\/gallehr.flei.dev\/de\/wp-json\/wp\/v2\/comments?post=85831"}],"version-history":[{"count":0,"href":"https:\/\/gallehr.flei.dev\/de\/wp-json\/wp\/v2\/posts\/85831\/revisions"}],"wp:attachment":[{"href":"https:\/\/gallehr.flei.dev\/de\/wp-json\/wp\/v2\/media?parent=85831"}],"wp:term":[{"taxonomy":"category","embeddable":true,"href":"https:\/\/gallehr.flei.dev\/de\/wp-json\/wp\/v2\/categories?post=85831"},{"taxonomy":"post_tag","embeddable":true,"href":"https:\/\/gallehr.flei.dev\/de\/wp-json\/wp\/v2\/tags?post=85831"}],"curies":[{"name":"wp","href":"https:\/\/api.w.org\/{rel}","templated":true}]}}