{"id":85852,"date":"2022-12-20T17:26:30","date_gmt":"2022-12-20T16:26:30","guid":{"rendered":"https:\/\/hostsharing.gallehr.de\/?p=85852"},"modified":"2025-11-17T17:13:57","modified_gmt":"2025-11-17T16:13:57","slug":"eu-trilog-verhandlungen","status":"publish","type":"post","link":"https:\/\/gallehr.flei.dev\/de\/eu-trilog-verhandlungen\/","title":{"rendered":"Ergebnisse der EU-Trilog-Verhandlungen vom 18.12.2022"},"content":{"rendered":"<h1><strong>Revision des europ\u00e4ischen Emissionshandels im Kontext von Fit for 55<\/strong><\/h1>\n<h2><b>Status der Umsetzung der Revision des EU-ETS<\/b><\/h2>\n<p><span style=\"font-family: arial, helvetica, sans-serif;\"><span style=\"font-size: 16px;\">Ausgehend durch die abgeschlossenen EU-Trilog-Verhandlungen zwischen der <a href=\"https:\/\/commission.europa.eu\/index_de\" target=\"_blank\" rel=\"noopener\">EU-Kommission<\/a>, des <a href=\"https:\/\/www.europarl.europa.eu\/portal\/de\" target=\"_blank\" rel=\"noopener\">EU-Parlamentes<\/a> sowie des <a href=\"https:\/\/policy.trade.ec.europa.eu\/eu-trade-relationships-country-and-region\/negotiations-and-agreements_en\" target=\"_blank\" rel=\"noopener\">EU-Rates<\/a> folgen aus dem Beschluss im Rahmen von Fit for 55 zuk\u00fcnftig weitreichende \u00c4nderungen zu den Themen <a href=\"https:\/\/www.consilium.europa.eu\/en\/press\/press-releases\/2022\/12\/13\/eu-climate-action-provisional-agreement-reached-on-carbon-border-adjustment-mechanism-cbam\/\" target=\"_blank\" rel=\"noopener\">Carbon Border Adjustment Mechanism<\/a>, EU-Emissionshandel II (EU-ETS II), <a href=\"https:\/\/commission.europa.eu\/strategy-and-policy\/priorities-2019-2024\/european-green-deal\/repowereu-affordable-secure-and-sustainable-energy-europe_de\" target=\"_blank\" rel=\"noopener\">RePowerEU<\/a>, sowie der Revision des europ\u00e4ischen Emissionshandels.<\/span><\/span><\/p>\n<ul>\n<li><strong><a href=\"https:\/\/www.europarl.europa.eu\/news\/en\/press-room\/20221212IPR64527\/climate-change-deal-on-a-more-ambitious-emissions-trading-system-ets\" target=\"_blank\" rel=\"noopener\">EU-Trilog-Verhandlungen<\/a> erreichen Einigung am 18.12.2022<br \/>\n<\/strong><\/li>\n<li><strong>N\u00e4chster Schritt ist die Ausarbeitung entsprechender Gesetze und Verordnungen<\/strong><\/li>\n<\/ul>\n<figure id=\"attachment_85855\" aria-describedby=\"caption-attachment-85855\" style=\"width: 931px\" class=\"wp-caption aligncenter\"><img decoding=\"async\" class=\"wp-image-85855 size-full\" title=\"EU-Trilog-Verhandlungen\" src=\"https:\/\/gallehr.flei.dev\/wordpress\/wp-content\/uploads\/2022\/12\/Trilogue.png\" alt=\"Status der Umsetzung der Revision EUETS\" width=\"931\" height=\"204\" srcset=\"https:\/\/gallehr.flei.dev\/wp-content\/uploads\/2022\/12\/Trilogue.png 931w, https:\/\/gallehr.flei.dev\/wp-content\/uploads\/2022\/12\/Trilogue-300x66.png 300w, https:\/\/gallehr.flei.dev\/wp-content\/uploads\/2022\/12\/Trilogue-768x168.png 768w, https:\/\/gallehr.flei.dev\/wp-content\/uploads\/2022\/12\/Trilogue-350x77.png 350w\" sizes=\"(max-width: 931px) 100vw, 931px\" \/><figcaption id=\"caption-attachment-85855\" class=\"wp-caption-text\">Revision des europ\u00e4ischen Emissionshandels im Kontext von Fit for 55<\/figcaption><\/figure>\n<p>&nbsp;<\/p>\n<h2>\u00dcbersicht Ergebnisse der EU-Trilog-Verhandlungen<b><br \/>\n<\/b><\/h2>\n<p><span style=\"font-size: 12pt;\"><strong><a href=\"https:\/\/climate.ec.europa.eu\/eu-action\/eu-emissions-trading-system-eu-ets_en\" target=\"_blank\" rel=\"noopener\">Anpassung des Reduktionsziels<\/a> f\u00fcr alle im europ\u00e4ischen Emissionshandel erfassten Anlagen bis 2030 von 40 % auf 62 % im Vergleich zum Jahr 2005 Emissionen einzusparen.<\/strong><br \/>\nWeitere relevante \u00c4nderungen:<\/span><\/p>\n<ul>\n<li><strong><strong><span style=\"font-size: 12pt;\">Zus\u00e4tzliche K\u00fcrzung des Caps in zwei Schritten (Rebasing):<\/span><\/strong><\/strong>\n<ul>\n<li style=\"list-style-type: none;\">\n<ul>\n<li><span style=\"font-size: 12pt;\">2024: 90 Mio. t CO\u2082<\/span><\/li>\n<li><span style=\"font-size: 12pt;\"><span style=\"font-size: 12pt;\"><span style=\"font-size: 12pt;\">2026: 27 Mio. t CO\u2082<\/span><\/span><\/span><\/li>\n<\/ul>\n<\/li>\n<\/ul>\n<\/li>\n<li><span style=\"font-size: 12pt;\"><span style=\"font-size: 12pt;\"><strong>Erh\u00f6hung des linearen Reduktionsfaktors:<\/strong><\/span><\/span>\n<ul>\n<li style=\"list-style-type: none;\">\n<ul>\n<li><span style=\"font-size: 12pt;\">2024-2027: 4,3 %<\/span><\/li>\n<li><span style=\"font-size: 12pt;\"><span style=\"font-size: 12pt;\">2028-2030: 4,4 %<br \/>\n<\/span><\/span><\/li>\n<\/ul>\n<\/li>\n<\/ul>\n<\/li>\n<li><span style=\"font-size: 12pt;\"><strong>Zertifikatsentnahme durch Marktstabilit\u00e4tsreserve soll weiterhin 24 % betragen:<\/strong><\/span>\n<ul>\n<li style=\"list-style-type: none;\">\n<ul>\n<li>Der Grenzwert, ab dem eine Entnahme durchgef\u00fchrt wird, soll dabei 400 Mio. Zertifikate betragen.<\/li>\n<li><span style=\"font-size: 12pt;\"><span style=\"font-size: 12pt;\">Die Marktstabilit\u00e4tsreserve soll bei \u201e\u00fcberm\u00e4\u00dfigen Preisschwankungen\u201c zuk\u00fcnftig auch automatisch Zertifikate in den Markt abgeben k\u00f6nnen<\/span><\/span><\/li>\n<\/ul>\n<\/li>\n<\/ul>\n<\/li>\n<li><strong><span style=\"font-size: 12pt;\">Einbeziehung der Abfallverbrennung, voraussichtlich ab 2028:<\/span><\/strong>\n<ul>\n<li style=\"list-style-type: none;\">\n<ul>\n<li><span style=\"font-size: 12pt;\"><span style=\"font-size: 12pt;\">Nach voriger Pr\u00fcfung durch EU-Kommission bis 31.12.2026<\/span><\/span><\/li>\n<\/ul>\n<\/li>\n<\/ul>\n<\/li>\n<li><strong><span style=\"font-size: 12pt;\">Neue weitere Voraussetzungen f\u00fcr zuk\u00fcnftige kostenlose Zuteilung:<\/span><\/strong>\n<ul>\n<li style=\"list-style-type: none;\">\n<ul>\n<li><span style=\"font-size: 12pt;\">Durchf\u00fchrung von erfassten Ma\u00dfnahmen aus Energieaudits<\/span><\/li>\n<li><span style=\"font-size: 12pt;\">In bestimmten Sektoren sind Klimaneutralit\u00e4tspl\u00e4ne f\u00fcr die entsprechen Anlage ma\u00dfgeblich<\/span><\/li>\n<li><span style=\"font-size: 12pt;\">Die 20 % CO\u2082-ineffizientesten Unternehmen m\u00fcssen Dekarbonisierungskonzepte erstellen<\/span><\/li>\n<li><span style=\"font-size: 12pt;\"><span style=\"font-size: 12pt;\">Bonus-Malus-System kann bei Nichteinhaltung bis zu 20 % der Zuteilung k\u00fcrzen<\/span><\/span><\/li>\n<\/ul>\n<\/li>\n<\/ul>\n<\/li>\n<li><strong><span style=\"font-size: 12pt;\">Schrittweise Einf\u00fchrung der Compliance-Pflicht des Schifffahrtssektors:<\/span><\/strong>\n<ul>\n<li style=\"list-style-type: none;\">\n<ul>\n<li><span style=\"font-size: 12pt;\">2024: F\u00fcr 40 % der Emissionen m\u00fcssen EUAs abgegeben werden<\/span><\/li>\n<li><span style=\"font-size: 12pt;\">2025: F\u00fcr 70 % der Emissionen m\u00fcssen EUAs abgegeben werden<\/span><\/li>\n<li><span style=\"font-size: 12pt;\"><span style=\"font-size: 12pt;\">2026: F\u00fcr 100 % der Emissionen m\u00fcssen EUAs abgegeben werden<\/span><\/span><\/li>\n<\/ul>\n<\/li>\n<\/ul>\n<\/li>\n<li><strong><span style=\"font-size: 12pt;\">Aufstockung des Innovationsfonds um 575 Mio. EUA:<\/span><\/strong>\n<ul>\n<li style=\"list-style-type: none;\">\n<ul>\n<li><span style=\"font-size: 12pt;\"><span style=\"font-size: 12pt;\"> Gegenwert bei 80 \u20ac \/ EUA 46 Mrd. \u20ac plus u.U. weitere Aufstockung durch Versteigerung 1 Mrd. Zertifikate durch EU-Parlament<\/span><\/span><\/li>\n<\/ul>\n<\/li>\n<\/ul>\n<\/li>\n<li><strong><span style=\"font-size: 12pt;\">Verpflichtung der Mitgliedsstaaten 100 % der Einnahmen aus ETS in Klimama\u00dfnahmen zu investieren<\/span><\/strong><\/li>\n<\/ul>\n<h2>Carbon Border Adjustment Mechanism (CBAM)<\/h2>\n<p><strong><span style=\"font-size: 12pt;\">Auslaufen der kostenlosen Zuteilung von <a href=\"https:\/\/www.europarl.europa.eu\/news\/de\/press-room\/20221212IPR64509\/eu-einigung-uber-co2-grenzausgleichsmechanismus-cbam\" target=\"_blank\" rel=\"noopener\">CBAM<\/a> betroffenen Sektoren:<\/span><\/strong><\/p>\n<ul>\n<li style=\"list-style-type: none;\">\n<ul>\n<li><span style=\"font-size: 12pt;\">Sektoren: Zement, Aluminium, D\u00fcngemittel, Stahl und Eisen, Wasserstoff, Strom<\/span><\/li>\n<li><span style=\"font-size: 12pt;\">Schrittweise Absenkung der kostenlosen Zuteilung:<\/span><\/li>\n<\/ul>\n<\/li>\n<\/ul>\n<figure id=\"attachment_85857\" aria-describedby=\"caption-attachment-85857\" style=\"width: 674px\" class=\"wp-caption aligncenter\"><img decoding=\"async\" class=\"wp-image-85857 size-full\" title=\"EU-Trilog-Verhandlungen\" src=\"https:\/\/gallehr.flei.dev\/wordpress\/wp-content\/uploads\/2022\/12\/CBAM-kostenlose-Zuteilung.png\" alt=\"Auslaufen der kostenlosen Zuteilung von CBAM betroffenen Sektoren:\" width=\"674\" height=\"366\" srcset=\"https:\/\/gallehr.flei.dev\/wp-content\/uploads\/2022\/12\/CBAM-kostenlose-Zuteilung.png 674w, https:\/\/gallehr.flei.dev\/wp-content\/uploads\/2022\/12\/CBAM-kostenlose-Zuteilung-300x163.png 300w, https:\/\/gallehr.flei.dev\/wp-content\/uploads\/2022\/12\/CBAM-kostenlose-Zuteilung-350x190.png 350w\" sizes=\"(max-width: 674px) 100vw, 674px\" \/><figcaption id=\"caption-attachment-85857\" class=\"wp-caption-text\">Revision des europ\u00e4ischen Emissionshandels im Kontext von Fit for 55<\/figcaption><\/figure>\n<h2><strong>Inhalte der EU-Risikostrategie f\u00fcr CBAM<\/strong><\/h2>\n<h3>(<a href=\"https:\/\/www.europarl.europa.eu\/news\/de\/press-room\/20221212IPR64509\/eu-einigung-uber-co2-grenzausgleichsmechanismus-cbam\" target=\"_blank\" rel=\"noopener\">Carbon Border Adjustment Mechanism<\/a> bzw. CO\u2082-Grenzausgleichsmechanismus)<\/h3>\n<ul>\n<li><span style=\"font-size: 12pt;\">Einf\u00fchrung einer rechtlichen Garantie, falls Probleme bei der Umsetzung von <a href=\"https:\/\/www.europarl.europa.eu\/news\/de\/press-room\/20221212IPR64509\/eu-einigung-uber-co2-grenzausgleichsmechanismus-cbam\" target=\"_blank\" rel=\"noopener\">CBAM<\/a> entstehen:<\/span>\n<ul>\n<li style=\"list-style-type: none;\">\n<ul>\n<li><span style=\"font-size: 12pt;\"><span style=\"font-size: 12pt;\">schnelleres Reduzieren von kostenlosen Zertifikaten f\u00fcr betroffene Sektoren wird eingestellt<\/span><\/span><\/li>\n<\/ul>\n<\/li>\n<\/ul>\n<\/li>\n<li><span style=\"font-size: 12pt;\">Exportorientierte Mitgliedsstaaten erhalten f\u00fcr betroffene Industrie zus\u00e4tzlich mehr als 3,5 Milliarden Euro aus ETS-Erl\u00f6sen als Unterst\u00fctzung in Richtung Klimaneutralit\u00e4t<\/span><\/li>\n<li><span style=\"font-size: 12pt;\">Mitgliedsstaaten k\u00f6nnen zus\u00e4tzliche Mittel aus nationalen Einnahmen zur Unterst\u00fctzung nutzen.<\/span><\/li>\n<li><span style=\"font-size: 12pt;\">F\u00fcr spezielle Carbon-Leakage gef\u00e4hrdete Industriesektoren im Kontext des CBAM, gibt es voraussichtlich Unterst\u00fctzung von maximal 50 Milliarden Euro bis 2030.<\/span><\/li>\n<li><span style=\"font-size: 12pt;\">Vereinbart wurde eine Revisionsklausel, die im Falle von trotzdem auftretenden Schwierigkeiten, zus\u00e4tzliche Ma\u00dfnahmen einleitet.<\/span><\/li>\n<\/ul>\n<h2><b>Finanzierung von <\/b><b>RePowerEU<\/b><\/h2>\n<ul>\n<li><strong><span style=\"font-size: 12pt;\">Der europ\u00e4ische Emissionshandel soll 20 Mrd. \u20ac f\u00fcr<a href=\"https:\/\/commission.europa.eu\/strategy-and-policy\/priorities-2019-2024\/european-green-deal\/repowereu-affordable-secure-and-sustainable-energy-europe_de\" target=\"_blank\" rel=\"noopener\"> RePowerEU<\/a> bereitstellen<\/span><\/strong>\n<ul>\n<li style=\"list-style-type: none;\">\n<ol>\n<li><span style=\"font-size: 12pt;\">40 % des Betrags soll durch vorzeitige Versteigerungen durch die Mitgliedsstaaten zusammenkommen (Frontloading)<\/span><\/li>\n<li><span style=\"font-size: 12pt;\"><span style=\"font-size: 12pt;\">60 % des Betrags sollen aus dem Innovationsfond bereitgestellt werden.<\/span><\/span><\/li>\n<\/ol>\n<\/li>\n<\/ul>\n<\/li>\n<\/ul>\n<p><strong><span style=\"font-size: 12pt;\">&#8211;&gt; Geringerer Einfluss auf das CAP des EU-ETS im Vergleich zu vorigen Vorschl\u00e4gen<\/span><\/strong><\/p>\n<ul>\n<li><span style=\"font-size: 12pt;\">Vorzeitig versteigerte EUAs (Frontloading) werden voraussichtlich im Zeitraum 01.2027-12.2030 weniger versteigert &#8211;&gt; Keine gr\u00f6\u00dfere Auktionsmenge, als geplant<\/span><\/li>\n<li><span style=\"font-size: 12pt;\">Wirkung auf EUA-Markt:<\/span>\n<ul>\n<li style=\"list-style-type: none;\">\n<ol>\n<li><span style=\"font-size: 12pt;\">Mittelfristig geringf\u00fcgig h\u00f6here EUA-Verf\u00fcgbarkeit (2023-2025)<\/span><\/li>\n<li><span style=\"font-size: 12pt;\">Mittel- bis langfristig geringere EUA-Verf\u00fcgbarkeit (2026-2030)<\/span><\/li>\n<\/ol>\n<\/li>\n<\/ul>\n<\/li>\n<\/ul>\n<p>&nbsp;<\/p>\n<h2>Einmalige Anpassungen des CAPs in Bezug zur urspr\u00fcnglichen Regelung<\/h2>\n<p>&nbsp;<\/p>\n<figure id=\"attachment_85859\" aria-describedby=\"caption-attachment-85859\" style=\"width: 778px\" class=\"wp-caption aligncenter\"><img decoding=\"async\" class=\"wp-image-85859 size-full\" title=\"EU-Trilog-Verhandlungen\" src=\"https:\/\/gallehr.flei.dev\/wordpress\/wp-content\/uploads\/2022\/12\/Anpassung-CAP.png\" alt=\"Einmalige Anpassungen des CAPs in Bezug zur urspr\u00fcnglichen Regelung\" width=\"778\" height=\"434\" srcset=\"https:\/\/gallehr.flei.dev\/wp-content\/uploads\/2022\/12\/Anpassung-CAP.png 778w, https:\/\/gallehr.flei.dev\/wp-content\/uploads\/2022\/12\/Anpassung-CAP-300x167.png 300w, https:\/\/gallehr.flei.dev\/wp-content\/uploads\/2022\/12\/Anpassung-CAP-768x428.png 768w, https:\/\/gallehr.flei.dev\/wp-content\/uploads\/2022\/12\/Anpassung-CAP-350x195.png 350w\" sizes=\"(max-width: 778px) 100vw, 778px\" \/><figcaption id=\"caption-attachment-85859\" class=\"wp-caption-text\">Revision des europ\u00e4ischen Emissionshandels im Kontext von Fit for 55<\/figcaption><\/figure>\n<h2>Urspr\u00fcnglich geplante Entwicklung des Caps in der 4. Handelsperiode<\/h2>\n<p>&nbsp;<\/p>\n<figure id=\"attachment_85861\" aria-describedby=\"caption-attachment-85861\" style=\"width: 884px\" class=\"wp-caption aligncenter\"><img decoding=\"async\" class=\"wp-image-85861 size-full\" title=\"EU-Trilog-Verhandlungen\" src=\"https:\/\/gallehr.flei.dev\/wordpress\/wp-content\/uploads\/2022\/12\/urspuenglich-geplantes-CAP.png\" alt=\"Urspr\u00fcnglich geplante Entwicklung des Caps in der 4. Handelsperiode\" width=\"884\" height=\"563\" srcset=\"https:\/\/gallehr.flei.dev\/wp-content\/uploads\/2022\/12\/urspuenglich-geplantes-CAP.png 884w, https:\/\/gallehr.flei.dev\/wp-content\/uploads\/2022\/12\/urspuenglich-geplantes-CAP-300x191.png 300w, https:\/\/gallehr.flei.dev\/wp-content\/uploads\/2022\/12\/urspuenglich-geplantes-CAP-768x489.png 768w, https:\/\/gallehr.flei.dev\/wp-content\/uploads\/2022\/12\/urspuenglich-geplantes-CAP-350x223.png 350w\" sizes=\"(max-width: 884px) 100vw, 884px\" \/><figcaption id=\"caption-attachment-85861\" class=\"wp-caption-text\">Revision des europ\u00e4ischen Emissionshandels im Kontext von Fit for 55<\/figcaption><\/figure>\n<h2><\/h2>\n<h2><b>Voraussichtliche Entwicklung des Caps in der 4. Handelsperiode<\/b><\/h2>\n<p>&nbsp;<\/p>\n<figure id=\"attachment_85863\" aria-describedby=\"caption-attachment-85863\" style=\"width: 870px\" class=\"wp-caption aligncenter\"><img decoding=\"async\" class=\"wp-image-85863 size-full\" title=\"EU-Trilog-Verhandlungen\" src=\"https:\/\/gallehr.flei.dev\/wordpress\/wp-content\/uploads\/2022\/12\/Voraussichtliche-Entwicklung-CAP.png\" alt=\"Voraussichtliche Entwicklung des Caps in der 4. Handelsperiode\" width=\"870\" height=\"545\" srcset=\"https:\/\/gallehr.flei.dev\/wp-content\/uploads\/2022\/12\/Voraussichtliche-Entwicklung-CAP.png 870w, https:\/\/gallehr.flei.dev\/wp-content\/uploads\/2022\/12\/Voraussichtliche-Entwicklung-CAP-300x188.png 300w, https:\/\/gallehr.flei.dev\/wp-content\/uploads\/2022\/12\/Voraussichtliche-Entwicklung-CAP-768x481.png 768w, https:\/\/gallehr.flei.dev\/wp-content\/uploads\/2022\/12\/Voraussichtliche-Entwicklung-CAP-350x219.png 350w\" sizes=\"(max-width: 870px) 100vw, 870px\" \/><figcaption id=\"caption-attachment-85863\" class=\"wp-caption-text\">Revision des europ\u00e4ischen Emissionshandels im Kontext von Fit for 55<\/figcaption><\/figure>\n<p>&nbsp;<\/p>\n<h4><strong>GALLEHR+PARTNER<sup>\u00ae<\/sup> hat sich mit dem Anspruch Lotse f\u00fcr die Industrie in eine wettbewerbsf\u00e4hige und klimafreundliche Zukunft zu sein, als ein f\u00fchrender Anbieter von <a href=\"https:\/\/gallehr.flei.dev\/leistungen\/\">Klimaschutz-, Energieeffizienz- und nachhaltigen Energiebeschaffungs-Dienstleistungen<\/a> etablieren k\u00f6nnen. <\/strong><\/h4>\n<h3><strong>Folgende weitere T\u00e4tigkeiten f\u00fchren wir in diesem Umfeld gerne f\u00fcr Sie durch:<\/strong><\/h3>\n<ul>\n<li><a href=\"https:\/\/gallehr.flei.dev\/leistungen\/\" target=\"_blank\" rel=\"noopener\">Beantragung und Verwaltung von F\u00f6rdermitteln<\/a><\/li>\n<li><a href=\"https:\/\/gallehr.flei.dev\/leistungen\/klima-und-csr-strategie\/\" target=\"_blank\" rel=\"noopener\">Erstellung von f\u00f6rderf\u00e4higen Transformationskonzepten inkl. Zielentwicklung, Strategieentwicklung und Managementberatung zur wirksamen Zielerreichung<\/a><\/li>\n<li><a href=\"https:\/\/gallehr.flei.dev\/leistungen\/managementsysteme\/\" target=\"_blank\" rel=\"noopener\">Entwicklung, Einf\u00fchrung und Betrieb von Energie-, Umwelt- und Klimamanagementsystemen<\/a><\/li>\n<li><a href=\"https:\/\/gallehr.flei.dev\/leistungen\/carbon-footprint\/\" target=\"_blank\" rel=\"noopener\">Erstellung von Carbon Footprints<\/a><\/li>\n<\/ul>\n","protected":false},"excerpt":{"rendered":"<p>Revision des europ\u00e4ischen Emissionshandels im Kontext von Fit for 55 Status der Umsetzung der Revision des EU-ETS Ausgehend durch die [&hellip;]<\/p>\n","protected":false},"author":17,"featured_media":0,"comment_status":"closed","ping_status":"closed","sticky":false,"template":"","format":"standard","meta":{"footnotes":""},"categories":[180,178],"tags":[735,736,737,738,733,734],"class_list":["post-85852","post","type-post","status-publish","format-standard","hentry","category-news","category-archiv","tag-cbam","tag-co-grenzausgleichsmechanismus","tag-repowereu","tag-anpassungen-des-cap","tag-fit-for-55","tag-eu-trilog-verhandlungen"],"_links":{"self":[{"href":"https:\/\/gallehr.flei.dev\/de\/wp-json\/wp\/v2\/posts\/85852","targetHints":{"allow":["GET"]}}],"collection":[{"href":"https:\/\/gallehr.flei.dev\/de\/wp-json\/wp\/v2\/posts"}],"about":[{"href":"https:\/\/gallehr.flei.dev\/de\/wp-json\/wp\/v2\/types\/post"}],"author":[{"embeddable":true,"href":"https:\/\/gallehr.flei.dev\/de\/wp-json\/wp\/v2\/users\/17"}],"replies":[{"embeddable":true,"href":"https:\/\/gallehr.flei.dev\/de\/wp-json\/wp\/v2\/comments?post=85852"}],"version-history":[{"count":0,"href":"https:\/\/gallehr.flei.dev\/de\/wp-json\/wp\/v2\/posts\/85852\/revisions"}],"wp:attachment":[{"href":"https:\/\/gallehr.flei.dev\/de\/wp-json\/wp\/v2\/media?parent=85852"}],"wp:term":[{"taxonomy":"category","embeddable":true,"href":"https:\/\/gallehr.flei.dev\/de\/wp-json\/wp\/v2\/categories?post=85852"},{"taxonomy":"post_tag","embeddable":true,"href":"https:\/\/gallehr.flei.dev\/de\/wp-json\/wp\/v2\/tags?post=85852"}],"curies":[{"name":"wp","href":"https:\/\/api.w.org\/{rel}","templated":true}]}}