{"id":85875,"date":"2023-01-11T14:47:24","date_gmt":"2023-01-11T13:47:24","guid":{"rendered":"https:\/\/hostsharing.gallehr.de\/?p=85875"},"modified":"2023-01-19T10:49:07","modified_gmt":"2023-01-19T09:49:07","slug":"dehst-verschiebt-abgabe-des-zuteilungsdatenberichts-im-eu-ets","status":"publish","type":"post","link":"https:\/\/gallehr.flei.dev\/de\/dehst-verschiebt-abgabe-des-zuteilungsdatenberichts-im-eu-ets\/","title":{"rendered":"Abgabefrist des Zuteilungsdatenberichts verschoben auf Ende April"},"content":{"rendered":"<h1><strong><span style=\"font-size: 18pt;\">DEHSt verschiebt Abgabefrist des Zuteilungsdatenberichts im europ\u00e4ischen Emissionshandel (EU-ETS)<br \/>\n<\/span><\/strong><\/h1>\n<p>Am 03. Januar 2023 ver\u00f6ffentlichte die <a href=\"https:\/\/www.dehst.de\/DE\/startseite\/startseite-node.html\">Deutsche Emissionshandelsstelle (DEHSt)<\/a> dass die Abgabefrist f\u00fcr den Zuteilungsdatenbericht des Berichtsjahrs 2022 um einen Monat nach hinten verschoben wird.<\/p>\n<p><strong>Laut DEHSt k\u00f6nnen Anlagenbetreiber <span style=\"text-decoration: underline;\">\u201eohne nachteilige Folgen\u201c<\/span> den Zuteilungsdatenbericht <a href=\"https:\/\/www.dehst.de\/SharedDocs\/termine\/DE\/Fristen\/EU-ETS-Zuteilungsdatenbericht-30-04.html?nn=438648\">bis zum 30. April 2023<\/a> via VPS einreichen.<\/strong> Normalerweise w\u00e4re das Fristende am 31. M\u00e4rz 2023.<\/p>\n<p>Die Frist zur Einreichung des <strong>verifizierten <\/strong><a href=\"https:\/\/www.dehst.de\/DE\/Europaeischer-Emissionshandel\/Anlagenbetreiber\/Emissionsermittlung-2021-2030\/emissionsbericht-2021-2030\/emissionsbericht-2021-2030_node.html\"><strong>Emissionsberichts<\/strong><\/a><strong> des Berichtsjahres 2022 wurde nicht verschoben und bleibt zum 31.03.2023 bestehen.<\/strong><\/p>\n<h4><strong>GALLEHR+PARTNER<sup>\u00ae<\/sup> hat sich mit dem Anspruch Lotse f\u00fcr die Industrie in eine wettbewerbsf\u00e4hige und klimafreundliche Zukunft zu sein, als ein f\u00fchrender Anbieter von <a href=\"https:\/\/gallehr.flei.dev\/leistungen\/\">Klimaschutz-, Energieeffizienz- und nachhaltigen Energiebeschaffungs-Dienstleistungen<\/a> etablieren k\u00f6nnen. <\/strong><\/h4>\n<h3><strong>Folgende weitere T\u00e4tigkeiten f\u00fchren wir in diesem Umfeld gerne f\u00fcr Sie durch:<\/strong><\/h3>\n<ul>\n<li><a href=\"https:\/\/gallehr.flei.dev\/de\/leistungen\/verpflichtender-emissionshandel-eu-und-de\/\" target=\"_blank\" rel=\"noopener\">Betreuung bei allen Fragen des europ\u00e4ischen (TEHG, EU ETS) und nationalen (BEHG, nEHS) CO\u2082-Emissionshandel<\/a><\/li>\n<li><a href=\"https:\/\/gallehr.flei.dev\/leistungen\/\" target=\"_blank\" rel=\"noopener\">Beantragung und Verwaltung von F\u00f6rdermitteln<\/a><\/li>\n<li><a href=\"https:\/\/gallehr.flei.dev\/leistungen\/klima-und-csr-strategie\/\" target=\"_blank\" rel=\"noopener\">Erstellung von f\u00f6rderf\u00e4higen Transformationskonzepten inkl. Zielentwicklung, Strategieentwicklung und Managementberatung zur wirksamen Zielerreichung<\/a><\/li>\n<li><a href=\"https:\/\/gallehr.flei.dev\/leistungen\/managementsysteme\/\" target=\"_blank\" rel=\"noopener\">Entwicklung, Einf\u00fchrung und Betrieb von Energie-, Umwelt- und Klimamanagementsystemen<\/a><\/li>\n<li><a href=\"https:\/\/gallehr.flei.dev\/leistungen\/carbon-footprint\/\" target=\"_blank\" rel=\"noopener\">Erstellung von Carbon Footprints<\/a><\/li>\n<\/ul>\n<p>&nbsp;<\/p>\n<p>&nbsp;<\/p>\n<h3><\/h3>\n","protected":false},"excerpt":{"rendered":"<p>DEHSt verschiebt Abgabefrist des Zuteilungsdatenberichts im europ\u00e4ischen Emissionshandel (EU-ETS) Am 03. Januar 2023 ver\u00f6ffentlichte die Deutsche Emissionshandelsstelle (DEHSt) dass die [&hellip;]<\/p>\n","protected":false},"author":17,"featured_media":0,"comment_status":"closed","ping_status":"closed","sticky":false,"template":"","format":"standard","meta":{"footnotes":""},"categories":[180],"tags":[204,265,309,351,739],"class_list":["post-85875","post","type-post","status-publish","format-standard","hentry","category-news","tag-dehst","tag-eu-ets","tag-emissionsbericht","tag-zuteilungsdatenbericht","tag-berichtsjahres-2022"],"_links":{"self":[{"href":"https:\/\/gallehr.flei.dev\/de\/wp-json\/wp\/v2\/posts\/85875","targetHints":{"allow":["GET"]}}],"collection":[{"href":"https:\/\/gallehr.flei.dev\/de\/wp-json\/wp\/v2\/posts"}],"about":[{"href":"https:\/\/gallehr.flei.dev\/de\/wp-json\/wp\/v2\/types\/post"}],"author":[{"embeddable":true,"href":"https:\/\/gallehr.flei.dev\/de\/wp-json\/wp\/v2\/users\/17"}],"replies":[{"embeddable":true,"href":"https:\/\/gallehr.flei.dev\/de\/wp-json\/wp\/v2\/comments?post=85875"}],"version-history":[{"count":0,"href":"https:\/\/gallehr.flei.dev\/de\/wp-json\/wp\/v2\/posts\/85875\/revisions"}],"wp:attachment":[{"href":"https:\/\/gallehr.flei.dev\/de\/wp-json\/wp\/v2\/media?parent=85875"}],"wp:term":[{"taxonomy":"category","embeddable":true,"href":"https:\/\/gallehr.flei.dev\/de\/wp-json\/wp\/v2\/categories?post=85875"},{"taxonomy":"post_tag","embeddable":true,"href":"https:\/\/gallehr.flei.dev\/de\/wp-json\/wp\/v2\/tags?post=85875"}],"curies":[{"name":"wp","href":"https:\/\/api.w.org\/{rel}","templated":true}]}}