{"id":85917,"date":"2023-01-25T14:05:40","date_gmt":"2023-01-25T13:05:40","guid":{"rendered":"https:\/\/hostsharing.gallehr.de\/?p=85917"},"modified":"2023-01-26T10:31:43","modified_gmt":"2023-01-26T09:31:43","slug":"foerderung-von-klimaneutralen-produktionsverfahren-durch-co%e2%82%82-differenzvertraege","status":"publish","type":"post","link":"https:\/\/gallehr.flei.dev\/de\/foerderung-von-klimaneutralen-produktionsverfahren-durch-co%e2%82%82-differenzvertraege\/","title":{"rendered":"Etablierung von klimaneutralen Produktionsverfahren durch CO\u2082-Differenzvertr\u00e4ge"},"content":{"rendered":"<h1>Richtlinienentwurf zur Etablierung von CO\u2082-Differenzvertr\u00e4gen<\/h1>\n<p><span style=\"font-size: 12pt;\">Mit dem Anfang Dezember ver\u00f6ffentlichten <a href=\"https:\/\/www.bmwk.de\/Redaktion\/DE\/Downloads\/J-L\/ksv-forderrichtlinie.pdf?__blob=publicationFile&amp;v=16\" target=\"_blank\" rel=\"noopener\">&#8222;Richtlinienentwurf zur F\u00f6rderung von klimaneutralen Produktionsverfahren durch Klimaschutzvertr\u00e4ge&#8220;<\/a> unternimmt das <a href=\"https:\/\/www.bmwk.de\/Navigation\/DE\/Home\/home.html\" target=\"_blank\" rel=\"noopener\">BMWK<\/a> einen relevanten Schritt hin zur Dekarbonisierung der emissionsintensiven Grundstoffindustrie in Deutschland. <a href=\"https:\/\/www.bmwk.de\/Redaktion\/DE\/Downloads\/J-L\/ksv-forderrichtlinie.pdf?__blob=publicationFile&amp;v=16\" target=\"_blank\" rel=\"noopener\">Klimaschutzvertr\u00e4ge<\/a>, auch CO\u2082-Differenzvertr\u00e4ge (engl. Carbon Contracts for Difference &#8211; CCfD) genannt, stehen unter der Pr\u00e4misse bei der Umstellung auf klimafreundlicher Produktionsprozesse entstehende Mehrkosten auszugleichen. Da vorherrschende Produktionsverfahren in ihrer Rechnungslegung die gesamtgesellschaftlichen Kosten nicht oder noch nicht vollst\u00e4ndig abbilden, sind klimasch\u00e4dliche Produktionsverfahren, auch durch ihre geringeren Energietr\u00e4gerkosten, heute noch deutlich rentabler als deren Kontr\u00e4r. Dekarbonisierte Produktionsverfahren hingegen weisen in einer Mehrzahl der F\u00e4lle aufgrund der h\u00f6heren betrieblichen Aufw\u00e4nde Kostennachteile auf. Demgem\u00e4\u00df bieten die durch den Richtlinienentwurf vorgestellten <a href=\"https:\/\/www.bmwk.de\/Redaktion\/DE\/Downloads\/J-L\/ksv-forderrichtlinie.pdf?__blob=publicationFile&amp;v=16\" target=\"_blank\" rel=\"noopener\">CO\u2082-Differenzvertr\u00e4ge<\/a> dem Staat eine beispielhafte M\u00f6glichkeit, die Dekarbonisierung der Industrie zu initiieren. Indes l\u00e4sst sich der Vergleich zu aktuellen Kernaussagen der international anerkannten \u00d6konomin <a href=\"https:\/\/marianamazzucato.com\/\" target=\"_blank\" rel=\"noopener\">Mariana Mazzucato<\/a> ziehen, wobei der Staat hinsichtlich des Verfehlens des 1,5 \u00b0C Zieles zum &#8222;unternehmerischen Staat&#8220; sich wandeln soll\/muss.<\/span><\/p>\n<p><span style=\"font-size: 12pt;\">Anhand des im Dezember 2022 ver\u00f6ffentlichten <a href=\"https:\/\/www.bmwk.de\/Redaktion\/DE\/Publikationen\/Klimaschutz\/aktionsplan-zum-dialog-und-arbeitsprozess-mittelstand-klimaschutz-und-transformation.pdf?__blob=publicationFile&amp;v=6\" target=\"_blank\" rel=\"noopener\">&#8222;Aktionsplan zum Dialog- und Arbeitsprozess Mittelstand, Klimaschutz und Transformation&#8220;<\/a> des <a href=\"https:\/\/www.bmwk.de\/Navigation\/DE\/Home\/home.html\" target=\"_blank\" rel=\"noopener\">BMWK<\/a> wird voraussichtlich die <a href=\"https:\/\/www.bmwk.de\/Redaktion\/DE\/Downloads\/J-L\/ksv-forderrichtlinie.pdf?__blob=publicationFile&amp;v=16\" target=\"_blank\" rel=\"noopener\">CCfD-F\u00f6rderrichtlinie<\/a> im ersten Quartal 2023 in Kraft treten. Demzufolge k\u00f6nnen nach Vorgabe des <a href=\"https:\/\/www.bmwk.de\/Navigation\/DE\/Home\/home.html\" target=\"_blank\" rel=\"noopener\">BMWK<\/a> voraussichtliche bereits ab Juni 2023 die ersten CO\u2082-Differenzvertr\u00e4ge abgeschlossen werden.<\/span><\/p>\n<hr \/>\n<p><span style=\"font-size: 14pt; color: #b01419;\">Hinweis:<\/span><\/p>\n<p><span style=\"font-size: 12pt;\">Gerne k\u00f6nnen wir f\u00fcr Sie eine erste Einsch\u00e4tzung hinsichtlich der F\u00f6rderf\u00e4higkeit durch CO\u2082-Differenzvertr\u00e4gen von geplanten Vorhaben abgeben. Bei Bedarf k\u00f6nnen wir Sie zudem bei der <a href=\"https:\/\/gallehr.flei.dev\/de\/leistungen\/klima-und-csr-strategie\/\" target=\"_blank\" rel=\"noopener\">Erstellung der F\u00f6rderantr\u00e4ge<\/a> oder der Umsetzung von Transformationskonzepten unterst\u00fctzen. Falls Sie schon eine Ma\u00dfnahme geplant haben, aber noch nicht wissen, ob eine F\u00f6rderf\u00e4higkeit besteht, oder wie wirtschaftlich sie ist, erstellen wir Ihnen auf <a href=\"https:\/\/gallehr.flei.dev\/de\/kontakt\/\" target=\"_blank\" rel=\"noopener\">Wunsch<\/a> vorab eine <a href=\"https:\/\/gallehr.flei.dev\/de\/wirtschaftlichkeitsbewertung-von-energieeffizienzmassnahmen-nach-din-en-17463\/\">Wirtschaftlichkeitsbewertung<\/a> nach DIN EN 17463 (VALERI).<\/span><\/p>\n<hr \/>\n<h2>Hintergr\u00fcnde von Differenzkontrakten<\/h2>\n<p><span style=\"font-size: 12pt;\">Der Ursprung von <a href=\"https:\/\/boersenlexikon.faz.net\/definition\/differenzkontrakte\/\" target=\"_blank\" rel=\"noopener\">Differenzkontrakten<\/a> findet sich in der Finanzwelt. Differenzkontrakte dienen der Absicherung gegen schwankende Preise, z. B. bei Aktien oder Rohstoffen. Verk\u00e4ufer und K\u00e4ufer vereinbaren einen Basispreis f\u00fcr ein bestimmtes Produkt zu einem bestimmten Zeitpunkt. Liegt zu einem festgelegten Zeitpunkt der vereinbarte Preis unter oder \u00fcber dem vereinbarten Marktpreis, muss die Differenz zwischen dem vereinbarten Preis und dem Marktpreis als Ausgleichszahlung get\u00e4tigt werden. Beispielsweise muss folgend der Verk\u00e4ufer die Differenz an den K\u00e4ufer zahlen, wenn der Marktpreis nun \u00fcber dem Basispreis liegt. Demzufolge lassen sich Risiken einer Investition anhand von Differenzvertr\u00e4gen, wie bspw. Future- oder Forward-Kontrakten, besser quantifizieren sowie ebenfalls mindern.<\/span><\/p>\n<h2>F\u00f6rderziele von CO\u2082-Differenzvertr\u00e4gen<\/h2>\n<p><span style=\"font-size: 12pt;\"><a href=\"https:\/\/www.bmwk.de\/Redaktion\/DE\/Downloads\/J-L\/ksv-forderrichtlinie.pdf?__blob=publicationFile&amp;v=16\" target=\"_blank\" rel=\"noopener\">CO\u2082-Differenzvertr\u00e4gen<\/a> beinhalten das Potenzial, einen grundlegenden Wandel der derzeitigen noch ausbauf\u00e4higen Transformation von Produktionsverfahren in Deutschland einzuleiten. Grundlage bildet das weiterhin tragf\u00e4hige Gesch\u00e4ftsmodell, welches trotz der Umstellung auf einen klimafreundlichen Produktionsprozess bestehen bleibt. Hinsichtlich der Umstellung auf ein klimafreundliches und damit emissionsarmes Verfahren werden eventuelle Mehrkosten durch die Festlegung eines <a href=\"https:\/\/www.bmwk.de\/Redaktion\/DE\/Downloads\/J-L\/ksv-forderrichtlinie.pdf?__blob=publicationFile&amp;v=16\" target=\"_blank\" rel=\"noopener\">Basis-Vertragspreis<\/a> (Referenzpreis zur Definition der Ausgleichssumme) ausgeglichen. F\u00f6rderf\u00e4hige Kosten sind als solche definiert, wenn sie w\u00e4hrend der Errichtung (CAPEX) sowie w\u00e4hrend des Betriebes (OPEX) anfallen. Die Mehrkosten, in Referenz zu den bisherigen Kosten des emissionsintensiven Verfahren, werden j\u00e4hrlich durch eine Ausgleichszahlung abgegolten, wobei die Vertragslaufzeit der <a href=\"https:\/\/www.bmwk.de\/Redaktion\/DE\/Downloads\/J-L\/ksv-forderrichtlinie.pdf?__blob=publicationFile&amp;v=16\" target=\"_blank\" rel=\"noopener\">CO\u2082-Differenzvertr\u00e4ge<\/a> auf 15 Jahre gesetzt ist.<\/span><\/p>\n<h2>Energietr\u00e4gerwechsel durch CO\u2082-Differenzvertr\u00e4gen<\/h2>\n<p><span style=\"font-size: 12pt;\">Neben den nicht zu verachtenden CAPEX-Kosten werden die w\u00e4hrend des Betriebes anfallenden OPEX-Kosten zu einem gro\u00dfen Teil durch den verwendeten Energietr\u00e4ger bestimmt. Da der F\u00f6rdergeber mithilfe von <a href=\"https:\/\/www.bmwk.de\/Redaktion\/DE\/Downloads\/J-L\/ksv-forderrichtlinie.pdf?__blob=publicationFile&amp;v=16\" target=\"_blank\" rel=\"noopener\">CO\u2082-Differenzvertr\u00e4gen<\/a> <a href=\"https:\/\/gallehr.flei.dev\/de\/leistungen\/klima-und-csr-strategie\/\" target=\"_blank\" rel=\"noopener\">klimaneutrale Produktionsverfahren<\/a> etablieren m\u00f6chte, sind die zu verwendeten Energietr\u00e4ger innerhalb des <a href=\"https:\/\/www.bmwk.de\/Redaktion\/DE\/Downloads\/J-L\/ksv-forderrichtlinie.pdf?__blob=publicationFile&amp;v=16\" target=\"_blank\" rel=\"noopener\">Richtlinienentwurfes<\/a> vordefiniert:<\/span><\/p>\n<ul>\n<li><span style=\"font-size: 12pt;\">Verwendeter Wasserstoff muss den Anforderungen an gr\u00fcnen Wasserstoff oder blauen Wasserstoff<\/span><br \/>\n<span style=\"font-size: 12pt;\">gen\u00fcgen.<\/span><\/li>\n<li><span style=\"font-size: 12pt;\">Verwendeter Strom muss vollst\u00e4ndig aus erneuerbaren Energien erzeugt worden sein, wobei entsprechende Herkunftsnachweise gem\u00e4\u00df <a href=\"https:\/\/www.gesetze-im-internet.de\/eeg_2014\/__3.html\" target=\"_blank\" rel=\"noopener\">\u00a7 3 Nummer 29 Erneuerbare-Energien-Gesetz \u2013 EEG 2021<\/a> vorzuweisen sind.<\/span><\/li>\n<li><span style=\"font-size: 12pt;\">Verwendete Biomasse ist nur in Ausnahmef\u00e4llen von dieser F\u00f6rderrichtlinie erfasst. Hierbei ist ein Nachweis \u00fcber die Undurchf\u00fchrbarkeit einer &#8222;Direktelektrifizierung\/Wasserstoffnutzung&#8220; aus Basis von technisch und wirtschaftlichen Parameter vorzulegen.<\/span><\/li>\n<li><span style=\"font-size: 12pt;\">Anlagen mit unvermeidbaren Prozessemissionen, welche durch CCS- &amp; CCU-Technologien kompensiert werden m\u00fcssen, sind ebenfalls im Rahmen dieser F\u00f6rderrichtlinie f\u00f6rderf\u00e4hig.<\/span><\/li>\n<\/ul>\n<h2>F\u00f6rderf\u00e4hige industrielle T\u00e4tigkeiten<\/h2>\n<figure id=\"attachment_85934\" aria-describedby=\"caption-attachment-85934\" style=\"width: 797px\" class=\"wp-caption aligncenter\"><img decoding=\"async\" class=\"wp-image-85934 size-full\" title=\"Quelle: Richtlinie 2003\/87\/EG \u2013 EU Parlament\" src=\"https:\/\/gallehr.flei.dev\/wordpress\/wp-content\/uploads\/2023\/01\/Foerderfaehige-Taetigkeiten_CCfD.jpg\" alt=\"F\u00f6rderf\u00e4hige T\u00e4tigkeiten nach Richtlinie 2003\/87\/EG \u2013 EU Parlament f\u00fcr Carbon Contracts for Difference - CCfD\" width=\"797\" height=\"727\" srcset=\"https:\/\/gallehr.flei.dev\/wp-content\/uploads\/2023\/01\/Foerderfaehige-Taetigkeiten_CCfD.jpg 797w, https:\/\/gallehr.flei.dev\/wp-content\/uploads\/2023\/01\/Foerderfaehige-Taetigkeiten_CCfD-300x274.jpg 300w, https:\/\/gallehr.flei.dev\/wp-content\/uploads\/2023\/01\/Foerderfaehige-Taetigkeiten_CCfD-768x701.jpg 768w, https:\/\/gallehr.flei.dev\/wp-content\/uploads\/2023\/01\/Foerderfaehige-Taetigkeiten_CCfD-350x319.jpg 350w\" sizes=\"(max-width: 797px) 100vw, 797px\" \/><figcaption id=\"caption-attachment-85934\" class=\"wp-caption-text\">F\u00f6rderf\u00e4hige T\u00e4tigkeiten nach <a href=\"https:\/\/eur-lex.europa.eu\/legal-content\/DE\/TXT\/PDF\/?uri=CELEX:32003L0087&amp;from=NL\" target=\"_blank\" rel=\"noopener\">Richtlinie 2003\/87\/EG<\/a> \u2013 EU-Parlament f\u00fcr Carbon Contracts for Difference &#8211; CCfD<\/figcaption><\/figure>\n<h2>Mindestanforderungen von CO\u2082-Differenzvertr\u00e4gen<\/h2>\n<p><span style=\"font-size: 12pt;\">Zielf\u00fchrend f\u00fcr die deutsche Klimapolitik ist die ausschlie\u00dfliche F\u00f6rderung von <a href=\"https:\/\/www.bmwk.de\/Redaktion\/DE\/Downloads\/J-L\/ksv-forderrichtlinie.pdf?__blob=publicationFile&amp;v=16\" target=\"_blank\" rel=\"noopener\">Transformationsma\u00dfnahmen<\/a>, welche langfristig und vergleichbar Emissionen w\u00e4hrend ihrer Nutzung einsparen. Daher setzt der F\u00f6rdergeber folgende Mindestanforderungen an die Transformationsma\u00dfnahmen an:<\/span><\/p>\n<ul>\n<li><span style=\"font-size: 12pt;\">Das Transformationsvorhaben \u00fcberschreitet eine vordefinierte Mindestgr\u00f6\u00dfe zur Einsparung von Treibhausgasemissionen, welche seitens des <a href=\"https:\/\/www.bmwk.de\/Navigation\/DE\/Home\/home.html\" target=\"_blank\" rel=\"noopener\">F\u00f6rdergebers<\/a> vorgegeben ist und in Bezug zu einem Referenzsystem steht. Ein Referenzsystem k\u00f6nnte bspw. der branchenspezifische Benchmark-Wert aus EU-ETS sein. Dennoch ist das minimale Treibhausgas-Einsparziel auf 30.000 t CO\u2082e pro Jahr festgelegt.<\/span><\/li>\n<li><span style=\"font-size: 12pt;\">Sp\u00e4testens am Ende des ersten Jahres nach dem operativen Beginn muss eine relative Treibhausgasemissionsminderung von mindestens 50 % gegen\u00fcber dem Referenzsystem erreicht werden. Im zweiten Jahr nach dem operativen Beginn muss die relative Treibhausgasemissionsminderung gegen\u00fcber dem Referenzsystem mindestens 60 % betragen.<\/span><\/li>\n<li><span style=\"font-size: 12pt;\">Das Transformationsvorhaben muss das Potenzial besitzen w\u00e4hrend der Vertragslaufzeit, eine Mindesteinsparung i.H.v. 95 % gegen\u00fcber dem Referenzsystem zu erreichen.<\/span><\/li>\n<\/ul>\n<h2>Mechanismus von CO\u2082-Differenzvertr\u00e4gen<\/h2>\n<p><span style=\"font-size: 12pt;\">Die grundlegende Berechnungsweise von <a href=\"https:\/\/www.bmwk.de\/Redaktion\/DE\/Downloads\/J-L\/ksv-forderrichtlinie.pdf?__blob=publicationFile&amp;v=16\" target=\"_blank\" rel=\"noopener\">CO\u2082-Differenzvertr\u00e4gen<\/a> l\u00e4sst sich mit dem der an den Finanzm\u00e4rkten gehandelten <a href=\"https:\/\/www.bmwk.de\/Redaktion\/DE\/Downloads\/J-L\/ksv-forderrichtlinie.pdf?__blob=publicationFile&amp;v=16\" target=\"_blank\" rel=\"noopener\">Differenzkontrakten<\/a> durchaus vergleichen. W\u00e4hrend der im Vorfeld verhandelte Basispreis definiert, ob entweder der F\u00f6rdergeber den Ausgleichsbetrag zu bezahlen hat oder der kontr\u00e4re Fall eintritt, weicht die Berechnungsweise in der Tiefe aufgrund der Komplexit\u00e4t der Transformationsthematik deutlich von den Standard-Differenzkontrakten ab. Die beigef\u00fcgte Beschreibung des <a href=\"https:\/\/www.bmwk.de\/Redaktion\/DE\/Downloads\/J-L\/ksv-forderrichtlinie.pdf?__blob=publicationFile&amp;v=16\" target=\"_blank\" rel=\"noopener\">CCfD-Mechanismus<\/a> verbildlicht die grundlegende Vorteilhaftigkeit einer Implementierung, um den Umbau der emissionsintensiven Grundstoffindustrie realisieren zu k\u00f6nnen.<\/span><\/p>\n<figure id=\"attachment_85946\" aria-describedby=\"caption-attachment-85946\" style=\"width: 814px\" class=\"wp-caption aligncenter\"><img decoding=\"async\" class=\"wp-image-85946 size-full\" title=\"Beschreibung des CCfD-Mechanismus\" src=\"https:\/\/gallehr.flei.dev\/wordpress\/wp-content\/uploads\/2023\/01\/Beschreibung-Foerderung_CCfD.jpg\" alt=\"Beschreibung des CCfD-Mechanismus\" width=\"814\" height=\"464\" srcset=\"https:\/\/gallehr.flei.dev\/wp-content\/uploads\/2023\/01\/Beschreibung-Foerderung_CCfD.jpg 814w, https:\/\/gallehr.flei.dev\/wp-content\/uploads\/2023\/01\/Beschreibung-Foerderung_CCfD-300x171.jpg 300w, https:\/\/gallehr.flei.dev\/wp-content\/uploads\/2023\/01\/Beschreibung-Foerderung_CCfD-768x438.jpg 768w, https:\/\/gallehr.flei.dev\/wp-content\/uploads\/2023\/01\/Beschreibung-Foerderung_CCfD-350x200.jpg 350w\" sizes=\"(max-width: 814px) 100vw, 814px\" \/><figcaption id=\"caption-attachment-85946\" class=\"wp-caption-text\">Beschreibung des CCfD-Mechanismus<\/figcaption><\/figure>\n<h2>Berechnungsweise von CO\u2082-Differenzvertr\u00e4gen<\/h2>\n<p><span style=\"font-size: 12pt;\">Die j\u00e4hrlich zu berechnende Ausgleichszahlung von <a href=\"https:\/\/www.bmwk.de\/Redaktion\/DE\/Downloads\/J-L\/ksv-forderrichtlinie.pdf?__blob=publicationFile&amp;v=16\" target=\"_blank\" rel=\"noopener\">CO\u2082-Differenzvertr\u00e4gen<\/a> variiert w\u00e4hrend der Vertragslaufzeit aufgrund der Ver\u00e4nderungen der verschiedenen Einflussparameter. W\u00e4hrend der Basis-Vertragspreis (P-Basis) innerhalb der Vertragslaufzeit fixiert ist, schwanken die restlich Parameter anhand ihrer Performance und sind j\u00e4hrlich zu aktualisieren.\u00a0 Die explizite Berechnungsweise von <a href=\"https:\/\/www.bmwk.de\/Redaktion\/DE\/Downloads\/J-L\/ksv-forderrichtlinie.pdf?__blob=publicationFile&amp;v=16\" target=\"_blank\" rel=\"noopener\">CO\u2082-Differenzvertr\u00e4ge<\/a>n kann exemplarisch der beigef\u00fcgten Grafik entnommen werden.<\/span><\/p>\n<figure id=\"attachment_85948\" aria-describedby=\"caption-attachment-85948\" style=\"width: 1145px\" class=\"wp-caption alignnone\"><img decoding=\"async\" class=\"wp-image-85948\" title=\"Berechnungsweise von CO\u2082-Differenzvertr\u00e4gen- Formel\" src=\"https:\/\/gallehr.flei.dev\/wordpress\/wp-content\/uploads\/2023\/01\/Formel-CCfDIII.jpg\" alt=\"Berechnungsweise von CO\u2082-Differenzvertr\u00e4gen - Formel\" width=\"1145\" height=\"35\" srcset=\"https:\/\/gallehr.flei.dev\/wp-content\/uploads\/2023\/01\/Formel-CCfDIII.jpg 818w, https:\/\/gallehr.flei.dev\/wp-content\/uploads\/2023\/01\/Formel-CCfDIII-300x9.jpg 300w, https:\/\/gallehr.flei.dev\/wp-content\/uploads\/2023\/01\/Formel-CCfDIII-768x23.jpg 768w, https:\/\/gallehr.flei.dev\/wp-content\/uploads\/2023\/01\/Formel-CCfDIII-350x11.jpg 350w\" sizes=\"(max-width: 1145px) 100vw, 1145px\" \/><figcaption id=\"caption-attachment-85948\" class=\"wp-caption-text\">Berechnungsweise von CO\u2082-Differenzvertr\u00e4gen &#8211; Formel<\/figcaption><\/figure>\n<p><span style=\"font-size: 12pt;\">Die j\u00e4hrlich sich ver\u00e4ndernde Ausgleichszahlung AZ-CCfD [\u20ac] berechnet sich aus der Summe zwischen dem Basis-Vertragspreis [EUR\/ t CO<sub>2<\/sub>e] addiert mit einer Dynamisierungskomponente \u03c3-Volatilit\u00e4t-Energie [EUR\/ t CO<sub>2<\/sub>e], welche j\u00e4hrliche Energiepreisschwankung abbildet und somit das Preisrisiko von Energietr\u00e4gern reduziert, wodurch der &#8222;Dynamisierte Vertragspreis&#8220; [EUR\/ t CO<sub>2<\/sub>e] gebildet wird. Diesem &#8222;Dynamisierte Vertragspreis&#8220;[EUR\/ t CO<sub>2<\/sub>e] wird folgend der f\u00fcr das transformative Produktionsverfahren im Vergleich zum Referenzsystem entstehende effektive CO\u2082-Preis [EUR\/ t CO<sub>2<\/sub>e] des jeweiligen Abrechnungsjahres abgezogen. Anschlie\u00dfend wird der Summenwert mit der realen j\u00e4hrlichen Treibhausgasemissionsminderung des Vorhabens [t CO2-\u00c4q.\/ME Produkt] und der realen j\u00e4hrlichen Produktionsmenge des Vorhabens multipliziert. Schlussendlich werden etwaige F\u00f6rderbetr\u00e4ge [\u20ac], welche nach Abschluss eines <a href=\"https:\/\/www.bmwk.de\/Redaktion\/DE\/Downloads\/J-L\/ksv-forderrichtlinie.pdf?__blob=publicationFile&amp;v=16\" target=\"_blank\" rel=\"noopener\">CO\u2082-Differenzvertrages<\/a> gew\u00e4hrt worden sind, vom Betrag der Ausgleichszahlung abgezogen. Zus\u00e4tzlich werden 70 % der eventuell anfallenden &#8222;gr\u00fcnen Mehrerl\u00f6se&#8220; (durch die Transformationsumsetzung) ebenfalls von der restlichen Ausgleichszahlung abgezogen.<\/span><\/p>\n<p><span style=\"font-size: 12pt;\">Anhand dieser Berechnungsweise wird definiert, welche Partie und damit F\u00f6rdergeber und F\u00f6rdernehmer die Auszahlungsverpflichtung von <a href=\"https:\/\/www.bmwk.de\/Redaktion\/DE\/Downloads\/J-L\/ksv-forderrichtlinie.pdf?__blob=publicationFile&amp;v=16\" target=\"_blank\" rel=\"noopener\">CO\u2082-Differenzvertr\u00e4gen<\/a> zu erf\u00fcllen hat. An dieser Stelle ist zu erw\u00e4hnen, dass die jeweiligen Parameter weitere Unterfunktionen und damit Berechnungsweisen besitzen. F\u00fcr weitere Informationen siehe <a href=\"https:\/\/www.bmwk.de\/Redaktion\/DE\/Downloads\/J-L\/ksv-forderrichtlinie.pdf?__blob=publicationFile&amp;v=16\" target=\"_blank\" rel=\"noopener\">Anhang 1 des &#8222;Richtlinienentwurf zur F\u00f6rderung von klimaneutralen Produktionsverfahren durch Klimaschutzvertr\u00e4ge&#8220;<\/a>.<\/span><\/p>\n<h2>Gebotsverfahren seitens des Staates<\/h2>\n<p><span style=\"font-size: 12pt;\">Die Antragstellung zum Abschluss eines <a href=\"https:\/\/www.bmwk.de\/Redaktion\/DE\/Downloads\/J-L\/ksv-forderrichtlinie.pdf?__blob=publicationFile&amp;v=16\" target=\"_blank\" rel=\"noopener\">CO<sub>2<\/sub>-Differenzvertrages<\/a> erfolgt durch die Abgabe eines Gebotes innerhalb eines breit angelegten Gebotsverfahrens. Auf Basis eines im Bundesanzeiger ver\u00f6ffentlichten F\u00f6rderaufrufes wird das <a href=\"https:\/\/www.bmwk.de\/Redaktion\/DE\/Downloads\/J-L\/ksv-forderrichtlinie.pdf?__blob=publicationFile&amp;v=16\" target=\"_blank\" rel=\"noopener\">BMWK<\/a> im Laufe des ersten Halbjahres 2023 genaue Informationen zu den folgenden Themen bekanntgegeben.<br \/>\n<\/span><\/p>\n<ul>\n<li><span style=\"font-size: 12pt;\">Durchf\u00fchrung des Gebotsverfahrens <\/span><\/li>\n<li><span style=\"font-size: 12pt;\">M\u00f6gliche Beschr\u00e4nkung des Gebotsverfahrens <\/span><\/li>\n<li><span style=\"font-size: 12pt;\">Die F\u00f6rderbedingungen der einzelnen Branchen <\/span><\/li>\n<li><span style=\"font-size: 12pt;\">Das F\u00f6rdervolumen<\/span><\/li>\n<li><span style=\"font-size: 12pt;\">Das Bewertungsschema f\u00fcr die Bewertung der Gebote <\/span><\/li>\n<li><span style=\"font-size: 12pt;\">Die Frist zur Abgabe der Gebote <\/span><\/li>\n<li><span style=\"font-size: 12pt;\">Die Verfahrensregelungen f\u00fcr das Gebotsverfahren <\/span><\/li>\n<\/ul>\n<p><span style=\"font-size: 12pt;\">Zum jetzigen Zeitpunkt ist bereits bekannt, dass die Bewertung der Gebote anhand eines <a href=\"https:\/\/www.bmwk.de\/Redaktion\/DE\/Downloads\/J-L\/ksv-forderrichtlinie.pdf?__blob=publicationFile&amp;v=16\" target=\"_blank\" rel=\"noopener\">Punktesystem<\/a> erfolgen wird. Dabei ist die Bewertung durch die fogende Gewichtung aufgeteilt.<\/span><\/p>\n<ul>\n<li><span style=\"font-size: 12pt;\">70 % F\u00f6rderkosteneffizienz<\/span><\/li>\n<li><span style=\"font-size: 12pt;\">15 % relative Treibhausgasemissionsminderung<\/span><\/li>\n<li><span style=\"font-size: 12pt;\">15 % relative Energieintensit\u00e4t<\/span><\/li>\n<\/ul>\n<p>&nbsp;<\/p>\n<p><strong><a href=\"https:\/\/gallehr.flei.dev\/\" target=\"_blank\" rel=\"noopener\">GALLEHR+PARTNER<sup>\u00ae<\/sup><\/a> ist seit 2007 der <a href=\"https:\/\/gallehr.flei.dev\/leistungen\/\" target=\"_blank\" rel=\"noopener\">erfahrene Lotse<\/a> f\u00fcr die Wirtschaft auf dem Weg zur CO\u2082-Neutralit\u00e4t. Zu dem Kundenstamm von GALLEHR+PARTNER<sup>\u00ae<\/sup> geh\u00f6rt eine Vielzahl national und international renommierter Unternehmen. Diese ber\u00e4t und unterst\u00fctzen wir teilweise bis zur vollst\u00e4ndigen eigenverantwortlichen \u00dcbernahme relevanter Prozesse inkl. bei <a href=\"https:\/\/gallehr.flei.dev\/leistungen\/verpflichtender-emissionshandel-eu-und-de\/\" target=\"_blank\" rel=\"noopener\">Fragen<\/a> rund um die Antragstellung zur Strompreiskompensation der deutschen Emissionshandelsstelle (DEHSt).<\/strong><\/p>\n<h3><strong>Folgende weitere T\u00e4tigkeiten f\u00fchren wir in diesem Umfeld gerne f\u00fcr Sie durch:<\/strong><\/h3>\n<ul>\n<li><a href=\"https:\/\/gallehr.flei.dev\/leistungen\/\" target=\"_blank\" rel=\"noopener\">Unterst\u00fctzungsarbeit bei der Antragstellung auf Strompreiskompensation\u00a0 <\/a><\/li>\n<li><a href=\"https:\/\/gallehr.flei.dev\/de\/leistungen\/verpflichtender-emissionshandel-eu-und-de\/\" target=\"_blank\" rel=\"noopener\">BEHG-Carbon-Leakage Verordnung (BECV) \u2013 Beantragung<\/a><\/li>\n<li><a href=\"https:\/\/gallehr.flei.dev\/de\/leistungen\/klima-und-csr-strategie\/\" target=\"_blank\" rel=\"noopener\">Wirtschaftlichkeitsbewertung von Energieeffizienzma\u00dfnahmen nach DIN EN 17463 \u2013 VALERI<\/a><\/li>\n<li><a href=\"https:\/\/gallehr.flei.dev\/leistungen\/managementsysteme\/\" target=\"_blank\" rel=\"noopener\">Entwicklung, Einf\u00fchrung und Betrieb von Energie-, Umwelt- und Klimamanagementsystemen<\/a><\/li>\n<\/ul>\n","protected":false},"excerpt":{"rendered":"<p>Richtlinienentwurf zur Etablierung von CO\u2082-Differenzvertr\u00e4gen Mit dem Anfang Dezember ver\u00f6ffentlichten &#8222;Richtlinienentwurf zur F\u00f6rderung von klimaneutralen Produktionsverfahren durch Klimaschutzvertr\u00e4ge&#8220; unternimmt das [&hellip;]<\/p>\n","protected":false},"author":17,"featured_media":0,"comment_status":"closed","ping_status":"closed","sticky":false,"template":"","format":"standard","meta":{"footnotes":""},"categories":[180,178],"tags":[744,745,746,747],"class_list":["post-85917","post","type-post","status-publish","format-standard","hentry","category-news","category-archiv","tag-klimaneutralen-produktionsverfahren","tag-co-differenzvertraege","tag-ccfd","tag-energietraegerwechsel"],"_links":{"self":[{"href":"https:\/\/gallehr.flei.dev\/de\/wp-json\/wp\/v2\/posts\/85917","targetHints":{"allow":["GET"]}}],"collection":[{"href":"https:\/\/gallehr.flei.dev\/de\/wp-json\/wp\/v2\/posts"}],"about":[{"href":"https:\/\/gallehr.flei.dev\/de\/wp-json\/wp\/v2\/types\/post"}],"author":[{"embeddable":true,"href":"https:\/\/gallehr.flei.dev\/de\/wp-json\/wp\/v2\/users\/17"}],"replies":[{"embeddable":true,"href":"https:\/\/gallehr.flei.dev\/de\/wp-json\/wp\/v2\/comments?post=85917"}],"version-history":[{"count":0,"href":"https:\/\/gallehr.flei.dev\/de\/wp-json\/wp\/v2\/posts\/85917\/revisions"}],"wp:attachment":[{"href":"https:\/\/gallehr.flei.dev\/de\/wp-json\/wp\/v2\/media?parent=85917"}],"wp:term":[{"taxonomy":"category","embeddable":true,"href":"https:\/\/gallehr.flei.dev\/de\/wp-json\/wp\/v2\/categories?post=85917"},{"taxonomy":"post_tag","embeddable":true,"href":"https:\/\/gallehr.flei.dev\/de\/wp-json\/wp\/v2\/tags?post=85917"}],"curies":[{"name":"wp","href":"https:\/\/api.w.org\/{rel}","templated":true}]}}