{"id":85921,"date":"2023-02-03T17:40:37","date_gmt":"2023-02-03T16:40:37","guid":{"rendered":"https:\/\/hostsharing.gallehr.de\/?p=85921"},"modified":"2023-02-05T23:28:32","modified_gmt":"2023-02-05T22:28:32","slug":"strompreiskompensations-antrag-ohne-zeitdruck","status":"publish","type":"post","link":"https:\/\/gallehr.flei.dev\/de\/strompreiskompensations-antrag-ohne-zeitdruck\/","title":{"rendered":"Strompreiskompensation Abrechnungsjahr 2022 &#8211; Kapitel 2"},"content":{"rendered":"<h1>Vorbereitungsverfahren zur Strompreiskompensation-Antragstellung<\/h1>\n<p><span style=\"font-size: 12pt;\">Sie haben f\u00fcr sich festgestellt, dass ihr Unternehmen unter den beihilfeberechtigten Sektoren und Teilsektoren erscheint und m\u00f6chten nun folgend Ihren <a href=\"https:\/\/gallehr.flei.dev\/de\/leistungen\/strompreiskompensation\/\" target=\"_blank\" rel=\"noopener\">Antrag<\/a> auf <a href=\"https:\/\/www.dehst.de\/DE\/Strompreiskompensation\/strompreiskompensation_node.html\" target=\"_blank\" rel=\"noopener\">Strompreiskompensation<\/a> vorbereiten? Nach unserer Erfahrung ist f\u00fcr Ihre Strompreiskompensation-Antragstellung ein fr\u00fch eingeleitetes Vorbereitungsverfahren \u00e4u\u00dferst hilfreich. Daher empfehlen wir, dass Sie fr\u00fchzeitig Informationen einholen sowie Prozesse f\u00fcr die <a href=\"https:\/\/gallehr.flei.dev\/de\/leistungen\/strompreiskompensation\/\" target=\"_blank\" rel=\"noopener\">Antragstellung<\/a> ansto\u00dfen. Im Rahmen dieses Artikels wollen wir dahingehend unsere Erfahrung in Form einer <a href=\"https:\/\/gallehr.flei.dev\/wordpress\/wp-content\/uploads\/2023\/02\/Dokumente-SPK2023.jpg\" target=\"_blank\" rel=\"noopener\">SPK-Checkliste<\/a> wiedergeben. Das hei\u00dft, was brauchen Sie und kann schon ein paar Monate vor der Deadline organisiert werden?<br \/>\n<\/span><\/p>\n<hr \/>\n<p class=\"reader-text-block__paragraph\"><strong><span style=\"font-size: 12pt; color: #b01419;\">Hinweis:<\/span><\/strong><\/p>\n<p class=\"reader-text-block__paragraph\"><span style=\"font-size: 12pt;\">Befindet sich auch Ihr Unternehmen in einem beihilfeberechtigten Sektor?\u00a0<a href=\"https:\/\/gallehr.flei.dev\/de\/\" target=\"_blank\" rel=\"noopener\">GALLEHR+PARTNER<sup>\u00ae<\/sup><\/a> unterst\u00fctzt seit dem Jahr 2013 <a href=\"https:\/\/gallehr.flei.dev\/referenzen\/\">verschiedene Unternehmen<\/a> bei der Antragstellung zur Strompreiskompensation. Wie genau funktioniert die Antragstellung zur Strompreiskompensation und wie hoch kann meine individuelle Beihilfeh\u00f6he ausfallen? Diese wesentlichen Informationen und weitere erhalten Sie in unserem Beitrag <a href=\"https:\/\/gallehr.flei.dev\/de\/strompreiskompensation-abrechnungsjahr-2022-kapitel-1\/\" target=\"_blank\" rel=\"noopener\">Strompreiskompensation Abrechnungsjahr 2022 &#8211; Kapitel 1<\/a>. Angeh\u00e4ngt finden Sie zum <a href=\"https:\/\/gallehr.flei.dev\/wordpress\/wp-content\/uploads\/2023\/01\/Fragebogen_SPK_v3-2.pdf\" target=\"_blank\" rel=\"noopener\">Download unseren Fragebogen<\/a> f\u00fcr eine erste Absch\u00e4tzung. Bei Bedarf wenden Sie sich gerne <a href=\"https:\/\/gallehr.flei.dev\/de\/kontakt\/\">direkt an uns<\/a>.<br \/>\n<\/span><\/p>\n<hr \/>\n<h2>Einleitung Ihres Vorbereitungsverfahrens zur SPK-Antragstellung<\/h2>\n<p><span style=\"font-size: 12pt;\"><strong>1. Ist die Elektronische Signaturkarte vorhanden?<\/strong><\/span><\/p>\n<p><span style=\"font-size: 12pt;\">Wenn Sie selber ihren Beihilfe-Antrag \u00fcber die verpflichtende <a href=\"https:\/\/www.dehst.de\/DE\/Strompreiskompensation\/Elektronische-Kommunikation\/elektronische-kommunikation_node.html\" target=\"_blank\" rel=\"noopener\">VPS-Poststelle <\/a>der <a href=\"https:\/\/www.dehst.de\/DE\/startseite\/startseite-node.html\" target=\"_blank\" rel=\"noopener\">DEHSt<\/a> einreichen wollen, ben\u00f6tigen Sie ein sogenannte qualifizierte elektronische Signatur. Der Einsatz der <a href=\"https:\/\/www.dehst.de\/DE\/Strompreiskompensation\/Elektronische-Kommunikation\/elektronische-kommunikation_node.html\" target=\"_blank\" rel=\"noopener\">qualifizierten elektronischen Signatur<\/a> gew\u00e4hrleistet die vollst\u00e4ndige Datensicherheit und Wahrung der Echtheit der Dokumente bei der \u00dcbermittlung. Die <a href=\"https:\/\/www.dehst.de\/DE\/startseite\/startseite-node.html\" target=\"_blank\" rel=\"noopener\">DEHSt<\/a> stellt hierf\u00fcr umfangreiche Informationen zur Verf\u00fcgung:<\/span><\/p>\n<p><span style=\"font-size: 12pt;\"><a href=\"https:\/\/www.dehst.de\/DE\/service\/elektronische-kommunikation\/Elektronische-Signatur\/elektronische-signatur_node.html\">https:\/\/www.dehst.de\/DE\/service\/elektronische-kommunikation\/Elektronische-Signatur\/elektronische-signatur_node.html<\/a><\/span><\/p>\n<p><span style=\"font-size: 12pt;\">Hierbei ist zu beachten, dass das Antragsverfahren f\u00fcr die elektronische Signatur bis zu 3 Monate dauern kann. Alternativ bietet <a href=\"https:\/\/gallehr.flei.dev\/de\/\" target=\"_blank\" rel=\"noopener\">GALLEHR+PARTNER<sup>\u00ae <\/sup><\/a>an, f\u00fcr Sie als Bevollm\u00e4chtigter den Versand der Beihilfe-Antr\u00e4ge an die DEHSt \u00fcber die virtuelle<br \/>\nPoststelle (VPS) mithilfe der elektronischen Signatur durchzuf\u00fchren.<\/span><\/p>\n<h3><span style=\"font-size: 12pt;\"><strong>2. Ist ihr VPS-Postfach eingerichtet?<\/strong><\/span><\/h3>\n<p><span style=\"font-size: 12pt;\">Der Beihilfe-Antrag auf Strompreiskompensation kann ausschlie\u00dflich \u00fcber die virtuelle Postelle (VPS) der <a href=\"https:\/\/www.dehst.de\/DE\/startseite\/startseite-node.html\" target=\"_blank\" rel=\"noopener\">DEHSt<\/a> eingereicht werden. F\u00fcr die Nutzung der virtuellen Poststelle ist eine Registrierung sowie Aktivierung Ihrerseits notwendig. Weitere Informationen stellt die <a href=\"https:\/\/www.dehst.de\/DE\/startseite\/startseite-node.html\" target=\"_blank\" rel=\"noopener\">DEHSt<\/a> hierzu auf ihrer Webseite zur Verf\u00fcgung:<\/span><\/p>\n<p><span style=\"font-size: 12pt;\"><a href=\"https:\/\/www.dehst.de\/DE\/service\/elektronische-kommunikation\/Virtuelle_Poststelle\/virtuelle-poststelle_node.html\">https:\/\/www.dehst.de\/DE\/service\/elektronische-kommunikation\/Virtuelle_Poststelle\/virtuelle-poststelle_node.html<\/a><\/span><\/p>\n<h3><span style=\"font-size: 12pt;\"><strong>3. Die DEHSt-SPK-Aktenzeichen und SPK-Anlagen-Aktenzeichen existieren?<\/strong><\/span><\/h3>\n<p><span style=\"font-size: 12pt;\">Die Beantragung eines <a href=\"https:\/\/www.dehst.de\/DE\/Strompreiskompensation\/SPK_beantragen\/antrag-stellen_node.html\" target=\"_blank\" rel=\"noopener\">DEHSt-SPK-Aktenzeichen<\/a> (Unternehmens-Aktenzeichen) sowie eines SPK-Anlagen-Aktenzeichen (Anlagen-Aktenzeichen) ist nur bei erstmaliger Beantragung auf Strompreiskompensation notwendig. Der Antrag f\u00fcr die beiden Aktenzeichen erfolgt formlos \u00fcber die <strong>VPS-Poststelle<\/strong> der DEHSt. Wenn ihr Unternehmen mehrere beihilfeberechtigte Standorte oder Anlagen hat, dann umfasst der Beihilfe-Antrag alle diese Standorte und Anlagen. Die verschiedenen Standorte und Anlagen werden haupts\u00e4chlich anhand ihrer BimSchG-Genehmigung oder Genehmigung nach dem BauG unterschieden. F\u00fcr jede derzeit geltende Genehmigung ben\u00f6tigt man ein <a href=\"https:\/\/www.dehst.de\/DE\/Strompreiskompensation\/SPK_beantragen\/antrag-stellen_node.html\" target=\"_blank\" rel=\"noopener\">SPK-Anlagen-Aktenzeichen<\/a>.<\/span><\/p>\n<h3><span style=\"font-size: 12pt;\"><strong>4. &#8222;Bruttowertsch\u00f6pfung zu Faktorkosten&#8220; berechnet?<\/strong><\/span><\/h3>\n<p><span style=\"font-size: 12pt;\">Beihilfef\u00e4hige Unternehmen k\u00f6nnen eine erg\u00e4nzende Beihilfe beantragen. Die urspr\u00fcngliche Beihilfeberechnungsvorschrift k\u00fcrzt die eigentlichen indirekten Kosten der CO<sub>2<\/sub>-Zertifikate um 25%. Dadurch ergibt sich eine L\u00fccke zwischen den eigentlichen Kosten und der letztendlichen Beihilfe. Diese L\u00fccke kann um den Betrag der Bruttowertsch\u00f6pfungsgrenze = 1,5%*(Bruttowertsch\u00f6pfung zu Faktorkosten) aufgef\u00fcllt werden. Umso kleiner diese Bruttowertsch\u00f6pfung ist, umso gr\u00f6\u00dfer f\u00e4llt die erg\u00e4nzende Beihilfe aus. Bei zu gro\u00dfer positiver Bruttowertsch\u00f6pfung zu Faktorkosten wiederum droht eine weitere K\u00fcrzung der Beihilfe. Die beiden F\u00e4lle sind in der Grafik unten rein qualitativ dargestellt.<br \/>\n<\/span><\/p>\n<p><span style=\"font-size: 12pt;\">Konkret muss die erw\u00e4hnte Bruttowertsch\u00f6pfung gem\u00e4\u00df Nummer 5.2.4 der SPK-F\u00f6rderrichtlinie berechnet werden. Stromintensive Unternehmen, die in der Vergangenheit die besondere Ausgleichsregelung in Anspruch genommen haben, sind m\u00f6glicherweise mit der Methodik vertraut sein. <a href=\"https:\/\/gallehr.flei.dev\/de\/\" target=\"_blank\" rel=\"noopener\">GALLEHR+PARTNER\u00ae<\/a> kann sie in der Berechnung dahingehend unterst\u00fctzen.<\/span><\/p>\n<p><img decoding=\"async\" class=\"aligncenter\" src=\"https:\/\/gallehr.flei.dev\/wordpress\/wp-content\/uploads\/2023\/02\/ergBeihilfe2-1.png\" alt=\"\" width=\"774\" height=\"307\" \/><\/p>\n<h3><span style=\"font-size: 12pt;\"><strong>5. Ist der\/die Wirtschaftspr\u00fcfer:in beauftragt?<\/strong><\/span><\/h3>\n<p><span style=\"font-size: 12pt;\">Da Sie nicht die einzigen Antragssteller sind und nur wenige Wirtschaftspr\u00fcfer und\/oder Wirtschaftspr\u00fcfergesellschaften mit der Beantragung dieser speziellen Beihilfe vertraut sind, kann es schnell hektisch werden. Insbesondere, da eine Anlagenbegehung zum Pr\u00fcfauftrag geh\u00f6rt. Beauftragen Sie ihren Wirtschaftspr\u00fcfer dementsprechend bestenfalls fr\u00fchzeitig.<\/span><\/p>\n<h3><\/h3>\n<h2>Vollst\u00e4ndige Dokumentenliste zur Pr\u00fcfung Ihres Antrages auf Strompreiskompensation<\/h2>\n<figure id=\"attachment_85971\" aria-describedby=\"caption-attachment-85971\" style=\"width: 644px\" class=\"wp-caption aligncenter\"><img decoding=\"async\" class=\"wp-image-85971 size-full\" title=\"Antragsverfahren Strompreiskompensation - Abrechnungsjahr 2022\" src=\"https:\/\/gallehr.flei.dev\/wordpress\/wp-content\/uploads\/2023\/02\/Dokumente-SPK2023.jpg\" alt=\"Antragsverfahren Strompreiskompensation - Abrechnungsjahr 2022\" width=\"644\" height=\"912\" srcset=\"https:\/\/gallehr.flei.dev\/wp-content\/uploads\/2023\/02\/Dokumente-SPK2023.jpg 644w, https:\/\/gallehr.flei.dev\/wp-content\/uploads\/2023\/02\/Dokumente-SPK2023-212x300.jpg 212w, https:\/\/gallehr.flei.dev\/wp-content\/uploads\/2023\/02\/Dokumente-SPK2023-350x496.jpg 350w\" sizes=\"(max-width: 644px) 100vw, 644px\" \/><figcaption id=\"caption-attachment-85971\" class=\"wp-caption-text\">Antragsverfahren Strompreiskompensation &#8211; Abrechnungsjahr 2022<\/figcaption><\/figure>\n<hr \/>\n<p class=\"reader-text-block__paragraph\"><strong><span style=\"font-size: 12pt; color: #b01419;\">Hinweis:<\/span><\/strong><\/p>\n<p class=\"reader-text-block__paragraph\"><span style=\"font-size: 12pt;\">GALLEHR+PARTNER\u00ae bietet Ihnen eine unverbindliche Pr\u00fcfung der Beihilfef\u00e4higkeit sowie eine Absch\u00e4tzung der zu erwartenden Beihilfeh\u00f6he an. Angeh\u00e4ngt finden Sie zum <a href=\"https:\/\/gallehr.flei.dev\/wordpress\/wp-content\/uploads\/2023\/01\/Fragebogen_SPK_v3-2.pdf\" target=\"_blank\" rel=\"noopener\">Download unseren Fragebogen<\/a> f\u00fcr eine erste Absch\u00e4tzung. Bei Bedarf wenden Sie sich gerne <a href=\"https:\/\/gallehr.flei.dev\/de\/kontakt\/\">direkt an uns<\/a>.<\/span><\/p>\n<hr \/>\n<h3><strong>Weitere Informationen zum Thema Strompreiskompensation finden Sie auf unserer <a href=\"https:\/\/gallehr.flei.dev\/leistungen\/verpflichtender-emissionshandel-eu-und-de\/\" target=\"_blank\" rel=\"noopener\">Homepage<\/a> sowie in unserem <a href=\"https:\/\/gallehr.flei.dev\/news\/\" target=\"_blank\" rel=\"noopener\">Newsletter<\/a>.<\/strong><\/h3>\n<h3><strong>Folgende weitere T\u00e4tigkeiten f\u00fchren wir in diesem Umfeld gerne f\u00fcr Sie durch:<\/strong><\/h3>\n<ul>\n<li><a href=\"https:\/\/gallehr.flei.dev\/leistungen\/\" target=\"_blank\" rel=\"noopener\">Unterst\u00fctzungsarbeit bei der Antragstellung auf Strompreiskompensation\u00a0 <\/a><\/li>\n<li><a href=\"https:\/\/gallehr.flei.dev\/de\/leistungen\/verpflichtender-emissionshandel-eu-und-de\/\" target=\"_blank\" rel=\"noopener\">BEHG-Carbon-Leakage Verordnung (BECV) &#8211; Beantragung<\/a><\/li>\n<li><a href=\"https:\/\/gallehr.flei.dev\/de\/leistungen\/klima-und-csr-strategie\/\" target=\"_blank\" rel=\"noopener\">Wirtschaftlichkeitsbewertung von Energieeffizienzma\u00dfnahmen nach DIN EN 17463 &#8211; VALERI<\/a><\/li>\n<li><a href=\"https:\/\/gallehr.flei.dev\/leistungen\/managementsysteme\/\" target=\"_blank\" rel=\"noopener\">Entwicklung, Einf\u00fchrung und Betrieb von Energie-, Umwelt- und Klimamanagementsystemen<\/a><\/li>\n<\/ul>\n<p><strong><a href=\"https:\/\/gallehr.flei.dev\/\" target=\"_blank\" rel=\"noopener\">GALLEHR+PARTNER<sup>\u00ae<\/sup><\/a> ist seit 2007 der <a href=\"https:\/\/gallehr.flei.dev\/leistungen\/\" target=\"_blank\" rel=\"noopener\">erfahrene Lotse<\/a> f\u00fcr die Wirtschaft auf dem Weg zur CO\u2082-Neutralit\u00e4t. Zu dem Kundenstamm von GALLEHR+PARTNER<sup>\u00ae<\/sup> geh\u00f6rt eine Vielzahl national und international renommierter Unternehmen. Diese ber\u00e4t und unterst\u00fctzen wir teilweise bis zur vollst\u00e4ndigen eigenverantwortlichen \u00dcbernahme relevanter Prozesse inkl. bei <a href=\"https:\/\/gallehr.flei.dev\/leistungen\/verpflichtender-emissionshandel-eu-und-de\/\" target=\"_blank\" rel=\"noopener\">Fragen<\/a> rund um die Antragstellung zur Strompreiskompensation der deutschen Emissionshandelsstelle (DEHSt).<\/strong><\/p>\n","protected":false},"excerpt":{"rendered":"<p>Vorbereitungsverfahren zur Strompreiskompensation-Antragstellung Sie haben f\u00fcr sich festgestellt, dass ihr Unternehmen unter den beihilfeberechtigten Sektoren und Teilsektoren erscheint und m\u00f6chten [&hellip;]<\/p>\n","protected":false},"author":14,"featured_media":0,"comment_status":"closed","ping_status":"closed","sticky":false,"template":"","format":"standard","meta":{"footnotes":""},"categories":[180,178],"tags":[204,207,209,748,749,750,751],"class_list":["post-85921","post","type-post","status-publish","format-standard","hentry","category-news","category-archiv","tag-dehst","tag-strompreiskompensation","tag-vps","tag-vorbereitungsverfahren","tag-gallehrpartner","tag-dokumentenliste","tag-spk-antragstellung"],"_links":{"self":[{"href":"https:\/\/gallehr.flei.dev\/de\/wp-json\/wp\/v2\/posts\/85921","targetHints":{"allow":["GET"]}}],"collection":[{"href":"https:\/\/gallehr.flei.dev\/de\/wp-json\/wp\/v2\/posts"}],"about":[{"href":"https:\/\/gallehr.flei.dev\/de\/wp-json\/wp\/v2\/types\/post"}],"author":[{"embeddable":true,"href":"https:\/\/gallehr.flei.dev\/de\/wp-json\/wp\/v2\/users\/14"}],"replies":[{"embeddable":true,"href":"https:\/\/gallehr.flei.dev\/de\/wp-json\/wp\/v2\/comments?post=85921"}],"version-history":[{"count":0,"href":"https:\/\/gallehr.flei.dev\/de\/wp-json\/wp\/v2\/posts\/85921\/revisions"}],"wp:attachment":[{"href":"https:\/\/gallehr.flei.dev\/de\/wp-json\/wp\/v2\/media?parent=85921"}],"wp:term":[{"taxonomy":"category","embeddable":true,"href":"https:\/\/gallehr.flei.dev\/de\/wp-json\/wp\/v2\/categories?post=85921"},{"taxonomy":"post_tag","embeddable":true,"href":"https:\/\/gallehr.flei.dev\/de\/wp-json\/wp\/v2\/tags?post=85921"}],"curies":[{"name":"wp","href":"https:\/\/api.w.org\/{rel}","templated":true}]}}