{"id":85944,"date":"2023-02-02T10:12:29","date_gmt":"2023-02-02T09:12:29","guid":{"rendered":"https:\/\/hostsharing.gallehr.de\/?p=85944"},"modified":"2023-02-02T10:13:16","modified_gmt":"2023-02-02T09:13:16","slug":"antragstellung-auf-kompensation-von-doppelbelasteten-brennstoffen","status":"publish","type":"post","link":"https:\/\/gallehr.flei.dev\/de\/antragstellung-auf-kompensation-von-doppelbelasteten-brennstoffen\/","title":{"rendered":"Kompensation von doppelt belasteten Brennstoffen | Antragstellung bis 31.03.2023 m\u00f6glich!"},"content":{"rendered":"<h1>DEHSt \u00f6ffnet Antragsverfahren auf Kompensation f\u00fcr durch den nationalen Emissionshandel doppelt belastete Brennstoffe<\/h1>\n<p><span style=\"font-size: 12pt;\">Am 01. Februar 2023 ver\u00f6ffentlichte die <a href=\"https:\/\/www.dehst.de\/DE\/startseite\/startseite-node.html\">Deutsche Emissionshandelsstelle (DEHSt)<\/a> die <a href=\"https:\/\/www.formulare.dehst.de\/ets\/content.do\" target=\"_blank\" rel=\"noopener\">Formular-Management-System Anwendung<\/a> zur Beantragung einer <a href=\"https:\/\/www.dehst.de\/DE\/Nationaler-Emissionshandel\/EU-ETS-Kompensation\/euets-kompensation_node.html\" target=\"_blank\" rel=\"noopener\">Kompensation der entstandenen Doppelbelastung durch die \u00dcberschneidung von nationalen und europ\u00e4ischen Emissionshandel<\/a>. Grundlage f\u00fcr die Kompensation stellt die <a href=\"https:\/\/www.gesetze-im-internet.de\/bedv\/BJNR01D0A0023.html\" target=\"_blank\" rel=\"noopener\">Verordnung zur Kompensation doppelt bilanzierter Brennstoffemissionen nach Brennstoffemissionshandelsgesetz<\/a> (kurz BEDV), welche am 01.02.2023 in Kraft getreten ist.<\/span><\/p>\n<p><span style=\"font-size: 12pt;\">In dem Zusammenhang wurde auch <span style=\"font-family: Helvetica, Arial, sans-serif;\">der <a href=\"https:\/\/www.dehst.de\/SharedDocs\/downloads\/DE\/stationaere_anlagen\/2021-2030\/Leitfaden-euets-nehs.pdf?__blob=publicationFile&amp;v=5\" target=\"_blank\" rel=\"noopener\">Leitfaden Zusammenwirken von EU-ETS und nEHS<\/a> ver\u00f6ffentlicht.<\/span><\/span><\/p>\n<h2><span style=\"font-size: 14pt;\">Wer kann eine Kompensation nach BEDV beantragen?<\/span><\/h2>\n<p><span style=\"font-size: 12pt;\">Eine Beantragung ist f\u00fcr Brennstoffe m\u00f6glich, die unter den nationalen Emissionshandel fallen und in EU-ETS-Anlagen eingesetzt und im Emissionsbericht angegeben wurden. Hier k\u00f6nnen nur die Mengen ber\u00fccksichtigt werden, f\u00fcr die im Vorfeld keine Verwendungsabsichtserkl\u00e4rung mit dem Lieferanten vereinbart werden konnte und somit CO\u2082-Kosten aus dem <a href=\"https:\/\/www.dehst.de\/DE\/Nationaler-Emissionshandel\/nationaler-emissionshandel_node.html\" target=\"_blank\" rel=\"noopener\">nationalen Emissionshandel<\/a> Ihnen f\u00fcr die Verwendung in der EU-ETS Anlage in Rechnung gestellt wurden.<\/span><\/p>\n<p><span style=\"font-size: 12pt;\">In den Jahren 2021 und 2022 sind das \u00fcberwiegend folgende Brennstoffe, bei denen es zu einer <a href=\"https:\/\/www.dehst.de\/DE\/Nationaler-Emissionshandel\/nationaler-emissionshandel_node.html\" target=\"_blank\" rel=\"noopener\">Doppelbelastung<\/a> bei EU-ETS Anlagenbetreiber gekommen sein kann:<\/span><\/p>\n<ul>\n<li><span style=\"font-size: 12pt;\">Erdgas<\/span><\/li>\n<li><span style=\"font-size: 12pt;\">Diesel\/Heiz\u00f6l<\/span><\/li>\n<li><span style=\"font-size: 12pt;\">Fl\u00fcssiggas<\/span><\/li>\n<\/ul>\n<h2><span style=\"font-size: 14pt;\">Bis wann ist der Antrag zur Kompensation nach BEDV einzureichen?<\/span><\/h2>\n<p><span style=\"font-size: 12pt;\">F\u00fcr das Emissionsberichtsjahr 2021 kann bis 31.03.2023 ein Antrag auf Kompensation der Doppelbelastung via VPS bei der <a href=\"https:\/\/www.dehst.de\/\" target=\"_blank\" rel=\"noopener\">DEHSt<\/a> eingereicht werden. Es handelt sich hierbei um eine Ausschlussfrist. Antr\u00e4ge die sp\u00e4ter eingereicht werden, werden von der DEHSt abgelehnt.<\/span><\/p>\n<p><span style=\"font-size: 12pt;\">F\u00fcr die Kompensation von Doppelbelastung des Emissionsberichtsjahrs 2022 wird nach <a href=\"https:\/\/gallehr.flei.dev\/de\/\" target=\"_blank\" rel=\"noopener\">GALLEHR+PARTNER<sup>\u00ae<\/sup><\/a> Informationen der 31.07.2023 sein. Hier ist aber auf weitere Informationen seitens der DEHSt zu warten.<\/span><\/p>\n<h2><span style=\"font-size: 14pt;\">Wie hat die Antragstellung zu erfolgen?<\/span><\/h2>\n<p><span style=\"font-size: 12pt;\">Der Antrag ist im <a href=\"https:\/\/www.formulare.dehst.de\/ets\/content.do\" target=\"_blank\" rel=\"noopener\">Formular-Management-System<\/a> (FMS) der <a href=\"https:\/\/www.dehst.de\/\" target=\"_blank\" rel=\"noopener\">DEHSt<\/a> formgerecht zu erstellen. Hierzu ist unter anderem die letzte Version des verifizierten Emissionsberichts hochzuladen.<\/span><\/p>\n<figure id=\"attachment_85973\" aria-describedby=\"caption-attachment-85973\" style=\"width: 750px\" class=\"wp-caption aligncenter\"><img decoding=\"async\" class=\"wp-image-85973 size-full\" title=\"Doppelbilanzierungverordnung, BEDV\" src=\"https:\/\/gallehr.flei.dev\/wordpress\/wp-content\/uploads\/2023\/02\/doppelbelastung-infografik.jpg\" alt=\"Doppelbilanzierungverordnung, BEDV\" width=\"750\" height=\"367\" srcset=\"https:\/\/gallehr.flei.dev\/wp-content\/uploads\/2023\/02\/doppelbelastung-infografik.jpg 750w, https:\/\/gallehr.flei.dev\/wp-content\/uploads\/2023\/02\/doppelbelastung-infografik-300x147.jpg 300w, https:\/\/gallehr.flei.dev\/wp-content\/uploads\/2023\/02\/doppelbelastung-infografik-350x171.jpg 350w\" sizes=\"(max-width: 750px) 100vw, 750px\" \/><figcaption id=\"caption-attachment-85973\" class=\"wp-caption-text\">Quelle: Deutsche Emissionshandelsstelle (DEHSt)<\/figcaption><\/figure>\n<p><span style=\"font-size: 12pt;\">Anschlie\u00dfend m\u00fcssen noch weitere Angaben in der FMS-Anwendung gemacht werden. Der finale Antrag f\u00fcr das Emissionsberichtsjahr 2021 muss anschlie\u00dfend \u00fcber die <a href=\"https:\/\/www.dehst.de\/\" target=\"_blank\" rel=\"noopener\">virtuelle Poststelle (VPS)<\/a> bei der <a href=\"https:\/\/www.dehst.de\/\" target=\"_blank\" rel=\"noopener\">DEHSt<\/a> bis sp\u00e4testens 31.03.2023 eingegangen sein.<\/span><\/p>\n<h2><span style=\"font-size: 14pt;\">Ist eine Verifizierung des Antrags durch eine Pr\u00fcfstelle notwendig?<\/span><\/h2>\n<p><span style=\"font-size: 12pt;\">Eine Verifizierung durch eine unabh\u00e4ngige Pr\u00fcfstelle ist f\u00fcr die Emissionsberichtsjahre 2021 und 2022 nicht notwendig. Ab dem Emissionsberichtsjahr 2023 ist eine Verifizierung notwendig.<\/span><\/p>\n<h2><span style=\"font-size: 14pt;\">Wie kann GALLEHR+PARTNER<sup>\u00ae<\/sup> bei der Antragstellung unterst\u00fctzen?<\/span><\/h2>\n<p><span style=\"font-size: 12pt;\"><a href=\"https:\/\/gallehr.flei.dev\/de\/\" target=\"_blank\" rel=\"noopener\">GALLEHR+PARTNER<sup>\u00ae<\/sup><\/a> kann Sie bei Bedarf bei der Erstellung des Antrags und der Einreichung \u00fcber die VPS unterst\u00fctzen. <\/span><a href=\"https:\/\/gallehr.flei.dev\/de\/kontakt\/\" target=\"_blank\" rel=\"noopener\"><span style=\"font-size: 12pt;\">Melden Sie sich hierzu gerne bei uns.<\/span><\/a><\/p>\n<p>&nbsp;<\/p>\n<p><strong><span style=\"font-size: 12pt;\"><a href=\"https:\/\/gallehr.flei.dev\/de\/\" target=\"_blank\" rel=\"noopener\">GALLEHR+PARTNER<sup>\u00ae<\/sup><\/a> hat sich mit dem Anspruch Lotse f\u00fcr die Industrie in eine wettbewerbsf\u00e4hige und klimafreundliche Zukunft zu sein, als ein f\u00fchrender Anbieter von <a href=\"https:\/\/gallehr.flei.dev\/leistungen\/\">Klimaschutz-, Energieeffizienz- und nachhaltigen Energiebeschaffungs-Dienstleistungen<\/a> etablieren k\u00f6nnen.<\/span> <\/strong><\/p>\n<h3><strong>Folgende weitere T\u00e4tigkeiten f\u00fchren wir in diesem Umfeld gerne f\u00fcr Sie durch:<\/strong><\/h3>\n<ul>\n<li><a href=\"https:\/\/gallehr.flei.dev\/de\/leistungen\/verpflichtender-emissionshandel-eu-und-de\/\" target=\"_blank\" rel=\"noopener\">Betreuung bei allen Fragen des europ\u00e4ischen (TEHG, EU ETS) und nationalen (BEHG, nEHS) CO\u2082-Emissionshandel<\/a><\/li>\n<li><a href=\"https:\/\/gallehr.flei.dev\/leistungen\/\" target=\"_blank\" rel=\"noopener\">Beantragung und Verwaltung von F\u00f6rdermitteln<\/a><\/li>\n<li><a href=\"https:\/\/gallehr.flei.dev\/leistungen\/klima-und-csr-strategie\/\" target=\"_blank\" rel=\"noopener\">Erstellung von f\u00f6rderf\u00e4higen Transformationskonzepten inkl. Zielentwicklung, Strategieentwicklung und Managementberatung zur wirksamen Zielerreichung<\/a><\/li>\n<li><a href=\"https:\/\/gallehr.flei.dev\/leistungen\/managementsysteme\/\" target=\"_blank\" rel=\"noopener\">Entwicklung, Einf\u00fchrung und Betrieb von Energie-, Umwelt- und Klimamanagementsystemen<\/a><\/li>\n<li><a href=\"https:\/\/gallehr.flei.dev\/leistungen\/carbon-footprint\/\" target=\"_blank\" rel=\"noopener\">Erstellung von Carbon Footprints<\/a><\/li>\n<\/ul>\n","protected":false},"excerpt":{"rendered":"<p>DEHSt \u00f6ffnet Antragsverfahren auf Kompensation f\u00fcr durch den nationalen Emissionshandel doppelt belastete Brennstoffe Am 01. Februar 2023 ver\u00f6ffentlichte die Deutsche [&hellip;]<\/p>\n","protected":false},"author":3,"featured_media":0,"comment_status":"closed","ping_status":"closed","sticky":false,"template":"","format":"standard","meta":{"footnotes":""},"categories":[180,178],"tags":[],"class_list":["post-85944","post","type-post","status-publish","format-standard","hentry","category-news","category-archiv"],"_links":{"self":[{"href":"https:\/\/gallehr.flei.dev\/de\/wp-json\/wp\/v2\/posts\/85944","targetHints":{"allow":["GET"]}}],"collection":[{"href":"https:\/\/gallehr.flei.dev\/de\/wp-json\/wp\/v2\/posts"}],"about":[{"href":"https:\/\/gallehr.flei.dev\/de\/wp-json\/wp\/v2\/types\/post"}],"author":[{"embeddable":true,"href":"https:\/\/gallehr.flei.dev\/de\/wp-json\/wp\/v2\/users\/3"}],"replies":[{"embeddable":true,"href":"https:\/\/gallehr.flei.dev\/de\/wp-json\/wp\/v2\/comments?post=85944"}],"version-history":[{"count":0,"href":"https:\/\/gallehr.flei.dev\/de\/wp-json\/wp\/v2\/posts\/85944\/revisions"}],"wp:attachment":[{"href":"https:\/\/gallehr.flei.dev\/de\/wp-json\/wp\/v2\/media?parent=85944"}],"wp:term":[{"taxonomy":"category","embeddable":true,"href":"https:\/\/gallehr.flei.dev\/de\/wp-json\/wp\/v2\/categories?post=85944"},{"taxonomy":"post_tag","embeddable":true,"href":"https:\/\/gallehr.flei.dev\/de\/wp-json\/wp\/v2\/tags?post=85944"}],"curies":[{"name":"wp","href":"https:\/\/api.w.org\/{rel}","templated":true}]}}