{"id":86074,"date":"2023-03-28T16:58:33","date_gmt":"2023-03-28T14:58:33","guid":{"rendered":"https:\/\/hostsharing.gallehr.de\/?p=86074"},"modified":"2023-09-11T14:28:33","modified_gmt":"2023-09-11T12:28:33","slug":"mitarbeitersuche-klimaschutzmanagerin-in-teilzeit-vollzeit-m-w-d","status":"publish","type":"post","link":"https:\/\/gallehr.flei.dev\/de\/mitarbeitersuche-klimaschutzmanagerin-in-teilzeit-vollzeit-m-w-d\/","title":{"rendered":"Mitarbeitersuche: Klimaschutzmanagerin in Teilzeit\/Vollzeit (m\/w\/d)"},"content":{"rendered":"<h2>Willkommen als Klimaschutzmanagerin (m\/w\/d) bei GALLEHR+PARTNER<sup>\u00ae<\/sup><\/h2>\n<p>M\u00f6chten Sie Ihre Ideen in zukunftsf\u00e4hige L\u00f6sungen f\u00fcr Unternehmen verwandeln? M\u00f6chten Sie dabei unterst\u00fctzen, Industrieunternehmen zu helfen, ihren Weg in eine klimaneutrale, kreislaufwirtschaftliche, erneuerbare Zukunft zu meistern? Ob im Bereich <a href=\"https:\/\/gallehr.flei.dev\/leistungen\/\" target=\"_blank\" rel=\"noopener\">Emissionshandel, Energieeffizienz, Energie- und Klimamanagement<\/a> oder \u2013 vielleicht noch interessanter f\u00fcr Sie \u2013 in einer Kombination der genannten Themen? Mit uns helfen Sie, dass international agierende Industrieunternehmen eine der wichtigsten Herausforderungen unserer Zeit meistern k\u00f6nnen: Fit werden f\u00fcr eine klimaneutrale, ressourceneffiziente Zukunft.<\/p>\n<p><img decoding=\"async\" class=\"aligncenter wp-image-85035 size-medium\" src=\"https:\/\/gallehr.flei.dev\/wordpress\/wp-content\/uploads\/2021\/02\/Zusammen-300x225.png\" alt=\"Mitarbeitersuche Jobangebot Consultant Energie- und Klimaschutzberatung Teil\/Vollzeit (w\/m\/d)\" width=\"300\" height=\"225\" srcset=\"https:\/\/gallehr.flei.dev\/wp-content\/uploads\/2021\/02\/Zusammen-300x225.png 300w, https:\/\/gallehr.flei.dev\/wp-content\/uploads\/2021\/02\/Zusammen.png 640w\" sizes=\"(max-width: 300px) 100vw, 300px\" \/><\/p>\n<p>Wir, die <em>Gallehr Sustainable Risk Management GmbH<\/em> freuen uns auf Ihre <strong><a href=\"mailto:bewerbung@gallehr.de\">Bewerbung<\/a><\/strong> (w\/m\/d)!<\/p>\n<p>Zur Wahrung der Chancengleichheit zwischen Frauen und M\u00e4nnern sind Bewerbungen von Frauen ausdr\u00fccklich erw\u00fcnscht!<\/p>\n<p>Als familienfreundliches Unternehmen freuen wir uns insbesondere auch \u00fcber Bewerbungen von Ingenieur:innen aus der Elternzeit oder die Zeit danach f\u00fcr Ihren Wiedereinstieg in das Berufsleben. Wir verstehen uns als buntes und offenes Unternehmen und bieten flexibles Arbeiten f\u00fcr Jeden.<\/p>\n<h2>Die Stelle<\/h2>\n<p><strong>Anstellungsart:<\/strong> Unbefristet<br \/>\n<strong>Beginn:<\/strong> Ab sofort<br \/>\n<strong>Arbeitszeit:<\/strong> Vollzeit, vollzeitnahe Teilzeit oder Teilzeit. Wir sind als Team werktags ganzt\u00e4gig erreichbar. Ihre Arbeitszeit kann allerdings auch an den eigenen Biorhythmus angepasst werden, wenn genug Zeit zum pers\u00f6nlichen Austausch untereinander bleibt.<br \/>\n<strong>Arbeitsort:<\/strong> Wir bieten alle M\u00f6glichkeiten zum mobilen Arbeiten. Wichtig ist uns aber, dass wir uns ausreichend Zeit f\u00fcr einander im einzigartigen gemeinsamen B\u00fcro in <a href=\"https:\/\/maps.metager.de\/map\/Hauptstrasse%2043%20Karben\/8.757142660857426,50.25011690000002,18\" target=\"_blank\" rel=\"noopener noreferrer\">Karben bei Frankfurt am Main<\/a> nehmen.<\/p>\n<h2>Ihre Aufgaben<\/h2>\n<p>Die Gallehr Sustainable Risk Management GmbH versteht sich als Lotse f\u00fcr die Industrie in eine wettbewerbsf\u00e4hige und klimaneutrale Zukunft. Ihre Aufgaben werden entsprechend sein:<\/p>\n<ul>\n<li><strong>In die Praxis eintauchen: <\/strong>Sie unterst\u00fctzen <a href=\"https:\/\/gallehr.flei.dev\/referenzen\/\">unsere Kunden<\/a> in verschiedenen Themen. In erster Linie sehr konkret bei den Anforderungen zur Erf\u00fcllung der Pflichten im <a href=\"https:\/\/ec.europa.eu\/clima\/policies\/ets_de\" target=\"_blank\" rel=\"noopener noreferrer\">Europ\u00e4ischen CO<sub>2<\/sub> Emissionshandel<\/a>. Sie werden unseren Kunden helfen, ihre konkreten Treibhausgasemissionen zu ermitteln (<a href=\"https:\/\/www.dehst.de\/DE\/Nationaler-Emissionshandel\/Ueberwachungsplan-Emissionsbericht-Abgabe\/ueberwachungsplan-emissionsbericht-abgabe_node.html\" target=\"_blank\" rel=\"noopener noreferrer\">\u00dcberwachungspl\u00e4ne und Emissionsberichte<\/a>), den Kunden die Abstimmung mit den regulatorischen und zivilgesellschaftlichen Stellen zu meistern (bspw. \u00fcber die digitalen Beh\u00f6rdenschnittstellen zur <a href=\"https:\/\/www.dehst.de\/\" target=\"_blank\" rel=\"noopener noreferrer\">DEHSt<\/a>) und sie werden das digitale <a href=\"https:\/\/unionregistry.ec.europa.eu\/euregistry\/DE\/index.xhtml\" target=\"_blank\" rel=\"noopener noreferrer\">Treibhausgasregister der EU Kommission<\/a> kennen lernen.<\/li>\n<li><strong>Genauigkeit und Eigenverantwortlichkeit:<\/strong> Bei der hier angebotenen T\u00e4tigkeit kommt es auf Genauigkeit und Belastbarkeit unserer Ergebnisse an. Jedes unserer Ergebnisse wird am Ende von unabh\u00e4ngigen Gutachtern und \u00f6ffentlichen Stellen \u00fcberpr\u00fcft und best\u00e4tigt. Deshalb ist eine strukturierte und eigenverantwortliche T\u00e4tigkeit erforderlich.<\/li>\n<li><strong>Innovativ und um die Ecke denken:<\/strong> Sie sind von Anfang an dabei, gemeinsam mit uns Strategien und L\u00f6sungswege zu entwickeln um unsere Kunden auf dem Weg in die Klimaneutralit\u00e4t zu begleiten.<\/li>\n<li><strong>Souver\u00e4n abwickeln:\u00a0<\/strong>Sie werden direkten <a href=\"https:\/\/gallehr.flei.dev\/referenzen\/\">Kundenkontakt<\/a> haben und gemeinsam mit unserem Team rechtzeitig den gegebenen Terminen alle Aufgaben f\u00fcr unsere Kunden erledigt haben.<\/li>\n<li><strong>Weiterbildung: <\/strong>Sie \u00fcbernehmen Aufgaben in einem dynamischen Umfeld. Das Weiterbilden geh\u00f6rt zu einem elementaren Bestandteil Ihres Alltags und wird gerne von uns gef\u00f6rdert.<\/li>\n<\/ul>\n<h2>Ihr Profil<\/h2>\n<ul>\n<li><strong>Ausbildung:<\/strong> Sie haben einen Abschluss (Bachelor oder Master) im Bereich Umweltrecht, Ingenieurswesen, einem MINT-Fach (Mathematik, Naturwissenschaften, Technik) oder vergleichbar. Idealerweise mit Kenntnissen in den Bereichen Energie-, Umweltrecht und Klimaschutz.<\/li>\n<li><strong>Pers\u00f6nlichkeit:<\/strong> Sie sind teamf\u00e4hig, offen, engagiert und neugierig wie alles zusammenh\u00e4ngt.<\/li>\n<li><strong>Arbeitsweise:<\/strong> Sie arbeiten strukturiert, genau, agil, zielstrebig und haben einen eigenen Excellenzanspruch an Ihre Arbeit.<\/li>\n<li><strong>Erfahrungen:\u00a0<\/strong>Idealerweise konnten Sie erste Berufserfahrung in der Industrie in den Bereichen Energiewirtschaft, Klima- und Umweltschutz erwerben<\/li>\n<li><strong>Know-How:\u00a0<\/strong>Sie kennen die grunds\u00e4tzlichen Zusammenh\u00e4nge des Energie- und Klimakomplexes. Sehr gute Office-Kenntnisse, insbesondere Excel und ein erfahrener Umgang mit digitalen Zug\u00e4ngen ist erforderlich.<\/li>\n<li><strong>Motivation:\u00a0<\/strong>Sie haben Freude an den Herausforderungen, vor denen die Industrie durch Energiewende und Klimaschutz steht und an der L\u00f6sung der daraus resultierenden komplexen Anforderungen. Sie sind interessiert an technischen, kaufm\u00e4nnischen und nachhaltigen Optimierungsm\u00f6glichkeiten Richtung Energiewende und Klimaneutralit\u00e4t.<\/li>\n<li><strong>Sprachen:<\/strong> Verhandlungssicheres Deutsch und gutes Englisch in Wort und Schrift.<\/li>\n<\/ul>\n<h2>Unsere Vorteile f\u00fcr Sie<\/h2>\n<ul>\n<li>Hellwaches, kompetentes, zugewandtes und <strong>motiviertes Team.<\/strong><\/li>\n<li><b>Flexibles und mobiles Arbeiten<\/b>: Wir bieten Ihnen flexible Arbeits(zeit)modelle.<\/li>\n<li><strong>Flache Hierarchie<\/strong> und kurze Entscheidungswege.<\/li>\n<li><strong>Breites und offenes Netzwerk<\/strong> in den internationalen Klimaschutz, in Verb\u00e4nde, zu Experten und in die Politik.<\/li>\n<li>Interessante und abwechslungsreiche <strong>T\u00e4tigkeit f\u00fcr viele internationale Unternehmen.<\/strong><\/li>\n<li><b>Angebunden an die ganze Welt und trotzdem im Gr\u00fcnen<\/b>: Unser au\u00dfergew\u00f6hnlicher Hauptsitz liegt mit der S Bahn 30 min vom Zentrum Frankfurt am Main entfernt. Gleichzeitig l\u00e4dt die Umgebung direkt zu sportlichen- und freizeitlichen Aktivit\u00e4ten ein.<\/li>\n<li>Sie k\u00f6nnen bei uns Ihr <strong>Elektroauto\/eBike laden.<\/strong><\/li>\n<li>Kostenloses &#8222;<strong>Deutschlandticket&#8220;<\/strong> und <strong>Bahncard 50.<\/strong><\/li>\n<li>Freiraum f\u00fcr <b>Kreativit\u00e4t <\/b>und berufliche <b>Weiterentwicklung.<\/b><\/li>\n<\/ul>\n<h2>Kontakt<\/h2>\n<p><strong>Haben Sie noch Fragen zum Job oder zu unserem Unternehmen?<\/strong><\/p>\n<p>Wir stehen gerne jederzeit zur Verf\u00fcgung. Sie k\u00f6nnen uns entweder telefonisch unter +49 6039 9263686 oder \u00fcber unser <a href=\"https:\/\/gallehr.flei.dev\/kontakt\/\">Kontaktformular<\/a> erreichen.<\/p>\n<h2><strong><a href=\"mailto:bewerbung@gallehr.de\"><span style=\"text-decoration: underline;\"><span style=\"color: #0000ff; text-decoration: underline;\">Oder bewerben Sie sich gleich jetzt!<\/span><\/span><\/a><\/strong><\/h2>\n<p>&nbsp;<\/p>\n","protected":false},"excerpt":{"rendered":"<p>Willkommen als Klimaschutzmanagerin (m\/w\/d) bei GALLEHR+PARTNER\u00ae M\u00f6chten Sie Ihre Ideen in zukunftsf\u00e4hige L\u00f6sungen f\u00fcr Unternehmen verwandeln? M\u00f6chten Sie dabei unterst\u00fctzen, [&hellip;]<\/p>\n","protected":false},"author":3,"featured_media":0,"comment_status":"closed","ping_status":"closed","sticky":false,"template":"","format":"standard","meta":{"footnotes":""},"categories":[180,178],"tags":[185,189,661,662,663,665,666,667],"class_list":["post-86074","post","type-post","status-publish","format-standard","hentry","category-news","category-archiv","tag-industrie","tag-emissionshandel","tag-jobs","tag-mitarbeitersuche","tag-klimaneutral","tag-transformation","tag-jobsuche","tag-energie"],"_links":{"self":[{"href":"https:\/\/gallehr.flei.dev\/de\/wp-json\/wp\/v2\/posts\/86074","targetHints":{"allow":["GET"]}}],"collection":[{"href":"https:\/\/gallehr.flei.dev\/de\/wp-json\/wp\/v2\/posts"}],"about":[{"href":"https:\/\/gallehr.flei.dev\/de\/wp-json\/wp\/v2\/types\/post"}],"author":[{"embeddable":true,"href":"https:\/\/gallehr.flei.dev\/de\/wp-json\/wp\/v2\/users\/3"}],"replies":[{"embeddable":true,"href":"https:\/\/gallehr.flei.dev\/de\/wp-json\/wp\/v2\/comments?post=86074"}],"version-history":[{"count":0,"href":"https:\/\/gallehr.flei.dev\/de\/wp-json\/wp\/v2\/posts\/86074\/revisions"}],"wp:attachment":[{"href":"https:\/\/gallehr.flei.dev\/de\/wp-json\/wp\/v2\/media?parent=86074"}],"wp:term":[{"taxonomy":"category","embeddable":true,"href":"https:\/\/gallehr.flei.dev\/de\/wp-json\/wp\/v2\/categories?post=86074"},{"taxonomy":"post_tag","embeddable":true,"href":"https:\/\/gallehr.flei.dev\/de\/wp-json\/wp\/v2\/tags?post=86074"}],"curies":[{"name":"wp","href":"https:\/\/api.w.org\/{rel}","templated":true}]}}