{"id":86175,"date":"2023-04-21T12:14:44","date_gmt":"2023-04-21T10:14:44","guid":{"rendered":"https:\/\/hostsharing.gallehr.de\/?p=86175"},"modified":"2023-04-21T12:14:44","modified_gmt":"2023-04-21T10:14:44","slug":"bundesfoerderung-modul-1-6-eew","status":"publish","type":"post","link":"https:\/\/gallehr.flei.dev\/de\/bundesfoerderung-modul-1-6-eew\/","title":{"rendered":"Bundesf\u00f6rderung f\u00fcr Energie- und Ressourceneffizienz in der Wirtschaft &#8211; Module 1 &#8211; 6"},"content":{"rendered":"<h1>F\u00f6rderf\u00e4hige Energieeffizienzma\u00dfnahmen nach Modul 1 &#8211; 6 EEW &#8211; Novellierung ab Mai 2023<\/h1>\n<h2>Zul\u00e4ssiger vorzeitiger Ma\u00dfnahmenbeginn bei gef\u00f6rderten Energieeffizienzma\u00dfnahmen nach Modul 4 EEW l\u00e4uft aus, F\u00f6rderung von Transformationskonzepten wird gek\u00fcrzt<\/h2>\n<p><span style=\"font-size: 12pt;\">Am 18.04.2023 wurde im Rahmen der Hannover Messe die Novellierung der Bundesf\u00f6rderung f\u00fcr Energie- und Ressourceneffizienz in der Wirtschaft (EEW) pr\u00e4sentiert. Die ab 01.Mai.2023 g\u00fcltige Novellierung bringt einige relevante \u00c4nderungen mit sich. Diese \u00c4nderungen haben wir Ihnen in diesem Artikel zusammengefasst.<\/span><\/p>\n<h2>Stopp des &#8222;Vorzeitigen Ma\u00dfnahmenbeginns ab 2024<\/h2>\n<p><span style=\"font-size: 12pt;\">Seit Anfang Dezember 2022 war es m\u00f6glich, f\u00f6rderf\u00e4hige <a href=\"https:\/\/www.bafa.de\/DE\/Energie\/Energieeffizienz\/Energieeffizienz_und_Prozesswaerme\/Modul4_Energiebezogene_Optimierung\/modul4_energiebezogene_optimierung_node.html\" target=\"_blank\" rel=\"noopener\">Energie- und Ressourceneffizienzma\u00dfnahmen gem\u00e4\u00df Modul 4 EEW<\/a> (BAFA-F\u00f6rderung f\u00fcr Energie- und Ressourceneffizienz in der Wirtschaft) bereits auf <a href=\"https:\/\/www.bafa.de\/DE\/Energie\/Energieeffizienz\/Energieeffizienz_und_Prozesswaerme\/Modul4_Energiebezogene_Optimierung\/modul4_energiebezogene_optimierung_node.html\">\u201eeigenes finanzielles Risiko\u201c<\/a> zu starten. Hierzu z\u00e4hlt z.B. die Ausl\u00f6sung einer Bestellung oder die Montage der betroffenen Anlagen(teile). Der zul\u00e4ssige \u201evorzeitige Ma\u00dfnahmenbeginn\u201c, der Beginn der Durchf\u00fchrung von Ma\u00dfnahmen nach Modul 4, f\u00fcr die ein F\u00f6rderantrag gestellt, aber noch nicht genehmigt wurde, l\u00e4uft Ende des Jahres 2023 aus. Folgenderma\u00dfen empfiehlt sich mit der Durchf\u00fchrung notwendiger Investitionen nicht zu z\u00f6gern. Umso wichtiger ist es jedoch, den F\u00f6rderantrag direkt m\u00f6glichst fehlerfrei und formal korrekt zu erstellen, sodass die F\u00f6rdersumme optimiert ist und die Wartezeit f\u00fcr den Zuschuss m\u00f6glichst kurz ausf\u00e4llt.<\/span><\/p>\n<h2>Weitere \u00c4nderungen ab Mai 2023<\/h2>\n<p><span style=\"font-size: 12pt;\">Bislang gab es innerhalb der EEW-F\u00f6rderung 5 Module. Das Modul 6 \u201eElektrifizierung von kleinen Unternehmen\u201c kommt neu dazu. Generell k\u00f6nnen kleine Unternehmen mit weniger als 10 Mio. \u20ac Umsatz und maximal 50 Mitarbeitern mit erh\u00f6hten F\u00f6rderquoten rechnen. Des Weiteren wird der F\u00f6rderwettbewerb gest\u00e4rkt, die Ausschreibungen finden fortan h\u00e4ufiger statt und das jeweilige Budget wird erh\u00f6ht. Im Modul 2 ist nun die Erschlie\u00dfung und Nutzbarmachung von tiefer Geothermie f\u00f6rderf\u00e4hig.<\/span><\/p>\n<p><span style=\"font-size: 12pt;\">F\u00fcr unsere Kunden halten wir insbesondere die Reduzierung der F\u00f6rderh\u00f6he f\u00fcr Transformationskonzepte relevant. Diese wird ab Mai, bis auf wenige Ausnahmen, auf 50.000 \u20ac je Vorhaben begrenzt. Die F\u00f6rderquote wird f\u00fcr Gro\u00dfunternehmen auf 40 % und f\u00fcr mittlere Unternehmen auf 50 % jeweils um 10 % gek\u00fcrzt.<\/span><\/p>\n<p><span style=\"font-size: 12pt;\">Die Inhalte der einzelnen Module haben wir Ihnen nachfolgend aktualisiert.<\/span><\/p>\n<p>&nbsp;<\/p>\n<hr \/>\n<p><strong><span style=\"font-size: 14pt; color: #b01419;\">Hinweis:<\/span><\/strong><\/p>\n<p><span style=\"font-size: 12pt;\">Gerne k\u00f6nnen wir f\u00fcr Sie eine erste Einsch\u00e4tzung hinsichtlich der F\u00f6rderf\u00e4higkeit von geplanten Ma\u00dfnahmen abgeben. Bei Bedarf k\u00f6nnen wir Sie zudem bei der <a href=\"https:\/\/gallehr.flei.dev\/de\/leistungen\/klima-und-csr-strategie\/\" target=\"_blank\" rel=\"noopener\">Erstellung der F\u00f6rderantr\u00e4ge<\/a> oder notwendigen Einsparkonzepte unterst\u00fctzen. Damit Sie einen \u00dcberblick bekommen, um welche F\u00f6rderprogramme und potentielle Summen bzw. Investitionszusch\u00fcsse es hier geht, stellen wir Ihnen in aller K\u00fcrze die etablierten <a href=\"https:\/\/www.bafa.de\/DE\/Home\/home_node.html\" target=\"_blank\" rel=\"noopener\">F\u00f6rderprogramme des BAFA<\/a> mit dem Schwerpunkt Energie- und Ressourceneffizienz vor. Falls Sie schon eine Ma\u00dfnahme geplant haben, aber noch nicht wissen, ob eine F\u00f6rderf\u00e4higkeit besteht, oder wie wirtschaftlich Sie ist, erstellen wir Ihnen auf Wunsch vorab eine <a href=\"https:\/\/gallehr.flei.dev\/de\/wirtschaftlichkeitsbewertung-von-energieeffizienzmassnahmen-nach-din-en-17463\/\">Wirtschaftlichkeitsbewertung<\/a> nach DIN EN 17463 (VALERI).<\/span><\/p>\n<hr \/>\n<p>&nbsp;<\/p>\n<h2>Bundesf\u00f6rderung f\u00fcr Energie- und Ressourceneffizienz in der Wirtschaft &#8211; Modul 1 &#8211; 6 EEW<\/h2>\n<h3><span style=\"font-size: 14pt;\"><strong>Allgemeine Neuheiten (f\u00fcr alle Module g\u00fcltig):<\/strong><\/span><\/h3>\n<p><span style=\"font-size: 12pt;\">Kleine und mittlere Unternehmen k\u00f6nnen bei Beantragungen nach AGVO gem\u00e4\u00df <a href=\"https:\/\/lexparency.de\/eu\/32014R0651\/ART_17\/\">Artikel 17 AGVO<\/a> darauf verzichten, einen komplexen Antrag zu stellen, bei dem eine nicht klimaschonende Referenzinvestition kalkuliert werden muss. Konkret k\u00f6nnen sich mittlere Unternehmen pauschal die gesamte Investition nach Modul 1-4, sowie Modul 6 mit 10 % f\u00f6rdern lassen. F\u00fcr kleine Unternehmen sind 20 % m\u00f6glich. Je nach Ma\u00dfnahme kann dies Sinn ergeben, aber auch verschwenderisch sein. F\u00fcr welche Option man sich entscheidet, sollte zuvor auf jeden Fall gepr\u00fcft werden.<\/span><\/p>\n<h3><a href=\"https:\/\/www.bafa.de\/DE\/Energie\/Energieeffizienz\/Energieeffizienz_und_Prozesswaerme\/Modul1_Querschnittstechnologien\/modul1_querschnittstechnologien_node.html\"><strong>Modul 1: Querschnittstechnologien<\/strong><\/a><\/h3>\n<p><span style=\"font-size: 12pt;\">In <a href=\"https:\/\/www.bafa.de\/DE\/Energie\/Energieeffizienz\/Energieeffizienz_und_Prozesswaerme\/Modul1_Querschnittstechnologien\/modul1_querschnittstechnologien_node.html\">Modul 1<\/a> wird die Investition in marktverf\u00fcgbare, hocheffiziente Technologien gef\u00f6rdert. Hierzu z\u00e4hlen u.a. elektrische Motoren und Antriebe, Frequenzumrichter, Pumpen, Ventilatoren und Drucklufterzeuger. Auch die D\u00e4mmung von Anlagen oder Teilen davon, sowie W\u00e4rme\u00fcbertr\u00e4ger f\u00fcr Abw\u00e4rmenutzung aus Ab- bzw. Prozesswasser sind f\u00f6rderf\u00e4hig.<\/span><\/p>\n<p><span style=\"font-size: 12pt;\">Die <a href=\"https:\/\/www.bafa.de\/DE\/Energie\/Energieeffizienz\/Energieeffizienz_und_Prozesswaerme\/Modul1_Querschnittstechnologien\/modul1_querschnittstechnologien_node.html\" target=\"_blank\" rel=\"noopener\">F\u00f6rderh\u00f6he<\/a> betr\u00e4gt <strong>max. 30 %<\/strong> der Investitions-(mehr)kosten f\u00fcr gro\u00dfe Unternehmen. Mittlere Unternehmen <strong>max.<\/strong> <strong>40 %, <\/strong>kleine Unternehmen<strong> bis zu 50 %<\/strong> Zuschuss erhalten. Die maximale F\u00f6rderh\u00f6he betr\u00e4gt in beiden F\u00e4llen <strong>200.000 \u20ac.<\/strong><\/span><\/p>\n<p><span style=\"font-size: 12pt;\">Neu seit der Novelle ist, dass D\u00e4mmungen keine Mindesteffizienzkriterien mehr erf\u00fcllen und zugeh\u00f6rige Nebenkosten nicht mehr gedeckelt werden.<\/span><\/p>\n<h3><a href=\"https:\/\/www.bafa.de\/DE\/Energie\/Energieeffizienz\/Energieeffizienz_und_Prozesswaerme\/Modul2_Prozesswaerme\/modul2_prozesswaerme_node.html\"><strong>Modul 2: Prozessw\u00e4rme aus erneuerbaren Energien<\/strong><\/a><\/h3>\n<p><span style=\"font-size: 12pt;\">In <a href=\"https:\/\/www.bafa.de\/DE\/Energie\/Energieeffizienz\/Energieeffizienz_und_Prozesswaerme\/Modul2_Prozesswaerme\/modul2_prozesswaerme_node.html\" target=\"_blank\" rel=\"noopener\">Modul 2<\/a> wird die Bereitstellung und Integration von erneuerbarer W\u00e4rme gef\u00f6rdert. Bedingung ist, dass mindestens 50 % der generierten W\u00e4rme in betrieblichen Prozessen verwendet werden. <a href=\"https:\/\/www.bafa.de\/DE\/Energie\/Energieeffizienz\/Energieeffizienz_und_Prozesswaerme\/Modul2_Prozesswaerme\/modul2_prozesswaerme_node.html\" target=\"_blank\" rel=\"noopener\">F\u00f6rderf\u00e4hig<\/a> sind u.a. Solarthermieanlagen, W\u00e4rmepumpen mit erneuerbarem Reservoir und Biomasseanlagen zur Verbrennung von Holz und pflanzlichen Abf\u00e4llen. Kraft-W\u00e4rme-Kopplungs-Anlagen (KWK-Anlagen) auf Basis erneuerbarer Energien sind ebenfalls f\u00f6rderf\u00e4hig, insofern die erzeugte W\u00e4rme \u00fcberwiegend selbst verbraucht wird. Zus\u00e4tzlich zu den Anschaffungskosten sind alle zur Inbetriebnahme notwendigen Kosten f\u00f6rderf\u00e4hig. Hierzu z\u00e4hlen z.B. Installation, Montage, zugeh\u00f6rige W\u00e4rmespeicher und Leitungen zur Anbindung an die W\u00e4rmesenke. Bauliche Ma\u00dfnahmen und MSR k\u00f6nnen ebenfalls bezuschusst werden.<\/span><\/p>\n<p><span style=\"font-size: 12pt;\">Ab Mai wird zudem die Erschlie\u00dfung und Nutzbarmachung von <strong>Tiefer Geothermie<\/strong> gef\u00f6rdert. Hierzu z\u00e4hlen auch Machbarkeitsstudien. Eine Realisierungspflicht soll nicht bestehen. Des Weiteren k\u00f6nnen mit bis zu 50 % Abw\u00e4rme betriebene W\u00e4rmepumpen \u00fcber Modul 2 gef\u00f6rdert werden.<\/span><\/p>\n<p><span style=\"font-size: 12pt;\">Die <a href=\"https:\/\/www.bafa.de\/DE\/Energie\/Energieeffizienz\/Energieeffizienz_und_Prozesswaerme\/Modul2_Prozesswaerme\/modul2_prozesswaerme_node.html\" target=\"_blank\" rel=\"noopener\">F\u00f6rderh\u00f6he<\/a> betr\u00e4gt <strong>max. 45 %<\/strong> der Investitions-(mehr)kosten f\u00fcr gro\u00dfe Unternehmen. Mittlere Unternehmen k\u00f6nnen sogar <strong>max. 55 %<\/strong> und kleine Unternehmen <strong>65 %<\/strong> Zuschuss erhalten. Die maximale F\u00f6rderh\u00f6he liegt bei beiden bei <strong>15 Mio. \u20ac.<\/strong><\/span><\/p>\n<h3><a href=\"https:\/\/www.bafa.de\/DE\/Energie\/Energieeffizienz\/Energieeffizienz_und_Prozesswaerme\/Modul3_Energiemanagementsysteme\/modul3_energiemanagementsysteme_node.html\"><strong>Modul 3: Mess-, Steuerungs- und Regelungstechnik (MSR), Sensorik und Energiemanagementsoftware<\/strong><\/a><\/h3>\n<p><span style=\"font-size: 12pt;\">In <a href=\"https:\/\/www.bafa.de\/DE\/Energie\/Energieeffizienz\/Energieeffizienz_und_Prozesswaerme\/Modul3_Energiemanagementsysteme\/modul3_energiemanagementsysteme_node.html\" target=\"_blank\" rel=\"noopener\">Modul 3<\/a> wird u.a. der Erwerb von Softwarel\u00f6sungen gef\u00f6rdert. Hier ist von entscheidender Bedeutung, dass die Software beim <a href=\"https:\/\/www.bafa.de\/DE\/Energie\/Energieeffizienz\/Energieeffizienz_und_Prozesswaerme\/Modul3_Energiemanagementsysteme\/modul3_energiemanagementsysteme_node.html\" target=\"_blank\" rel=\"noopener\">BAFA<\/a> als f\u00f6rderf\u00e4hig gelistet ist. Au\u00dferdem werden zugeh\u00f6rige Komponenten wie Sensoren, Analog-Digital-Wandler sowie Steuer- und Regelungstechnik bezuschusst. Hierbei ist darauf zu achten, dass die Software und zugeh\u00f6rige Komponenten in <strong>zertifizierte<\/strong> Energie- bzw. Umweltmanagementsysteme integriert werden m\u00fcssen. Die Liste haben wir Ihnen unter diesem <a href=\"https:\/\/www.bafa.de\/DE\/Energie\/Energieeffizienz\/Energieeffizienz_und_Prozesswaerme\/Modul3_Energiemanagementsysteme\/ems_liste_foerderfaehige_software.html?nn=11911664\">Link<\/a> bereitgestellt. Zus\u00e4tzlich zu beschriebenen Investitionskosten sind beispielsweise die Einweisung und Schulung von Personal in die gef\u00f6rderte Software durch Dritte, f\u00f6rderf\u00e4hig, Geb\u00fchren f\u00fcr Cloud-Nutzung k\u00f6nnen ebenfalls bezuschusst werden.<\/span><\/p>\n<p><span style=\"font-size: 12pt;\">Die <a href=\"https:\/\/www.bafa.de\/DE\/Energie\/Energieeffizienz\/Energieeffizienz_und_Prozesswaerme\/Modul3_Energiemanagementsysteme\/modul3_energiemanagementsysteme_node.html\" target=\"_blank\" rel=\"noopener\">F\u00f6rderh\u00f6he<\/a> betr\u00e4gt <strong>max. 30 %<\/strong> der Investitions-(mehr)kosten f\u00fcr gro\u00dfe Unternehmen. Mittlere Unternehmen k\u00f6nnen <strong>max. 40 %, <\/strong>kleine Unternehmen<strong> max. 50 %<\/strong> Zuschuss erhalten. Die maximale F\u00f6rderh\u00f6he liegt bei <strong>15 Mio. \u20ac. <\/strong>Inhaltliche \u00c4nderungen sind nicht zu erwarten.<\/span><strong><br \/>\n<\/strong><\/p>\n<h3><a href=\"https:\/\/www.bafa.de\/DE\/Energie\/Energieeffizienz\/Energieeffizienz_und_Prozesswaerme\/Modul4_Energiebezogene_Optimierung\/modul4_energiebezogene_optimierung_node.html\"><strong>Modul 4: Energie- und ressourcenbezogene Optimierung von Anlagen und Prozessen<\/strong><\/a><\/h3>\n<h4><span style=\"font-size: 12pt;\">Hintergrund<\/span><\/h4>\n<p><span style=\"font-size: 12pt;\">\u00dcber das <a href=\"https:\/\/www.bafa.de\/DE\/Energie\/Energieeffizienz\/Energieeffizienz_und_Prozesswaerme\/Modul4_Energiebezogene_Optimierung\/modul4_energiebezogene_optimierung_node.html\" target=\"_blank\" rel=\"noopener\">Modul 4<\/a> wird allgemein die Umstellung auf energie- und ressourceneffiziente Prozesse und Verfahren gef\u00f6rdert. Hierzu z\u00e4hlen u.a. die <a href=\"https:\/\/www.bafa.de\/DE\/Energie\/Energieeffizienz\/Energieeffizienz_und_Prozesswaerme\/Modul4_Energiebezogene_Optimierung\/modul4_energiebezogene_optimierung_node.html\" target=\"_blank\" rel=\"noopener\">Neu- oder Ersatzinvestition<\/a> in energieeffiziente Anlagen und Maschinen, der Austausch einzelner Komponenten oder \u00c4nderungen in der Prozessf\u00fchrung. Die Nutzung prozessbedingter Abw\u00e4rme, sowie deren Einbindung oder Verstromung, wird ebenfalls \u00fcber Modul 4 gef\u00f6rdert. Weitere F\u00f6rderm\u00f6glichkeiten bestehen in Ma\u00dfnahmen zur energieeffizienten Bel\u00fcftungs-, W\u00e4rme- und K\u00e4ltebereitstellung. Dar\u00fcber hinaus k\u00f6nnen <a href=\"https:\/\/www.bafa.de\/DE\/Energie\/Energieeffizienz\/Energieeffizienz_und_Prozesswaerme\/Modul4_Energiebezogene_Optimierung\/modul4_energiebezogene_optimierung_node.html\" target=\"_blank\" rel=\"noopener\">Ma\u00dfnahmen<\/a> zur Verlustvermeidung bezuschusst werden. Hierzu z\u00e4hlen bspw. die hydraulische Optimierung von Prozessen, die Vermeidung von Ausschuss und Abf\u00e4llen oder die Erneuerung von Druckluftleitungen.<\/span><\/p>\n<p><span style=\"font-size: 12pt;\">Ab Mai 2023 k\u00f6nnen auch Anlagen zur Erzeugung von Biogas aus pflanzlichen Abfall- und Reststoffen, Bioabf\u00e4llen oder Biomasse aus Industrieabf\u00e4llen gef\u00f6rdert werden. Zus\u00e4tzlich k\u00f6nnen in der Anlage max. 25 % pflanzliche prim\u00e4re bzw. naturbelassene Biomasse eingesetzt werden.<\/span><\/p>\n<h4><span style=\"font-size: 12pt;\">Einsparkonzept<\/span><\/h4>\n<p><span style=\"font-size: 12pt;\">Durch die Erweiterung um Ressourceneffizienz bietet die prozessspezifische Reduktion emissionsintensiver Stoffe z.B. Kupfer, Papier oder auch Wasser einen weiteren F\u00f6rdertatbestand. Zudem k\u00f6nnen alle in den vorangegangenen Modulen pr\u00e4sentierten Ma\u00dfnahmen auch in einem <a href=\"https:\/\/www.bafa.de\/DE\/Energie\/Energieeffizienz\/Energieeffizienz_und_Prozesswaerme\/Modul4_Energiebezogene_Optimierung\/modul4_energiebezogene_optimierung_node.html\" target=\"_blank\" rel=\"noopener\"><strong>Einsparkonzept<\/strong> <\/a>nach <a href=\"https:\/\/www.bafa.de\/DE\/Energie\/Energieeffizienz\/Energieeffizienz_und_Prozesswaerme\/Modul4_Energiebezogene_Optimierung\/modul4_energiebezogene_optimierung_node.html\" target=\"_blank\" rel=\"noopener\">Modul 4<\/a> kombiniert werden. Das Einsparkonzept muss u.a. Beschreibungen des Unternehmensstandorts, des IST- und SOLL-Zustands des Prozesses und der Optimierungsma\u00dfnahme beinhalten. Eine detaillierte Beschreibung der jetzigen und zuk\u00fcnftigen Energie- bzw. Ressourcenverbr\u00e4uche (Systemnutzen) ist hier ebenso gefordert wie die Quantifizierung der daraus resultierenden CO\u2082-Ersparnis. Des Weiteren ist eine Wirtschaftlichkeitsberechnung durchzuf\u00fchren. Bei diesen Punkten k\u00f6nnen wir Sie gerne bei Bedarf unterst\u00fctzen.<\/span><\/p>\n<p><span style=\"font-size: 12pt;\">Innerhalb des Einsparkonzepts wurden auch die CO<sub>2<\/sub>-Faktoren erneuert. Insbesondere sind die Faktoren f\u00fcr Strom zu nennen, der bei Energieeffizienzma\u00dfnahmen von 732 Gramm je Kilowattstunde auf 435 g \/ kWh und bei einem Energietr\u00e4gerwechsel von 366 g \/ kWh auf 107 g \/ kWh gesenkt wurden. Strom aus erneuerbaren Quellen, der selbst oder \u00fcber Power Purchase Agreements (PPAs) erzeugt wurde, kann mit dem Faktor 0 angerechnet werden. Damit m\u00f6chte sich der F\u00f6rdergeber &#8222;an die Realit\u00e4t anpassen&#8220;.<\/span><\/p>\n<h4><span style=\"font-size: 12pt;\">F\u00f6rderquoten<\/span><\/h4>\n<p><span style=\"font-size: 12pt;\">Die <a href=\"https:\/\/www.bafa.de\/DE\/Energie\/Energieeffizienz\/Energieeffizienz_und_Prozesswaerme\/Modul4_Energiebezogene_Optimierung\/modul4_energiebezogene_optimierung_node.html\" target=\"_blank\" rel=\"noopener\">F\u00f6rderh\u00f6he<\/a> betr\u00e4gt <strong>max. 30 %<\/strong> der Investitions-(mehr)kosten f\u00fcr gro\u00dfe Unternehmen. Mittlere Unternehmen k\u00f6nnen <strong>max. 40 %<\/strong> und kleine Unternehmen <strong>bis zu 50 %<\/strong> F\u00f6rderung erhalten. Die maximale F\u00f6rderh\u00f6he liegt bei <strong>15 Mio. \u20ac. <\/strong>Eine weitere Deckelung der F\u00f6rdersumme liegt in der Begrenzung von <strong>500 \u20ac<\/strong> f\u00fcr <strong>Gro\u00dfunternehmen<\/strong> und <strong>900 \u20ac<\/strong> f\u00fcr mittlere Unternehmen und 1.200 \u20ac f\u00fcr kleine Unternehmen je <strong>j\u00e4hrlich eingesparter Tonne CO\u2082. <\/strong>Ein weiterer limitierender Faktor ist hier die <strong>Mindestamortisationsdauer<\/strong> (ohne F\u00f6rderung) von <strong>drei Jahren<\/strong>.<\/span><\/p>\n<h3><a href=\"https:\/\/www.bafa.de\/DE\/Energie\/Energieeffizienz\/Energieeffizienz_und_Prozesswaerme\/Modul5_Transformationskonzepte\/modul5_transformationskonzepte_node.html\"><strong>Modul 5: Transformationskonzept<\/strong><\/a><\/h3>\n<p><span style=\"font-size: 12pt;\">Seit November 2021 werden <a href=\"https:\/\/www.bafa.de\/DE\/Energie\/Energieeffizienz\/Energieeffizienz_und_Prozesswaerme\/Modul5_Transformationskonzepte\/modul5_transformationskonzepte_node.html\" target=\"_blank\" rel=\"noopener\">Transformationskonzepte<\/a> in Richtung Klimaneutralit\u00e4t gef\u00f6rdert. Kern und Basis von Transformationskonzepten ist eine detaillierte standortbezogene Treibhausgasbilanz (Corporate Carbon Footprint) gem\u00e4\u00df GHG-Protocol oder ISO 14064-1. Das Mindestziel des <a href=\"https:\/\/www.bafa.de\/DE\/Energie\/Energieeffizienz\/Energieeffizienz_und_Prozesswaerme\/Modul5_Transformationskonzepte\/modul5_transformationskonzepte_node.html\" target=\"_blank\" rel=\"noopener\">Transformationskonzeptes<\/a> ist die Treibhausgasreduktion um 40 % innerhalb von zehn Jahren. Ein konkreter Ma\u00dfnahmenplan zur Erreichung der Ziele ist ebenfalls zu erarbeiten. Des Weiteren muss das Transformationskonzept mindestens eine nach Modul 4 f\u00f6rderf\u00e4hige Ma\u00dfnahme beinhalten.<\/span><\/p>\n<p><span style=\"font-size: 12pt;\">Die <a href=\"https:\/\/www.bafa.de\/DE\/Energie\/Energieeffizienz\/Energieeffizienz_und_Prozesswaerme\/Modul5_Transformationskonzepte\/modul5_transformationskonzepte_node.html\" target=\"_blank\" rel=\"noopener\">F\u00f6rderh\u00f6he<\/a> betr\u00e4gt ab Mai <strong>max. 40 % <\/strong>f\u00fcr gro\u00dfe Unternehmen, <strong>50% f\u00fcr mittlere und 60 % <\/strong>f\u00fcr<strong> kleine Unternehmen. <\/strong>Die<strong> F\u00f6rdersumme <\/strong>ist auf<strong> 50.000 \u20ac <\/strong>limitiert. F\u00fcr Unternehmen die an einem Netzwerk der<a href=\"https:\/\/www.effizienznetzwerke.org\/\"> <strong>Initiative Energieeffizienz- und Klimaschutz-Netzwerke (IEEKN)<\/strong><\/a> ist ein Bonus geplant. F\u00fcr solche Unternehmen steigt der F\u00f6rdersatz um je <strong>10 % <\/strong>bzw. auf <strong>80.000 \u20ac<\/strong>.<\/span><\/p>\n<p><span style=\"font-size: 12pt;\">Hier ist von Vorteil, dass das de-minimis Budget, das F\u00f6rderbudget, das nach EU-Recht jedem Unternehmen zusteht, nicht angetastet wird. Alle bereits beim Antrag ber\u00fccksichtigten Kosten, insb. das vollst\u00e4ndige Honorar f\u00fcr die Beratungsdienstleistungen sowie m\u00f6gliche Potentialstudien, zur Bestimmung des energetischen IST-Zustands z.B. Statikpr\u00fcfung von D\u00e4chern f\u00fcr Photovoltaikanlagen etc. k\u00f6nnen in den F\u00f6rderantrag einbezogen werden.<\/span><\/p>\n<p><span style=\"font-size: 12pt;\"><a href=\"https:\/\/gallehr.flei.dev\/de\/leistungen\/klima-und-csr-strategie\/\">GALLEHR+PARTNER<sup>\u00ae<\/sup><\/a> hat bereits die ersten gef\u00f6rderten <a href=\"https:\/\/gallehr.flei.dev\/de\/leistungen\/klima-und-csr-strategie\/\">Transformationskonzepte und Klimastrategien<\/a> realisiert und unterst\u00fctzt Sie gerne auf dem Weg in Richtung <a href=\"https:\/\/www.bafa.de\/DE\/Energie\/Energieeffizienz\/Energieeffizienz_und_Prozesswaerme\/Modul5_Transformationskonzepte\/modul5_transformationskonzepte_node.html\" target=\"_blank\" rel=\"noopener\">Klimaneutralit\u00e4t<\/a>.<\/span><\/p>\n<h3>Modul 6: Elektrifizierung kleiner Unternehmen<\/h3>\n<p><span style=\"font-size: 12pt;\">Antragsberechtigt sind f\u00fcr dieses F\u00f6rderprogramm Klein- und Kleinstunternehmen. Gef\u00f6rdert wird der Austausch vorhandener, mindestens f\u00fcnf Jahre alter Produktionsanlagen, die derzeit mit Erdas, Kohle oder Erd\u00f6l bzw. darauf basierenden Brennstoffen betrieben werden. Die neuen bzw. umger\u00fcsteten Anlagen d\u00fcrfen fortan nur elektrisch betrieben werden. Ausnahmen bestehen in der direkten Nutzung eneuerbarer aerothermischer, hydrothermischer oder geothermischer W\u00e4rme, sowie Sonnenstrahlung und Abw\u00e4rme.<\/span><\/p>\n<p><span style=\"font-size: 12pt;\">Die F\u00f6rderh\u00f6he betr\u00e4gt nach AGVO <strong>20 %<\/strong> der f\u00f6rderf\u00e4higen Kosten, nach de-minimis <strong>33 %<\/strong>. Die Nebenkosten werden auf 30 % der f\u00f6rderf\u00e4higen Kosten gedeckelt, die Mindestinvestition liegt bei 2.000 \u20ac. Maximal wird ein einzelnes Vorhaben mit <strong>200.000 \u20ac<\/strong> gef\u00f6rdert. Vorteil dieses Moduls besteht darin, dass die beantragenden Unternehmen kein Einsparkonzept einreichen m\u00fcssen und sich somit der Antrag simpler gestaltet.<\/span><\/p>\n<h2>Tabellarische Zusammenfassung Modul 1 &#8211; 6 EEW<\/h2>\n<figure id=\"attachment_86180\" aria-describedby=\"caption-attachment-86180\" style=\"width: 1352px\" class=\"wp-caption aligncenter\"><a href=\"https:\/\/gallehr.flei.dev\/\" target=\"_blank\" rel=\"noopener\"><img decoding=\"async\" class=\"wp-image-86180 size-full\" src=\"https:\/\/gallehr.flei.dev\/wordpress\/wp-content\/uploads\/2023\/04\/Tabelle-Foerdermodule-Kurzbeschreibung.jpg\" alt=\"F\u00f6rderf\u00e4hige Energieeffizienzma\u00dfnahmen, Vorzeitiger Ma\u00dfnahmenbeginn, BAFA, Modul 1 \u2013 5 EEW, Bundesf\u00f6rderung, Transformationskonzept, Modul 1, Modul 2, Modul 3, Modul4, Modul 5, Modul 6\" width=\"1352\" height=\"893\" srcset=\"https:\/\/gallehr.flei.dev\/wp-content\/uploads\/2023\/04\/Tabelle-Foerdermodule-Kurzbeschreibung.jpg 1352w, https:\/\/gallehr.flei.dev\/wp-content\/uploads\/2023\/04\/Tabelle-Foerdermodule-Kurzbeschreibung-300x198.jpg 300w, https:\/\/gallehr.flei.dev\/wp-content\/uploads\/2023\/04\/Tabelle-Foerdermodule-Kurzbeschreibung-1024x676.jpg 1024w, https:\/\/gallehr.flei.dev\/wp-content\/uploads\/2023\/04\/Tabelle-Foerdermodule-Kurzbeschreibung-768x507.jpg 768w, https:\/\/gallehr.flei.dev\/wp-content\/uploads\/2023\/04\/Tabelle-Foerdermodule-Kurzbeschreibung-350x231.jpg 350w\" sizes=\"(max-width: 1352px) 100vw, 1352px\" \/><\/a><figcaption id=\"caption-attachment-86180\" class=\"wp-caption-text\">Bundesf\u00f6rderung \u2013 Modul 1 &#8211; 6<\/figcaption><\/figure>\n<p><strong><a href=\"https:\/\/gallehr.flei.dev\/\" target=\"_blank\" rel=\"noopener\">GALLEHR+PARTNER<sup>\u00ae<\/sup><\/a> ist seit 2007 der <a href=\"https:\/\/gallehr.flei.dev\/leistungen\/\" target=\"_blank\" rel=\"noopener\">erfahrene Lotse<\/a> f\u00fcr die Wirtschaft auf dem Weg zur CO\u2082-Neutralit\u00e4t. Zu dem Kundenstamm von GALLEHR+PARTNER<sup>\u00ae<\/sup> geh\u00f6rt eine Vielzahl national und international renommierter Unternehmen. Diese ber\u00e4t und unterst\u00fctzen wir teilweise bis zur vollst\u00e4ndigen eigenverantwortlichen \u00dcbernahme relevanter Prozesse inkl. bei <a href=\"https:\/\/gallehr.flei.dev\/leistungen\/verpflichtender-emissionshandel-eu-und-de\/\" target=\"_blank\" rel=\"noopener\">Fragen<\/a> rund um die Antragstellung zur Strompreiskompensation der deutschen Emissionshandelsstelle (DEHSt).<\/strong><\/p>\n<h3><strong>Folgende weitere T\u00e4tigkeiten f\u00fchren wir in diesem Umfeld gerne f\u00fcr Sie durch:<\/strong><\/h3>\n<ul>\n<li><a href=\"https:\/\/gallehr.flei.dev\/leistungen\/\" target=\"_blank\" rel=\"noopener\">Unterst\u00fctzungsarbeit bei der Antragstellung auf Strompreiskompensation\u00a0 <\/a><\/li>\n<li><a href=\"https:\/\/gallehr.flei.dev\/de\/leistungen\/verpflichtender-emissionshandel-eu-und-de\/\" target=\"_blank\" rel=\"noopener\">BEHG-Carbon-Leakage Verordnung (BECV) &#8211; Beantragung<\/a><\/li>\n<li><a href=\"https:\/\/gallehr.flei.dev\/de\/leistungen\/klima-und-csr-strategie\/\" target=\"_blank\" rel=\"noopener\">Wirtschaftlichkeitsbewertung von Energieeffizienzma\u00dfnahmen nach DIN EN 17463 &#8211; VALERI<\/a><\/li>\n<li><a href=\"https:\/\/gallehr.flei.dev\/leistungen\/managementsysteme\/\" target=\"_blank\" rel=\"noopener\">Entwicklung, Einf\u00fchrung und Betrieb von Energie-, Umwelt- und Klimamanagementsystemen<\/a><\/li>\n<\/ul>\n","protected":false},"excerpt":{"rendered":"<p>F\u00f6rderf\u00e4hige Energieeffizienzma\u00dfnahmen nach Modul 1 &#8211; 6 EEW &#8211; Novellierung ab Mai 2023 Zul\u00e4ssiger vorzeitiger Ma\u00dfnahmenbeginn bei gef\u00f6rderten Energieeffizienzma\u00dfnahmen nach [&hellip;]<\/p>\n","protected":false},"author":10,"featured_media":0,"comment_status":"closed","ping_status":"closed","sticky":false,"template":"","format":"standard","meta":{"footnotes":""},"categories":[180,178],"tags":[743,758,217,741,742],"class_list":["post-86175","post","type-post","status-publish","format-standard","hentry","category-news","category-archiv","tag-vorzeitiger-massnahmenbeginn","tag-modul-1-6-eew","tag-bafa","tag-bundesfoerderung","tag-foerderfaehige-energieeffizienzmassnahmen"],"_links":{"self":[{"href":"https:\/\/gallehr.flei.dev\/de\/wp-json\/wp\/v2\/posts\/86175","targetHints":{"allow":["GET"]}}],"collection":[{"href":"https:\/\/gallehr.flei.dev\/de\/wp-json\/wp\/v2\/posts"}],"about":[{"href":"https:\/\/gallehr.flei.dev\/de\/wp-json\/wp\/v2\/types\/post"}],"author":[{"embeddable":true,"href":"https:\/\/gallehr.flei.dev\/de\/wp-json\/wp\/v2\/users\/10"}],"replies":[{"embeddable":true,"href":"https:\/\/gallehr.flei.dev\/de\/wp-json\/wp\/v2\/comments?post=86175"}],"version-history":[{"count":0,"href":"https:\/\/gallehr.flei.dev\/de\/wp-json\/wp\/v2\/posts\/86175\/revisions"}],"wp:attachment":[{"href":"https:\/\/gallehr.flei.dev\/de\/wp-json\/wp\/v2\/media?parent=86175"}],"wp:term":[{"taxonomy":"category","embeddable":true,"href":"https:\/\/gallehr.flei.dev\/de\/wp-json\/wp\/v2\/categories?post=86175"},{"taxonomy":"post_tag","embeddable":true,"href":"https:\/\/gallehr.flei.dev\/de\/wp-json\/wp\/v2\/tags?post=86175"}],"curies":[{"name":"wp","href":"https:\/\/api.w.org\/{rel}","templated":true}]}}